{"id":24891,"date":"2023-06-09T22:33:32","date_gmt":"2023-06-09T21:33:32","guid":{"rendered":"https:\/\/ostrowskatv.pl\/?p=24891"},"modified":"2023-06-09T22:33:32","modified_gmt":"2023-06-09T21:33:32","slug":"zawiesil-sie-na-plocie","status":"publish","type":"post","link":"https:\/\/ostrowskatv.pl\/?p=24891","title":{"rendered":"Zawiesi\u0142 si\u0119 na p\u0142ocie"},"content":{"rendered":"<p><strong>O godzinie 23 w Ostrowie Wielkopolskim rozleg\u0142 si\u0119 d\u017awi\u0119k syren. Powodem by\u0142o dramatyczne zg\u0142oszenie, \u017ce syn zg\u0142aszaj\u0105cych zawiesi\u0142 si\u0119 na p\u0142ocie.<\/strong><\/p>\n<p>Faktycznie na spiczastym zako\u0144czeniu ogrodzenia wisia\u0142 g\u0142ow\u0105 w d\u00f3\u0142 m\u0119\u017cczyzna. Z relacji \u015bwiadk\u00f3w wynika, \u017ce pechowiec wraca\u0142 do domu i chcia\u0142 pokona\u0107 ogrodzenie przez wn\u0119k\u0119 na \u015bmietnik.<\/p>\n<p>Tam najprawdopodobniej po\u015blizgn\u0105\u0142 si\u0119. Noga na wysoko\u015bci \u0142ydki nadzia\u0142a si\u0119 na p\u0142ot, a m\u0119\u017cczyzna z g\u0142ow\u0105 w \u015bmietniku oczekiwa\u0142 a\u017c kto\u015b go znajdzie.<\/p>\n<p>Jego rodzice zorientowali si\u0119, \u017ce ich syn uton\u0105\u0142 na ogrodzeniu. Wezwali s\u0142u\u017cby ratunkowe. Stra\u017cacy dotarli jako pierwsi i przy u\u017cyciu sprz\u0119tu hydraulicznego uwolnili m\u0119\u017cczyzn\u0119. Nast\u0119pnie przekazali go zespo\u0142owi ratownictwa medycznego.<\/p>\n<p>Do zdarzenia dosz\u0142o w rejonie ulic Strzeleckiej i Led\u00f3chowskiego w Ostrowie Wielkopolskim. <\/p>\n<p><img loading=\"lazy\" decoding=\"async\" src=\"https:\/\/ostrowskatv.pl\/wp-content\/uploads\/2023\/06\/20230609_230531-01.jpeg\" alt=\"\" width=\"1366\" height=\"1166\" class=\"alignnone size-full wp-image-24892\" srcset=\"https:\/\/ostrowskatv.pl\/wp-content\/uploads\/2023\/06\/20230609_230531-01.jpeg 1366w, https:\/\/ostrowskatv.pl\/wp-content\/uploads\/2023\/06\/20230609_230531-01-300x256.jpeg 300w, https:\/\/ostrowskatv.pl\/wp-content\/uploads\/2023\/06\/20230609_230531-01-1333x1138.jpeg 1333w\" sizes=\"auto, (max-width: 1366px) 100vw, 1366px\" \/><\/p>\n<p><img loading=\"lazy\" decoding=\"async\" src=\"https:\/\/ostrowskatv.pl\/wp-content\/uploads\/2023\/06\/20230609_230537-01.jpeg\" alt=\"\" width=\"957\" height=\"1366\" class=\"alignnone size-full wp-image-24893\" srcset=\"https:\/\/ostrowskatv.pl\/wp-content\/uploads\/2023\/06\/20230609_230537-01.jpeg 957w, https:\/\/ostrowskatv.pl\/wp-content\/uploads\/2023\/06\/20230609_230537-01-210x300.jpeg 210w, https:\/\/ostrowskatv.pl\/wp-content\/uploads\/2023\/06\/20230609_230537-01-934x1333.jpeg 934w\" sizes=\"auto, (max-width: 957px) 100vw, 957px\" \/><\/p>\n<p><img loading=\"lazy\" decoding=\"async\" src=\"https:\/\/ostrowskatv.pl\/wp-content\/uploads\/2023\/06\/20230609_230821-01.jpeg\" alt=\"\" width=\"1365\" height=\"706\" class=\"alignnone size-full wp-image-24894\" srcset=\"https:\/\/ostrowskatv.pl\/wp-content\/uploads\/2023\/06\/20230609_230821-01.jpeg 1365w, https:\/\/ostrowskatv.pl\/wp-content\/uploads\/2023\/06\/20230609_230821-01-300x155.jpeg 300w, https:\/\/ostrowskatv.pl\/wp-content\/uploads\/2023\/06\/20230609_230821-01-1333x689.jpeg 1333w\" sizes=\"auto, (max-width: 1365px) 100vw, 1365px\" \/><\/p>\n<p><img loading=\"lazy\" decoding=\"async\" src=\"https:\/\/ostrowskatv.pl\/wp-content\/uploads\/2023\/06\/20230609_230854-01.jpeg\" alt=\"\" width=\"1366\" height=\"780\" class=\"alignnone size-full wp-image-24895\" srcset=\"https:\/\/ostrowskatv.pl\/wp-content\/uploads\/2023\/06\/20230609_230854-01.jpeg 1366w, https:\/\/ostrowskatv.pl\/wp-content\/uploads\/2023\/06\/20230609_230854-01-300x171.jpeg 300w, https:\/\/ostrowskatv.pl\/wp-content\/uploads\/2023\/06\/20230609_230854-01-1333x761.jpeg 1333w\" sizes=\"auto, (max-width: 1366px) 100vw, 1366px\" \/><\/p>\n<p><img loading=\"lazy\" decoding=\"async\" src=\"https:\/\/ostrowskatv.pl\/wp-content\/uploads\/2023\/06\/20230609_231510-01.jpeg\" alt=\"\" width=\"748\" height=\"1366\" class=\"alignnone size-full wp-image-24896\" srcset=\"https:\/\/ostrowskatv.pl\/wp-content\/uploads\/2023\/06\/20230609_231510-01.jpeg 748w, https:\/\/ostrowskatv.pl\/wp-content\/uploads\/2023\/06\/20230609_231510-01-164x300.jpeg 164w, https:\/\/ostrowskatv.pl\/wp-content\/uploads\/2023\/06\/20230609_231510-01-730x1333.jpeg 730w\" sizes=\"auto, (max-width: 748px) 100vw, 748px\" \/><\/p>\n<p><img loading=\"lazy\" decoding=\"async\" src=\"https:\/\/ostrowskatv.pl\/wp-content\/uploads\/2023\/06\/20230609_231248-01.jpeg\" alt=\"\" width=\"1365\" height=\"739\" class=\"alignnone size-full wp-image-24897\" srcset=\"https:\/\/ostrowskatv.pl\/wp-content\/uploads\/2023\/06\/20230609_231248-01.jpeg 1365w, https:\/\/ostrowskatv.pl\/wp-content\/uploads\/2023\/06\/20230609_231248-01-300x162.jpeg 300w, https:\/\/ostrowskatv.pl\/wp-content\/uploads\/2023\/06\/20230609_231248-01-1333x722.jpeg 1333w\" sizes=\"auto, (max-width: 1365px) 100vw, 1365px\" \/><\/p>\n<p><img loading=\"lazy\" decoding=\"async\" src=\"https:\/\/ostrowskatv.pl\/wp-content\/uploads\/2023\/06\/20230609_231355-01.jpeg\" alt=\"\" width=\"1366\" height=\"769\" class=\"alignnone size-full wp-image-24898\" srcset=\"https:\/\/ostrowskatv.pl\/wp-content\/uploads\/2023\/06\/20230609_231355-01.jpeg 1366w, https:\/\/ostrowskatv.pl\/wp-content\/uploads\/2023\/06\/20230609_231355-01-300x169.jpeg 300w, https:\/\/ostrowskatv.pl\/wp-content\/uploads\/2023\/06\/20230609_231355-01-1333x750.jpeg 1333w\" sizes=\"auto, (max-width: 1366px) 100vw, 1366px\" \/><\/p>\n<p><img loading=\"lazy\" decoding=\"async\" src=\"https:\/\/ostrowskatv.pl\/wp-content\/uploads\/2023\/06\/20230609_231527-01.jpeg\" alt=\"\" width=\"1366\" height=\"1007\" class=\"alignnone size-full wp-image-24899\" srcset=\"https:\/\/ostrowskatv.pl\/wp-content\/uploads\/2023\/06\/20230609_231527-01.jpeg 1366w, https:\/\/ostrowskatv.pl\/wp-content\/uploads\/2023\/06\/20230609_231527-01-300x221.jpeg 300w, https:\/\/ostrowskatv.pl\/wp-content\/uploads\/2023\/06\/20230609_231527-01-1333x983.jpeg 1333w\" sizes=\"auto, (max-width: 1366px) 100vw, 1366px\" \/><\/p>\n","protected":false},"excerpt":{"rendered":"O godzinie 23 w Ostrowie Wielkopolskim rozleg\u0142 si\u0119 d\u017awi\u0119k syren. Powodem by\u0142o dramatyczne zg\u0142oszenie, \u017ce syn zg\u0142aszaj\u0105cych zawiesi\u0142 si\u0119 na p\u0142ocie. Faktycznie na \n<a class=\"moretag\" href=\"https:\/\/ostrowskatv.pl\/?p=24891\"> [...]<\/a>","protected":false},"author":1,"featured_media":24898,"comment_status":"open","ping_status":"closed","sticky":false,"template":"","format":"standard","meta":{"footnotes":""},"categories":[1],"tags":[],"class_list":["post-24891","post","type-post","status-publish","format-standard","has-post-thumbnail","hentry","category-news"],"_links":{"self":[{"href":"https:\/\/ostrowskatv.pl\/index.php?rest_route=\/wp\/v2\/posts\/24891","targetHints":{"allow":["GET"]}}],"collection":[{"href":"https:\/\/ostrowskatv.pl\/index.php?rest_route=\/wp\/v2\/posts"}],"about":[{"href":"https:\/\/ostrowskatv.pl\/index.php?rest_route=\/wp\/v2\/types\/post"}],"author":[{"embeddable":true,"href":"https:\/\/ostrowskatv.pl\/index.php?rest_route=\/wp\/v2\/users\/1"}],"replies":[{"embeddable":true,"href":"https:\/\/ostrowskatv.pl\/index.php?rest_route=%2Fwp%2Fv2%2Fcomments&post=24891"}],"version-history":[{"count":0,"href":"https:\/\/ostrowskatv.pl\/index.php?rest_route=\/wp\/v2\/posts\/24891\/revisions"}],"wp:featuredmedia":[{"embeddable":true,"href":"https:\/\/ostrowskatv.pl\/index.php?rest_route=\/wp\/v2\/media\/24898"}],"wp:attachment":[{"href":"https:\/\/ostrowskatv.pl\/index.php?rest_route=%2Fwp%2Fv2%2Fmedia&parent=24891"}],"wp:term":[{"taxonomy":"category","embeddable":true,"href":"https:\/\/ostrowskatv.pl\/index.php?rest_route=%2Fwp%2Fv2%2Fcategories&post=24891"},{"taxonomy":"post_tag","embeddable":true,"href":"https:\/\/ostrowskatv.pl\/index.php?rest_route=%2Fwp%2Fv2%2Ftags&post=24891"}],"curies":[{"name":"wp","href":"https:\/\/api.w.org\/{rel}","templated":true}]}}