{"id":24883,"date":"2023-06-09T18:23:59","date_gmt":"2023-06-09T17:23:59","guid":{"rendered":"https:\/\/ostrowskatv.pl\/?p=24883"},"modified":"2023-06-09T18:23:59","modified_gmt":"2023-06-09T17:23:59","slug":"zderzenie-2-busow-i-osobowki-na-kordeckiego","status":"publish","type":"post","link":"https:\/\/ostrowskatv.pl\/?p=24883","title":{"rendered":"Zderzenie 2 bus\u00f3w i osob\u00f3wki na Kordeckiego"},"content":{"rendered":"<p><strong>Oko\u0142o godziny 17.30 dosz\u0142o do zderzenia dw\u00f3ch bus\u00f3w oraz samochodu osobowego na skrzy\u017cowaniu ulic Traugutta i Kordeckiego w Ostrowie Wielkopolskim. Interweniowali stra\u017cacy, pogotowie oraz policja. <\/strong><\/p>\n<p>Ze wst\u0119pnych ustale\u0144 wynika, \u017ce sygnalizacja \u015bwietlna by\u0142a nieczynna po ostatnim wypadku. Kieruj\u0105ca busem renault trafic zignorowa\u0142a stop i zderzy\u0142a si\u0119 z osobowym peugeotem, kt\u00f3rym jecha\u0142a druga kobieta.<\/p>\n<p>Bus sprawczyni pojecha\u0142 dalej i uderzy\u0142 w stoj\u0105cy jako drugi bus poczty polskiej.<\/p>\n<p>Pierwotnie na ma\u0142e dolegliwo\u015bci uskar\u017ca\u0142a si\u0119 pasa\u017cerka z busa renault oraz po chwili kierowca z poczty. Ostatecznie nikogo do szpitala nie zabrano.<\/p>\n<p>Apelujemy o ostro\u017cno\u015b\u0107 w najbli\u017cszych dniach do czasu naprawienia sygnalizacji.<\/p>\n<p><img loading=\"lazy\" decoding=\"async\" src=\"https:\/\/ostrowskatv.pl\/wp-content\/uploads\/2023\/06\/20230609_173555-01.jpeg\" alt=\"\" width=\"1366\" height=\"753\" class=\"alignnone size-full wp-image-24884\" srcset=\"https:\/\/ostrowskatv.pl\/wp-content\/uploads\/2023\/06\/20230609_173555-01.jpeg 1366w, https:\/\/ostrowskatv.pl\/wp-content\/uploads\/2023\/06\/20230609_173555-01-300x165.jpeg 300w, https:\/\/ostrowskatv.pl\/wp-content\/uploads\/2023\/06\/20230609_173555-01-1333x735.jpeg 1333w\" sizes=\"auto, (max-width: 1366px) 100vw, 1366px\" \/><\/p>\n<p><img loading=\"lazy\" decoding=\"async\" src=\"https:\/\/ostrowskatv.pl\/wp-content\/uploads\/2023\/06\/20230609_173611-01.jpeg\" alt=\"\" width=\"1366\" height=\"769\" class=\"alignnone size-full wp-image-24885\" srcset=\"https:\/\/ostrowskatv.pl\/wp-content\/uploads\/2023\/06\/20230609_173611-01.jpeg 1366w, https:\/\/ostrowskatv.pl\/wp-content\/uploads\/2023\/06\/20230609_173611-01-300x169.jpeg 300w, https:\/\/ostrowskatv.pl\/wp-content\/uploads\/2023\/06\/20230609_173611-01-1333x750.jpeg 1333w\" sizes=\"auto, (max-width: 1366px) 100vw, 1366px\" \/><\/p>\n<p><img loading=\"lazy\" decoding=\"async\" src=\"https:\/\/ostrowskatv.pl\/wp-content\/uploads\/2023\/06\/20230609_173615-01.jpeg\" alt=\"\" width=\"1366\" height=\"769\" class=\"alignnone size-full wp-image-24886\" srcset=\"https:\/\/ostrowskatv.pl\/wp-content\/uploads\/2023\/06\/20230609_173615-01.jpeg 1366w, https:\/\/ostrowskatv.pl\/wp-content\/uploads\/2023\/06\/20230609_173615-01-300x169.jpeg 300w, https:\/\/ostrowskatv.pl\/wp-content\/uploads\/2023\/06\/20230609_173615-01-1333x750.jpeg 1333w\" sizes=\"auto, (max-width: 1366px) 100vw, 1366px\" \/><\/p>\n<p><img loading=\"lazy\" decoding=\"async\" src=\"https:\/\/ostrowskatv.pl\/wp-content\/uploads\/2023\/06\/20230609_174117-01.jpeg\" alt=\"\" width=\"1366\" height=\"769\" class=\"alignnone size-full wp-image-24887\" srcset=\"https:\/\/ostrowskatv.pl\/wp-content\/uploads\/2023\/06\/20230609_174117-01.jpeg 1366w, https:\/\/ostrowskatv.pl\/wp-content\/uploads\/2023\/06\/20230609_174117-01-300x169.jpeg 300w, https:\/\/ostrowskatv.pl\/wp-content\/uploads\/2023\/06\/20230609_174117-01-1333x750.jpeg 1333w\" sizes=\"auto, (max-width: 1366px) 100vw, 1366px\" \/><\/p>\n<p><img loading=\"lazy\" decoding=\"async\" src=\"https:\/\/ostrowskatv.pl\/wp-content\/uploads\/2023\/06\/20230609_174123-01.jpeg\" alt=\"\" width=\"769\" height=\"1366\" class=\"alignnone size-full wp-image-24888\" srcset=\"https:\/\/ostrowskatv.pl\/wp-content\/uploads\/2023\/06\/20230609_174123-01.jpeg 769w, https:\/\/ostrowskatv.pl\/wp-content\/uploads\/2023\/06\/20230609_174123-01-169x300.jpeg 169w, https:\/\/ostrowskatv.pl\/wp-content\/uploads\/2023\/06\/20230609_174123-01-750x1333.jpeg 750w\" sizes=\"auto, (max-width: 769px) 100vw, 769px\" \/><\/p>\n<p><img loading=\"lazy\" decoding=\"async\" src=\"https:\/\/ostrowskatv.pl\/wp-content\/uploads\/2023\/06\/20230609_174154-01.jpeg\" alt=\"\" width=\"1366\" height=\"710\" class=\"alignnone size-full wp-image-24889\" srcset=\"https:\/\/ostrowskatv.pl\/wp-content\/uploads\/2023\/06\/20230609_174154-01.jpeg 1366w, https:\/\/ostrowskatv.pl\/wp-content\/uploads\/2023\/06\/20230609_174154-01-300x156.jpeg 300w, https:\/\/ostrowskatv.pl\/wp-content\/uploads\/2023\/06\/20230609_174154-01-1333x693.jpeg 1333w\" sizes=\"auto, (max-width: 1366px) 100vw, 1366px\" \/><\/p>\n","protected":false},"excerpt":{"rendered":"Oko\u0142o godziny 17.30 dosz\u0142o do zderzenia dw\u00f3ch bus\u00f3w oraz samochodu osobowego na skrzy\u017cowaniu ulic Traugutta i Kordeckiego w Ostrowie Wielkopolskim. Interweniowali stra\u017cacy, pogotowie \n<a class=\"moretag\" href=\"https:\/\/ostrowskatv.pl\/?p=24883\"> [...]<\/a>","protected":false},"author":1,"featured_media":24884,"comment_status":"open","ping_status":"closed","sticky":false,"template":"","format":"standard","meta":{"footnotes":""},"categories":[1],"tags":[2],"class_list":["post-24883","post","type-post","status-publish","format-standard","has-post-thumbnail","hentry","category-news","tag-ostrow-wielkopolski"],"_links":{"self":[{"href":"https:\/\/ostrowskatv.pl\/index.php?rest_route=\/wp\/v2\/posts\/24883","targetHints":{"allow":["GET"]}}],"collection":[{"href":"https:\/\/ostrowskatv.pl\/index.php?rest_route=\/wp\/v2\/posts"}],"about":[{"href":"https:\/\/ostrowskatv.pl\/index.php?rest_route=\/wp\/v2\/types\/post"}],"author":[{"embeddable":true,"href":"https:\/\/ostrowskatv.pl\/index.php?rest_route=\/wp\/v2\/users\/1"}],"replies":[{"embeddable":true,"href":"https:\/\/ostrowskatv.pl\/index.php?rest_route=%2Fwp%2Fv2%2Fcomments&post=24883"}],"version-history":[{"count":0,"href":"https:\/\/ostrowskatv.pl\/index.php?rest_route=\/wp\/v2\/posts\/24883\/revisions"}],"wp:featuredmedia":[{"embeddable":true,"href":"https:\/\/ostrowskatv.pl\/index.php?rest_route=\/wp\/v2\/media\/24884"}],"wp:attachment":[{"href":"https:\/\/ostrowskatv.pl\/index.php?rest_route=%2Fwp%2Fv2%2Fmedia&parent=24883"}],"wp:term":[{"taxonomy":"category","embeddable":true,"href":"https:\/\/ostrowskatv.pl\/index.php?rest_route=%2Fwp%2Fv2%2Fcategories&post=24883"},{"taxonomy":"post_tag","embeddable":true,"href":"https:\/\/ostrowskatv.pl\/index.php?rest_route=%2Fwp%2Fv2%2Ftags&post=24883"}],"curies":[{"name":"wp","href":"https:\/\/api.w.org\/{rel}","templated":true}]}}