{"id":24877,"date":"2023-06-09T13:53:12","date_gmt":"2023-06-09T12:53:12","guid":{"rendered":"https:\/\/ostrowskatv.pl\/?p=24877"},"modified":"2023-06-09T13:53:12","modified_gmt":"2023-06-09T12:53:12","slug":"kontrowersyjna-palma","status":"publish","type":"post","link":"https:\/\/ostrowskatv.pl\/?p=24877","title":{"rendered":"Kontrowersyjna palma"},"content":{"rendered":"<p><strong>Na kaliskim Rynku stan\u0119\u0142a palma. Przyjecha\u0142a z W\u0142och i jest gatunkiem mrozoodpornym. Mieszka\u0144com Kalisza i turystom ma przypomina\u0107 o zbli\u017caj\u0105cych si\u0119 wakacjach i nastraja\u0107 pozytywnie. Jednak cz\u0119\u015b\u0107 mieszka\u0144c\u00f3w &#8222;Kaliszforni&#8221; uwa\u017ca, \u017ce palemka na betonozie nie pasuje.<\/strong><\/p>\n<p>Palma w g\u0142\u00f3wnym za\u0142o\u017ceniu ma nawi\u0105zywa\u0107 do palmiarni, kt\u00f3ra kiedy\u015b znajdowa\u0142a si\u0119 w Kaliszu. Z tego powodu postawiono j\u0105 na jednym ze zrewitalizowanych naro\u017cnik\u00f3w Rynku.<\/p>\n<p>Krytycy uwa\u017caj\u0105, \u017ce chyba komu\u015b palma odbi\u0142a, a poza tym powinna powsta\u0107 fontanna, kt\u00f3ra by uprzyjemni\u0142a powietrze w upalne dni. Tej nie ma w planach. Co ciekawe palma na zim\u0119 b\u0119dzie chowana.<\/p>\n<p><img loading=\"lazy\" decoding=\"async\" class=\"alignnone size-full wp-image-24878\" src=\"https:\/\/ostrowskatv.pl\/wp-content\/uploads\/2023\/06\/20230609_123443-01.jpeg\" alt=\"\" width=\"1366\" height=\"769\" srcset=\"https:\/\/ostrowskatv.pl\/wp-content\/uploads\/2023\/06\/20230609_123443-01.jpeg 1366w, https:\/\/ostrowskatv.pl\/wp-content\/uploads\/2023\/06\/20230609_123443-01-300x169.jpeg 300w, https:\/\/ostrowskatv.pl\/wp-content\/uploads\/2023\/06\/20230609_123443-01-1333x750.jpeg 1333w\" sizes=\"auto, (max-width: 1366px) 100vw, 1366px\" \/><\/p>\n<p><img loading=\"lazy\" decoding=\"async\" class=\"alignnone size-full wp-image-24879\" src=\"https:\/\/ostrowskatv.pl\/wp-content\/uploads\/2023\/06\/20230609_123436-01.jpeg\" alt=\"\" width=\"815\" height=\"1365\" srcset=\"https:\/\/ostrowskatv.pl\/wp-content\/uploads\/2023\/06\/20230609_123436-01.jpeg 815w, https:\/\/ostrowskatv.pl\/wp-content\/uploads\/2023\/06\/20230609_123436-01-179x300.jpeg 179w, https:\/\/ostrowskatv.pl\/wp-content\/uploads\/2023\/06\/20230609_123436-01-796x1333.jpeg 796w\" sizes=\"auto, (max-width: 815px) 100vw, 815px\" \/><\/p>\n<p><img loading=\"lazy\" decoding=\"async\" class=\"alignnone size-full wp-image-24880\" src=\"https:\/\/ostrowskatv.pl\/wp-content\/uploads\/2023\/06\/Palma.jpeg\" alt=\"\" width=\"1366\" height=\"872\" srcset=\"https:\/\/ostrowskatv.pl\/wp-content\/uploads\/2023\/06\/Palma.jpeg 1366w, https:\/\/ostrowskatv.pl\/wp-content\/uploads\/2023\/06\/Palma-300x192.jpeg 300w, https:\/\/ostrowskatv.pl\/wp-content\/uploads\/2023\/06\/Palma-1333x851.jpeg 1333w\" sizes=\"auto, (max-width: 1366px) 100vw, 1366px\" \/><\/p>\n","protected":false},"excerpt":{"rendered":"Na kaliskim Rynku stan\u0119\u0142a palma. Przyjecha\u0142a z W\u0142och i jest gatunkiem mrozoodpornym. Mieszka\u0144com Kalisza i turystom ma przypomina\u0107 o zbli\u017caj\u0105cych si\u0119 wakacjach i \n<a class=\"moretag\" href=\"https:\/\/ostrowskatv.pl\/?p=24877\"> [...]<\/a>","protected":false},"author":1,"featured_media":24878,"comment_status":"open","ping_status":"closed","sticky":false,"template":"","format":"standard","meta":{"footnotes":""},"categories":[1],"tags":[175],"class_list":["post-24877","post","type-post","status-publish","format-standard","has-post-thumbnail","hentry","category-news","tag-powiat-kaliski"],"_links":{"self":[{"href":"https:\/\/ostrowskatv.pl\/index.php?rest_route=\/wp\/v2\/posts\/24877","targetHints":{"allow":["GET"]}}],"collection":[{"href":"https:\/\/ostrowskatv.pl\/index.php?rest_route=\/wp\/v2\/posts"}],"about":[{"href":"https:\/\/ostrowskatv.pl\/index.php?rest_route=\/wp\/v2\/types\/post"}],"author":[{"embeddable":true,"href":"https:\/\/ostrowskatv.pl\/index.php?rest_route=\/wp\/v2\/users\/1"}],"replies":[{"embeddable":true,"href":"https:\/\/ostrowskatv.pl\/index.php?rest_route=%2Fwp%2Fv2%2Fcomments&post=24877"}],"version-history":[{"count":0,"href":"https:\/\/ostrowskatv.pl\/index.php?rest_route=\/wp\/v2\/posts\/24877\/revisions"}],"wp:featuredmedia":[{"embeddable":true,"href":"https:\/\/ostrowskatv.pl\/index.php?rest_route=\/wp\/v2\/media\/24878"}],"wp:attachment":[{"href":"https:\/\/ostrowskatv.pl\/index.php?rest_route=%2Fwp%2Fv2%2Fmedia&parent=24877"}],"wp:term":[{"taxonomy":"category","embeddable":true,"href":"https:\/\/ostrowskatv.pl\/index.php?rest_route=%2Fwp%2Fv2%2Fcategories&post=24877"},{"taxonomy":"post_tag","embeddable":true,"href":"https:\/\/ostrowskatv.pl\/index.php?rest_route=%2Fwp%2Fv2%2Ftags&post=24877"}],"curies":[{"name":"wp","href":"https:\/\/api.w.org\/{rel}","templated":true}]}}