{"id":24800,"date":"2023-06-08T11:24:14","date_gmt":"2023-06-08T10:24:14","guid":{"rendered":"https:\/\/ostrowskatv.pl\/?p=24800"},"modified":"2023-06-08T11:24:14","modified_gmt":"2023-06-08T10:24:14","slug":"procesja-bozego-ciala-2023-duzo-zdjec","status":"publish","type":"post","link":"https:\/\/ostrowskatv.pl\/?p=24800","title":{"rendered":"Procesja Bo\u017cego Cia\u0142a 2023 &#8211; DU\u017bO ZDJ\u0118\u0106"},"content":{"rendered":"<p><strong>O godzinie 11 rozpocz\u0119\u0142a si\u0119 tradycyjna Procesja Bo\u017cego Cia\u0142a. Pogoda dopisa\u0142a, dlatego nie dziwi\u0105 t\u0142umy ostrowian uczestnicz\u0105ce w tym wyj\u0105tkowym wydarzeniu. Trasa zosta\u0142a wyznaczona ponownie pomi\u0119dzy ko\u015bcio\u0142em p.w. \u015bw. Antoniego, a ostrowsk\u0105 konkatedr\u0105. Po drodze ustawione by\u0142y 4 o\u0142tarze. Kap\u0142an przekonywa\u0142, \u017ce w razie jakichkolwiek trudno\u015bci nale\u017cy zawierzy\u0107 Bogu.<\/strong><\/p>\n<p><img loading=\"lazy\" decoding=\"async\" src=\"https:\/\/ostrowskatv.pl\/wp-content\/uploads\/2023\/06\/procesja_boze_cialo_2023t-62.jpg\" alt=\"\" width=\"1333\" height=\"750\" class=\"alignnone size-full wp-image-24801\" srcset=\"https:\/\/ostrowskatv.pl\/wp-content\/uploads\/2023\/06\/procesja_boze_cialo_2023t-62.jpg 1333w, https:\/\/ostrowskatv.pl\/wp-content\/uploads\/2023\/06\/procesja_boze_cialo_2023t-62-300x169.jpg 300w\" sizes=\"auto, (max-width: 1333px) 100vw, 1333px\" \/><\/p>\n<p><img loading=\"lazy\" decoding=\"async\" src=\"https:\/\/ostrowskatv.pl\/wp-content\/uploads\/2023\/06\/procesja_boze_cialo_2023t-61.jpg\" alt=\"\" width=\"1333\" height=\"750\" class=\"alignnone size-full wp-image-24802\" srcset=\"https:\/\/ostrowskatv.pl\/wp-content\/uploads\/2023\/06\/procesja_boze_cialo_2023t-61.jpg 1333w, https:\/\/ostrowskatv.pl\/wp-content\/uploads\/2023\/06\/procesja_boze_cialo_2023t-61-300x169.jpg 300w\" sizes=\"auto, (max-width: 1333px) 100vw, 1333px\" \/><\/p>\n<p><img loading=\"lazy\" decoding=\"async\" src=\"https:\/\/ostrowskatv.pl\/wp-content\/uploads\/2023\/06\/procesja_boze_cialo_2023t-60.jpg\" alt=\"\" width=\"1333\" height=\"750\" class=\"alignnone size-full wp-image-24803\" srcset=\"https:\/\/ostrowskatv.pl\/wp-content\/uploads\/2023\/06\/procesja_boze_cialo_2023t-60.jpg 1333w, https:\/\/ostrowskatv.pl\/wp-content\/uploads\/2023\/06\/procesja_boze_cialo_2023t-60-300x169.jpg 300w\" sizes=\"auto, (max-width: 1333px) 100vw, 1333px\" \/><\/p>\n<p><img loading=\"lazy\" decoding=\"async\" src=\"https:\/\/ostrowskatv.pl\/wp-content\/uploads\/2023\/06\/procesja_boze_cialo_2023t-59.jpg\" alt=\"\" width=\"1333\" height=\"750\" class=\"alignnone size-full wp-image-24804\" srcset=\"https:\/\/ostrowskatv.pl\/wp-content\/uploads\/2023\/06\/procesja_boze_cialo_2023t-59.jpg 1333w, https:\/\/ostrowskatv.pl\/wp-content\/uploads\/2023\/06\/procesja_boze_cialo_2023t-59-300x169.jpg 300w\" sizes=\"auto, (max-width: 1333px) 100vw, 1333px\" \/><\/p>\n<p><img loading=\"lazy\" decoding=\"async\" src=\"https:\/\/ostrowskatv.pl\/wp-content\/uploads\/2023\/06\/procesja_boze_cialo_2023t-58.jpg\" alt=\"\" width=\"1333\" height=\"750\" class=\"alignnone size-full wp-image-24805\" srcset=\"https:\/\/ostrowskatv.pl\/wp-content\/uploads\/2023\/06\/procesja_boze_cialo_2023t-58.jpg 1333w, https:\/\/ostrowskatv.pl\/wp-content\/uploads\/2023\/06\/procesja_boze_cialo_2023t-58-300x169.jpg 300w\" sizes=\"auto, (max-width: 1333px) 100vw, 1333px\" \/><\/p>\n<p><img loading=\"lazy\" decoding=\"async\" src=\"https:\/\/ostrowskatv.pl\/wp-content\/uploads\/2023\/06\/procesja_boze_cialo_2023t-57.jpg\" alt=\"\" width=\"1333\" height=\"750\" class=\"alignnone size-full wp-image-24806\" srcset=\"https:\/\/ostrowskatv.pl\/wp-content\/uploads\/2023\/06\/procesja_boze_cialo_2023t-57.jpg 1333w, https:\/\/ostrowskatv.pl\/wp-content\/uploads\/2023\/06\/procesja_boze_cialo_2023t-57-300x169.jpg 300w\" sizes=\"auto, (max-width: 1333px) 100vw, 1333px\" \/><\/p>\n<p><img loading=\"lazy\" decoding=\"async\" src=\"https:\/\/ostrowskatv.pl\/wp-content\/uploads\/2023\/06\/procesja_boze_cialo_2023t-56.jpg\" alt=\"\" width=\"1333\" height=\"750\" class=\"alignnone size-full wp-image-24807\" srcset=\"https:\/\/ostrowskatv.pl\/wp-content\/uploads\/2023\/06\/procesja_boze_cialo_2023t-56.jpg 1333w, https:\/\/ostrowskatv.pl\/wp-content\/uploads\/2023\/06\/procesja_boze_cialo_2023t-56-300x169.jpg 300w\" sizes=\"auto, (max-width: 1333px) 100vw, 1333px\" \/><\/p>\n<p><img loading=\"lazy\" decoding=\"async\" src=\"https:\/\/ostrowskatv.pl\/wp-content\/uploads\/2023\/06\/procesja_boze_cialo_2023t-55.jpg\" alt=\"\" width=\"1333\" height=\"750\" class=\"alignnone size-full wp-image-24808\" srcset=\"https:\/\/ostrowskatv.pl\/wp-content\/uploads\/2023\/06\/procesja_boze_cialo_2023t-55.jpg 1333w, https:\/\/ostrowskatv.pl\/wp-content\/uploads\/2023\/06\/procesja_boze_cialo_2023t-55-300x169.jpg 300w\" sizes=\"auto, (max-width: 1333px) 100vw, 1333px\" \/><\/p>\n<p><img loading=\"lazy\" decoding=\"async\" src=\"https:\/\/ostrowskatv.pl\/wp-content\/uploads\/2023\/06\/procesja_boze_cialo_2023t-54.jpg\" alt=\"\" width=\"1333\" height=\"750\" class=\"alignnone size-full wp-image-24809\" srcset=\"https:\/\/ostrowskatv.pl\/wp-content\/uploads\/2023\/06\/procesja_boze_cialo_2023t-54.jpg 1333w, https:\/\/ostrowskatv.pl\/wp-content\/uploads\/2023\/06\/procesja_boze_cialo_2023t-54-300x169.jpg 300w\" sizes=\"auto, (max-width: 1333px) 100vw, 1333px\" \/><\/p>\n<p><img loading=\"lazy\" decoding=\"async\" src=\"https:\/\/ostrowskatv.pl\/wp-content\/uploads\/2023\/06\/procesja_boze_cialo_2023t-53.jpg\" alt=\"\" width=\"1333\" height=\"750\" class=\"alignnone size-full wp-image-24810\" srcset=\"https:\/\/ostrowskatv.pl\/wp-content\/uploads\/2023\/06\/procesja_boze_cialo_2023t-53.jpg 1333w, https:\/\/ostrowskatv.pl\/wp-content\/uploads\/2023\/06\/procesja_boze_cialo_2023t-53-300x169.jpg 300w\" sizes=\"auto, (max-width: 1333px) 100vw, 1333px\" \/><\/p>\n<p><img loading=\"lazy\" decoding=\"async\" src=\"https:\/\/ostrowskatv.pl\/wp-content\/uploads\/2023\/06\/procesja_boze_cialo_2023t-52.jpg\" alt=\"\" width=\"1333\" height=\"750\" class=\"alignnone size-full wp-image-24811\" srcset=\"https:\/\/ostrowskatv.pl\/wp-content\/uploads\/2023\/06\/procesja_boze_cialo_2023t-52.jpg 1333w, https:\/\/ostrowskatv.pl\/wp-content\/uploads\/2023\/06\/procesja_boze_cialo_2023t-52-300x169.jpg 300w\" sizes=\"auto, (max-width: 1333px) 100vw, 1333px\" \/><\/p>\n<p><img loading=\"lazy\" decoding=\"async\" src=\"https:\/\/ostrowskatv.pl\/wp-content\/uploads\/2023\/06\/procesja_boze_cialo_2023t-51.jpg\" alt=\"\" width=\"1333\" height=\"750\" class=\"alignnone size-full wp-image-24812\" srcset=\"https:\/\/ostrowskatv.pl\/wp-content\/uploads\/2023\/06\/procesja_boze_cialo_2023t-51.jpg 1333w, https:\/\/ostrowskatv.pl\/wp-content\/uploads\/2023\/06\/procesja_boze_cialo_2023t-51-300x169.jpg 300w\" sizes=\"auto, (max-width: 1333px) 100vw, 1333px\" \/><\/p>\n<p><img loading=\"lazy\" decoding=\"async\" src=\"https:\/\/ostrowskatv.pl\/wp-content\/uploads\/2023\/06\/procesja_boze_cialo_2023t-50.jpg\" alt=\"\" width=\"1333\" height=\"750\" class=\"alignnone size-full wp-image-24813\" srcset=\"https:\/\/ostrowskatv.pl\/wp-content\/uploads\/2023\/06\/procesja_boze_cialo_2023t-50.jpg 1333w, https:\/\/ostrowskatv.pl\/wp-content\/uploads\/2023\/06\/procesja_boze_cialo_2023t-50-300x169.jpg 300w\" sizes=\"auto, (max-width: 1333px) 100vw, 1333px\" \/><\/p>\n<p><img loading=\"lazy\" decoding=\"async\" src=\"https:\/\/ostrowskatv.pl\/wp-content\/uploads\/2023\/06\/procesja_boze_cialo_2023t-49.jpg\" alt=\"\" width=\"1333\" height=\"750\" class=\"alignnone size-full wp-image-24814\" srcset=\"https:\/\/ostrowskatv.pl\/wp-content\/uploads\/2023\/06\/procesja_boze_cialo_2023t-49.jpg 1333w, https:\/\/ostrowskatv.pl\/wp-content\/uploads\/2023\/06\/procesja_boze_cialo_2023t-49-300x169.jpg 300w\" sizes=\"auto, (max-width: 1333px) 100vw, 1333px\" \/><\/p>\n<p><img loading=\"lazy\" decoding=\"async\" src=\"https:\/\/ostrowskatv.pl\/wp-content\/uploads\/2023\/06\/procesja_boze_cialo_2023t-48.jpg\" alt=\"\" width=\"1333\" height=\"750\" class=\"alignnone size-full wp-image-24815\" srcset=\"https:\/\/ostrowskatv.pl\/wp-content\/uploads\/2023\/06\/procesja_boze_cialo_2023t-48.jpg 1333w, https:\/\/ostrowskatv.pl\/wp-content\/uploads\/2023\/06\/procesja_boze_cialo_2023t-48-300x169.jpg 300w\" sizes=\"auto, (max-width: 1333px) 100vw, 1333px\" \/><\/p>\n<p><img loading=\"lazy\" decoding=\"async\" src=\"https:\/\/ostrowskatv.pl\/wp-content\/uploads\/2023\/06\/procesja_boze_cialo_2023t-47.jpg\" alt=\"\" width=\"1333\" height=\"750\" class=\"alignnone size-full wp-image-24816\" srcset=\"https:\/\/ostrowskatv.pl\/wp-content\/uploads\/2023\/06\/procesja_boze_cialo_2023t-47.jpg 1333w, https:\/\/ostrowskatv.pl\/wp-content\/uploads\/2023\/06\/procesja_boze_cialo_2023t-47-300x169.jpg 300w\" sizes=\"auto, (max-width: 1333px) 100vw, 1333px\" \/><\/p>\n<p><img loading=\"lazy\" decoding=\"async\" src=\"https:\/\/ostrowskatv.pl\/wp-content\/uploads\/2023\/06\/procesja_boze_cialo_2023t-46.jpg\" alt=\"\" width=\"1333\" height=\"750\" class=\"alignnone size-full wp-image-24817\" srcset=\"https:\/\/ostrowskatv.pl\/wp-content\/uploads\/2023\/06\/procesja_boze_cialo_2023t-46.jpg 1333w, https:\/\/ostrowskatv.pl\/wp-content\/uploads\/2023\/06\/procesja_boze_cialo_2023t-46-300x169.jpg 300w\" sizes=\"auto, (max-width: 1333px) 100vw, 1333px\" \/><\/p>\n<p><img loading=\"lazy\" decoding=\"async\" src=\"https:\/\/ostrowskatv.pl\/wp-content\/uploads\/2023\/06\/procesja_boze_cialo_2023t-45.jpg\" alt=\"\" width=\"1333\" height=\"750\" class=\"alignnone size-full wp-image-24818\" srcset=\"https:\/\/ostrowskatv.pl\/wp-content\/uploads\/2023\/06\/procesja_boze_cialo_2023t-45.jpg 1333w, https:\/\/ostrowskatv.pl\/wp-content\/uploads\/2023\/06\/procesja_boze_cialo_2023t-45-300x169.jpg 300w\" sizes=\"auto, (max-width: 1333px) 100vw, 1333px\" \/><\/p>\n<p><img loading=\"lazy\" decoding=\"async\" src=\"https:\/\/ostrowskatv.pl\/wp-content\/uploads\/2023\/06\/procesja_boze_cialo_2023t-44.jpg\" alt=\"\" width=\"1333\" height=\"750\" class=\"alignnone size-full wp-image-24819\" srcset=\"https:\/\/ostrowskatv.pl\/wp-content\/uploads\/2023\/06\/procesja_boze_cialo_2023t-44.jpg 1333w, https:\/\/ostrowskatv.pl\/wp-content\/uploads\/2023\/06\/procesja_boze_cialo_2023t-44-300x169.jpg 300w\" sizes=\"auto, (max-width: 1333px) 100vw, 1333px\" \/><\/p>\n<p><img loading=\"lazy\" decoding=\"async\" src=\"https:\/\/ostrowskatv.pl\/wp-content\/uploads\/2023\/06\/procesja_boze_cialo_2023t-43.jpg\" alt=\"\" width=\"1333\" height=\"750\" class=\"alignnone size-full wp-image-24820\" srcset=\"https:\/\/ostrowskatv.pl\/wp-content\/uploads\/2023\/06\/procesja_boze_cialo_2023t-43.jpg 1333w, https:\/\/ostrowskatv.pl\/wp-content\/uploads\/2023\/06\/procesja_boze_cialo_2023t-43-300x169.jpg 300w\" sizes=\"auto, (max-width: 1333px) 100vw, 1333px\" \/><\/p>\n<p><img loading=\"lazy\" decoding=\"async\" src=\"https:\/\/ostrowskatv.pl\/wp-content\/uploads\/2023\/06\/procesja_boze_cialo_2023t-42.jpg\" alt=\"\" width=\"1333\" height=\"750\" class=\"alignnone size-full wp-image-24821\" srcset=\"https:\/\/ostrowskatv.pl\/wp-content\/uploads\/2023\/06\/procesja_boze_cialo_2023t-42.jpg 1333w, https:\/\/ostrowskatv.pl\/wp-content\/uploads\/2023\/06\/procesja_boze_cialo_2023t-42-300x169.jpg 300w\" sizes=\"auto, (max-width: 1333px) 100vw, 1333px\" \/><\/p>\n<p><img loading=\"lazy\" decoding=\"async\" src=\"https:\/\/ostrowskatv.pl\/wp-content\/uploads\/2023\/06\/procesja_boze_cialo_2023t-41.jpg\" alt=\"\" width=\"1333\" height=\"750\" class=\"alignnone size-full wp-image-24822\" srcset=\"https:\/\/ostrowskatv.pl\/wp-content\/uploads\/2023\/06\/procesja_boze_cialo_2023t-41.jpg 1333w, https:\/\/ostrowskatv.pl\/wp-content\/uploads\/2023\/06\/procesja_boze_cialo_2023t-41-300x169.jpg 300w\" sizes=\"auto, (max-width: 1333px) 100vw, 1333px\" \/><\/p>\n<p><img loading=\"lazy\" decoding=\"async\" src=\"https:\/\/ostrowskatv.pl\/wp-content\/uploads\/2023\/06\/procesja_boze_cialo_2023t-40.jpg\" alt=\"\" width=\"1333\" height=\"750\" class=\"alignnone size-full wp-image-24823\" srcset=\"https:\/\/ostrowskatv.pl\/wp-content\/uploads\/2023\/06\/procesja_boze_cialo_2023t-40.jpg 1333w, https:\/\/ostrowskatv.pl\/wp-content\/uploads\/2023\/06\/procesja_boze_cialo_2023t-40-300x169.jpg 300w\" sizes=\"auto, (max-width: 1333px) 100vw, 1333px\" \/><\/p>\n<p><img loading=\"lazy\" decoding=\"async\" src=\"https:\/\/ostrowskatv.pl\/wp-content\/uploads\/2023\/06\/procesja_boze_cialo_2023t-39.jpg\" alt=\"\" width=\"1333\" height=\"750\" class=\"alignnone size-full wp-image-24824\" srcset=\"https:\/\/ostrowskatv.pl\/wp-content\/uploads\/2023\/06\/procesja_boze_cialo_2023t-39.jpg 1333w, https:\/\/ostrowskatv.pl\/wp-content\/uploads\/2023\/06\/procesja_boze_cialo_2023t-39-300x169.jpg 300w\" sizes=\"auto, (max-width: 1333px) 100vw, 1333px\" \/><\/p>\n<p><img loading=\"lazy\" decoding=\"async\" src=\"https:\/\/ostrowskatv.pl\/wp-content\/uploads\/2023\/06\/procesja_boze_cialo_2023t-38.jpg\" alt=\"\" width=\"1333\" height=\"750\" class=\"alignnone size-full wp-image-24825\" srcset=\"https:\/\/ostrowskatv.pl\/wp-content\/uploads\/2023\/06\/procesja_boze_cialo_2023t-38.jpg 1333w, https:\/\/ostrowskatv.pl\/wp-content\/uploads\/2023\/06\/procesja_boze_cialo_2023t-38-300x169.jpg 300w\" sizes=\"auto, (max-width: 1333px) 100vw, 1333px\" \/><\/p>\n<p><img loading=\"lazy\" decoding=\"async\" src=\"https:\/\/ostrowskatv.pl\/wp-content\/uploads\/2023\/06\/procesja_boze_cialo_2023t-37.jpg\" alt=\"\" width=\"1333\" height=\"750\" class=\"alignnone size-full wp-image-24826\" srcset=\"https:\/\/ostrowskatv.pl\/wp-content\/uploads\/2023\/06\/procesja_boze_cialo_2023t-37.jpg 1333w, https:\/\/ostrowskatv.pl\/wp-content\/uploads\/2023\/06\/procesja_boze_cialo_2023t-37-300x169.jpg 300w\" sizes=\"auto, (max-width: 1333px) 100vw, 1333px\" \/><\/p>\n<p><img loading=\"lazy\" decoding=\"async\" src=\"https:\/\/ostrowskatv.pl\/wp-content\/uploads\/2023\/06\/procesja_boze_cialo_2023t-36.jpg\" alt=\"\" width=\"1333\" height=\"750\" class=\"alignnone size-full wp-image-24827\" srcset=\"https:\/\/ostrowskatv.pl\/wp-content\/uploads\/2023\/06\/procesja_boze_cialo_2023t-36.jpg 1333w, https:\/\/ostrowskatv.pl\/wp-content\/uploads\/2023\/06\/procesja_boze_cialo_2023t-36-300x169.jpg 300w\" sizes=\"auto, (max-width: 1333px) 100vw, 1333px\" \/><\/p>\n<p><img loading=\"lazy\" decoding=\"async\" src=\"https:\/\/ostrowskatv.pl\/wp-content\/uploads\/2023\/06\/procesja_boze_cialo_2023t-35.jpg\" alt=\"\" width=\"1333\" height=\"750\" class=\"alignnone size-full wp-image-24828\" srcset=\"https:\/\/ostrowskatv.pl\/wp-content\/uploads\/2023\/06\/procesja_boze_cialo_2023t-35.jpg 1333w, https:\/\/ostrowskatv.pl\/wp-content\/uploads\/2023\/06\/procesja_boze_cialo_2023t-35-300x169.jpg 300w\" sizes=\"auto, (max-width: 1333px) 100vw, 1333px\" \/><\/p>\n<p><img loading=\"lazy\" decoding=\"async\" src=\"https:\/\/ostrowskatv.pl\/wp-content\/uploads\/2023\/06\/procesja_boze_cialo_2023t-34.jpg\" alt=\"\" width=\"1333\" height=\"750\" class=\"alignnone size-full wp-image-24829\" srcset=\"https:\/\/ostrowskatv.pl\/wp-content\/uploads\/2023\/06\/procesja_boze_cialo_2023t-34.jpg 1333w, https:\/\/ostrowskatv.pl\/wp-content\/uploads\/2023\/06\/procesja_boze_cialo_2023t-34-300x169.jpg 300w\" sizes=\"auto, (max-width: 1333px) 100vw, 1333px\" \/><\/p>\n<p><img loading=\"lazy\" decoding=\"async\" src=\"https:\/\/ostrowskatv.pl\/wp-content\/uploads\/2023\/06\/procesja_boze_cialo_2023t-33.jpg\" alt=\"\" width=\"1333\" height=\"750\" class=\"alignnone size-full wp-image-24830\" srcset=\"https:\/\/ostrowskatv.pl\/wp-content\/uploads\/2023\/06\/procesja_boze_cialo_2023t-33.jpg 1333w, https:\/\/ostrowskatv.pl\/wp-content\/uploads\/2023\/06\/procesja_boze_cialo_2023t-33-300x169.jpg 300w\" sizes=\"auto, (max-width: 1333px) 100vw, 1333px\" \/><\/p>\n<p><img loading=\"lazy\" decoding=\"async\" src=\"https:\/\/ostrowskatv.pl\/wp-content\/uploads\/2023\/06\/procesja_boze_cialo_2023t-32.jpg\" alt=\"\" width=\"1333\" height=\"750\" class=\"alignnone size-full wp-image-24831\" srcset=\"https:\/\/ostrowskatv.pl\/wp-content\/uploads\/2023\/06\/procesja_boze_cialo_2023t-32.jpg 1333w, https:\/\/ostrowskatv.pl\/wp-content\/uploads\/2023\/06\/procesja_boze_cialo_2023t-32-300x169.jpg 300w\" sizes=\"auto, (max-width: 1333px) 100vw, 1333px\" \/><\/p>\n<p><img loading=\"lazy\" decoding=\"async\" src=\"https:\/\/ostrowskatv.pl\/wp-content\/uploads\/2023\/06\/procesja_boze_cialo_2023t-31.jpg\" alt=\"\" width=\"1333\" height=\"750\" class=\"alignnone size-full wp-image-24832\" srcset=\"https:\/\/ostrowskatv.pl\/wp-content\/uploads\/2023\/06\/procesja_boze_cialo_2023t-31.jpg 1333w, https:\/\/ostrowskatv.pl\/wp-content\/uploads\/2023\/06\/procesja_boze_cialo_2023t-31-300x169.jpg 300w\" sizes=\"auto, (max-width: 1333px) 100vw, 1333px\" \/><\/p>\n<p><img loading=\"lazy\" decoding=\"async\" src=\"https:\/\/ostrowskatv.pl\/wp-content\/uploads\/2023\/06\/procesja_boze_cialo_2023t-30.jpg\" alt=\"\" width=\"1333\" height=\"750\" class=\"alignnone size-full wp-image-24833\" srcset=\"https:\/\/ostrowskatv.pl\/wp-content\/uploads\/2023\/06\/procesja_boze_cialo_2023t-30.jpg 1333w, https:\/\/ostrowskatv.pl\/wp-content\/uploads\/2023\/06\/procesja_boze_cialo_2023t-30-300x169.jpg 300w\" sizes=\"auto, (max-width: 1333px) 100vw, 1333px\" \/><\/p>\n<p><img loading=\"lazy\" decoding=\"async\" src=\"https:\/\/ostrowskatv.pl\/wp-content\/uploads\/2023\/06\/procesja_boze_cialo_2023t-29.jpg\" alt=\"\" width=\"1333\" height=\"750\" class=\"alignnone size-full wp-image-24834\" srcset=\"https:\/\/ostrowskatv.pl\/wp-content\/uploads\/2023\/06\/procesja_boze_cialo_2023t-29.jpg 1333w, https:\/\/ostrowskatv.pl\/wp-content\/uploads\/2023\/06\/procesja_boze_cialo_2023t-29-300x169.jpg 300w\" sizes=\"auto, (max-width: 1333px) 100vw, 1333px\" \/><\/p>\n<p><img loading=\"lazy\" decoding=\"async\" src=\"https:\/\/ostrowskatv.pl\/wp-content\/uploads\/2023\/06\/procesja_boze_cialo_2023t-28.jpg\" alt=\"\" width=\"1333\" height=\"750\" class=\"alignnone size-full wp-image-24835\" srcset=\"https:\/\/ostrowskatv.pl\/wp-content\/uploads\/2023\/06\/procesja_boze_cialo_2023t-28.jpg 1333w, https:\/\/ostrowskatv.pl\/wp-content\/uploads\/2023\/06\/procesja_boze_cialo_2023t-28-300x169.jpg 300w\" sizes=\"auto, (max-width: 1333px) 100vw, 1333px\" \/><\/p>\n<p><img loading=\"lazy\" decoding=\"async\" src=\"https:\/\/ostrowskatv.pl\/wp-content\/uploads\/2023\/06\/procesja_boze_cialo_2023t-27.jpg\" alt=\"\" width=\"1333\" height=\"750\" class=\"alignnone size-full wp-image-24836\" srcset=\"https:\/\/ostrowskatv.pl\/wp-content\/uploads\/2023\/06\/procesja_boze_cialo_2023t-27.jpg 1333w, https:\/\/ostrowskatv.pl\/wp-content\/uploads\/2023\/06\/procesja_boze_cialo_2023t-27-300x169.jpg 300w\" sizes=\"auto, (max-width: 1333px) 100vw, 1333px\" \/><\/p>\n<p><img loading=\"lazy\" decoding=\"async\" src=\"https:\/\/ostrowskatv.pl\/wp-content\/uploads\/2023\/06\/procesja_boze_cialo_2023t-26.jpg\" alt=\"\" width=\"1333\" height=\"750\" class=\"alignnone size-full wp-image-24837\" srcset=\"https:\/\/ostrowskatv.pl\/wp-content\/uploads\/2023\/06\/procesja_boze_cialo_2023t-26.jpg 1333w, https:\/\/ostrowskatv.pl\/wp-content\/uploads\/2023\/06\/procesja_boze_cialo_2023t-26-300x169.jpg 300w\" sizes=\"auto, (max-width: 1333px) 100vw, 1333px\" \/><\/p>\n<p><img loading=\"lazy\" decoding=\"async\" src=\"https:\/\/ostrowskatv.pl\/wp-content\/uploads\/2023\/06\/procesja_boze_cialo_2023t-25.jpg\" alt=\"\" width=\"1333\" height=\"750\" class=\"alignnone size-full wp-image-24838\" srcset=\"https:\/\/ostrowskatv.pl\/wp-content\/uploads\/2023\/06\/procesja_boze_cialo_2023t-25.jpg 1333w, https:\/\/ostrowskatv.pl\/wp-content\/uploads\/2023\/06\/procesja_boze_cialo_2023t-25-300x169.jpg 300w\" sizes=\"auto, (max-width: 1333px) 100vw, 1333px\" \/><\/p>\n<p><img loading=\"lazy\" decoding=\"async\" src=\"https:\/\/ostrowskatv.pl\/wp-content\/uploads\/2023\/06\/procesja_boze_cialo_2023t-24.jpg\" alt=\"\" width=\"1333\" height=\"750\" class=\"alignnone size-full wp-image-24839\" srcset=\"https:\/\/ostrowskatv.pl\/wp-content\/uploads\/2023\/06\/procesja_boze_cialo_2023t-24.jpg 1333w, https:\/\/ostrowskatv.pl\/wp-content\/uploads\/2023\/06\/procesja_boze_cialo_2023t-24-300x169.jpg 300w\" sizes=\"auto, (max-width: 1333px) 100vw, 1333px\" \/><\/p>\n<p><img loading=\"lazy\" decoding=\"async\" src=\"https:\/\/ostrowskatv.pl\/wp-content\/uploads\/2023\/06\/procesja_boze_cialo_2023t-23.jpg\" alt=\"\" width=\"1333\" height=\"750\" class=\"alignnone size-full wp-image-24840\" srcset=\"https:\/\/ostrowskatv.pl\/wp-content\/uploads\/2023\/06\/procesja_boze_cialo_2023t-23.jpg 1333w, https:\/\/ostrowskatv.pl\/wp-content\/uploads\/2023\/06\/procesja_boze_cialo_2023t-23-300x169.jpg 300w\" sizes=\"auto, (max-width: 1333px) 100vw, 1333px\" \/><\/p>\n<p><img loading=\"lazy\" decoding=\"async\" src=\"https:\/\/ostrowskatv.pl\/wp-content\/uploads\/2023\/06\/procesja_boze_cialo_2023t-22.jpg\" alt=\"\" width=\"1333\" height=\"750\" class=\"alignnone size-full wp-image-24841\" srcset=\"https:\/\/ostrowskatv.pl\/wp-content\/uploads\/2023\/06\/procesja_boze_cialo_2023t-22.jpg 1333w, https:\/\/ostrowskatv.pl\/wp-content\/uploads\/2023\/06\/procesja_boze_cialo_2023t-22-300x169.jpg 300w\" sizes=\"auto, (max-width: 1333px) 100vw, 1333px\" \/><\/p>\n<p><img loading=\"lazy\" decoding=\"async\" src=\"https:\/\/ostrowskatv.pl\/wp-content\/uploads\/2023\/06\/procesja_boze_cialo_2023t-21.jpg\" alt=\"\" width=\"1333\" height=\"750\" class=\"alignnone size-full wp-image-24842\" srcset=\"https:\/\/ostrowskatv.pl\/wp-content\/uploads\/2023\/06\/procesja_boze_cialo_2023t-21.jpg 1333w, https:\/\/ostrowskatv.pl\/wp-content\/uploads\/2023\/06\/procesja_boze_cialo_2023t-21-300x169.jpg 300w\" sizes=\"auto, (max-width: 1333px) 100vw, 1333px\" \/><\/p>\n<p><img loading=\"lazy\" decoding=\"async\" src=\"https:\/\/ostrowskatv.pl\/wp-content\/uploads\/2023\/06\/procesja_boze_cialo_2023t-20.jpg\" alt=\"\" width=\"1333\" height=\"750\" class=\"alignnone size-full wp-image-24843\" srcset=\"https:\/\/ostrowskatv.pl\/wp-content\/uploads\/2023\/06\/procesja_boze_cialo_2023t-20.jpg 1333w, https:\/\/ostrowskatv.pl\/wp-content\/uploads\/2023\/06\/procesja_boze_cialo_2023t-20-300x169.jpg 300w\" sizes=\"auto, (max-width: 1333px) 100vw, 1333px\" \/><\/p>\n<p><img loading=\"lazy\" decoding=\"async\" src=\"https:\/\/ostrowskatv.pl\/wp-content\/uploads\/2023\/06\/procesja_boze_cialo_2023t-19.jpg\" alt=\"\" width=\"1333\" height=\"750\" class=\"alignnone size-full wp-image-24844\" srcset=\"https:\/\/ostrowskatv.pl\/wp-content\/uploads\/2023\/06\/procesja_boze_cialo_2023t-19.jpg 1333w, https:\/\/ostrowskatv.pl\/wp-content\/uploads\/2023\/06\/procesja_boze_cialo_2023t-19-300x169.jpg 300w\" sizes=\"auto, (max-width: 1333px) 100vw, 1333px\" \/><\/p>\n<p><img loading=\"lazy\" decoding=\"async\" src=\"https:\/\/ostrowskatv.pl\/wp-content\/uploads\/2023\/06\/procesja_boze_cialo_2023t-18.jpg\" alt=\"\" width=\"1333\" height=\"750\" class=\"alignnone size-full wp-image-24845\" srcset=\"https:\/\/ostrowskatv.pl\/wp-content\/uploads\/2023\/06\/procesja_boze_cialo_2023t-18.jpg 1333w, https:\/\/ostrowskatv.pl\/wp-content\/uploads\/2023\/06\/procesja_boze_cialo_2023t-18-300x169.jpg 300w\" sizes=\"auto, (max-width: 1333px) 100vw, 1333px\" \/><\/p>\n<p><img loading=\"lazy\" decoding=\"async\" src=\"https:\/\/ostrowskatv.pl\/wp-content\/uploads\/2023\/06\/procesja_boze_cialo_2023t-17.jpg\" alt=\"\" width=\"1333\" height=\"750\" class=\"alignnone size-full wp-image-24846\" srcset=\"https:\/\/ostrowskatv.pl\/wp-content\/uploads\/2023\/06\/procesja_boze_cialo_2023t-17.jpg 1333w, https:\/\/ostrowskatv.pl\/wp-content\/uploads\/2023\/06\/procesja_boze_cialo_2023t-17-300x169.jpg 300w\" sizes=\"auto, (max-width: 1333px) 100vw, 1333px\" \/><\/p>\n<p><img loading=\"lazy\" decoding=\"async\" src=\"https:\/\/ostrowskatv.pl\/wp-content\/uploads\/2023\/06\/procesja_boze_cialo_2023t-16.jpg\" alt=\"\" width=\"1333\" height=\"750\" class=\"alignnone size-full wp-image-24847\" srcset=\"https:\/\/ostrowskatv.pl\/wp-content\/uploads\/2023\/06\/procesja_boze_cialo_2023t-16.jpg 1333w, https:\/\/ostrowskatv.pl\/wp-content\/uploads\/2023\/06\/procesja_boze_cialo_2023t-16-300x169.jpg 300w\" sizes=\"auto, (max-width: 1333px) 100vw, 1333px\" \/><\/p>\n<p><img loading=\"lazy\" decoding=\"async\" src=\"https:\/\/ostrowskatv.pl\/wp-content\/uploads\/2023\/06\/procesja_boze_cialo_2023t-15.jpg\" alt=\"\" width=\"1333\" height=\"750\" class=\"alignnone size-full wp-image-24848\" srcset=\"https:\/\/ostrowskatv.pl\/wp-content\/uploads\/2023\/06\/procesja_boze_cialo_2023t-15.jpg 1333w, https:\/\/ostrowskatv.pl\/wp-content\/uploads\/2023\/06\/procesja_boze_cialo_2023t-15-300x169.jpg 300w\" sizes=\"auto, (max-width: 1333px) 100vw, 1333px\" \/><\/p>\n<p><img loading=\"lazy\" decoding=\"async\" src=\"https:\/\/ostrowskatv.pl\/wp-content\/uploads\/2023\/06\/procesja_boze_cialo_2023t-14.jpg\" alt=\"\" width=\"1333\" height=\"750\" class=\"alignnone size-full wp-image-24849\" srcset=\"https:\/\/ostrowskatv.pl\/wp-content\/uploads\/2023\/06\/procesja_boze_cialo_2023t-14.jpg 1333w, https:\/\/ostrowskatv.pl\/wp-content\/uploads\/2023\/06\/procesja_boze_cialo_2023t-14-300x169.jpg 300w\" sizes=\"auto, (max-width: 1333px) 100vw, 1333px\" \/><\/p>\n<p><img loading=\"lazy\" decoding=\"async\" src=\"https:\/\/ostrowskatv.pl\/wp-content\/uploads\/2023\/06\/procesja_boze_cialo_2023t-13.jpg\" alt=\"\" width=\"1333\" height=\"750\" class=\"alignnone size-full wp-image-24850\" srcset=\"https:\/\/ostrowskatv.pl\/wp-content\/uploads\/2023\/06\/procesja_boze_cialo_2023t-13.jpg 1333w, https:\/\/ostrowskatv.pl\/wp-content\/uploads\/2023\/06\/procesja_boze_cialo_2023t-13-300x169.jpg 300w\" sizes=\"auto, (max-width: 1333px) 100vw, 1333px\" \/><\/p>\n<p><img loading=\"lazy\" decoding=\"async\" src=\"https:\/\/ostrowskatv.pl\/wp-content\/uploads\/2023\/06\/procesja_boze_cialo_2023t-12.jpg\" alt=\"\" width=\"1333\" height=\"750\" class=\"alignnone size-full wp-image-24851\" srcset=\"https:\/\/ostrowskatv.pl\/wp-content\/uploads\/2023\/06\/procesja_boze_cialo_2023t-12.jpg 1333w, https:\/\/ostrowskatv.pl\/wp-content\/uploads\/2023\/06\/procesja_boze_cialo_2023t-12-300x169.jpg 300w\" sizes=\"auto, (max-width: 1333px) 100vw, 1333px\" \/><\/p>\n<p><img loading=\"lazy\" decoding=\"async\" src=\"https:\/\/ostrowskatv.pl\/wp-content\/uploads\/2023\/06\/procesja_boze_cialo_2023t-11.jpg\" alt=\"\" width=\"1333\" height=\"750\" class=\"alignnone size-full wp-image-24852\" srcset=\"https:\/\/ostrowskatv.pl\/wp-content\/uploads\/2023\/06\/procesja_boze_cialo_2023t-11.jpg 1333w, https:\/\/ostrowskatv.pl\/wp-content\/uploads\/2023\/06\/procesja_boze_cialo_2023t-11-300x169.jpg 300w\" sizes=\"auto, (max-width: 1333px) 100vw, 1333px\" \/><\/p>\n<p><img loading=\"lazy\" decoding=\"async\" src=\"https:\/\/ostrowskatv.pl\/wp-content\/uploads\/2023\/06\/procesja_boze_cialo_2023t-10.jpg\" alt=\"\" width=\"1333\" height=\"750\" class=\"alignnone size-full wp-image-24853\" srcset=\"https:\/\/ostrowskatv.pl\/wp-content\/uploads\/2023\/06\/procesja_boze_cialo_2023t-10.jpg 1333w, https:\/\/ostrowskatv.pl\/wp-content\/uploads\/2023\/06\/procesja_boze_cialo_2023t-10-300x169.jpg 300w\" sizes=\"auto, (max-width: 1333px) 100vw, 1333px\" \/><\/p>\n<p><img loading=\"lazy\" decoding=\"async\" src=\"https:\/\/ostrowskatv.pl\/wp-content\/uploads\/2023\/06\/procesja_boze_cialo_2023t-09.jpg\" alt=\"\" width=\"1333\" height=\"750\" class=\"alignnone size-full wp-image-24854\" srcset=\"https:\/\/ostrowskatv.pl\/wp-content\/uploads\/2023\/06\/procesja_boze_cialo_2023t-09.jpg 1333w, https:\/\/ostrowskatv.pl\/wp-content\/uploads\/2023\/06\/procesja_boze_cialo_2023t-09-300x169.jpg 300w\" sizes=\"auto, (max-width: 1333px) 100vw, 1333px\" \/><\/p>\n<p><img loading=\"lazy\" decoding=\"async\" src=\"https:\/\/ostrowskatv.pl\/wp-content\/uploads\/2023\/06\/procesja_boze_cialo_2023t-08.jpg\" alt=\"\" width=\"1333\" height=\"750\" class=\"alignnone size-full wp-image-24855\" srcset=\"https:\/\/ostrowskatv.pl\/wp-content\/uploads\/2023\/06\/procesja_boze_cialo_2023t-08.jpg 1333w, https:\/\/ostrowskatv.pl\/wp-content\/uploads\/2023\/06\/procesja_boze_cialo_2023t-08-300x169.jpg 300w\" sizes=\"auto, (max-width: 1333px) 100vw, 1333px\" \/><\/p>\n<p><img loading=\"lazy\" decoding=\"async\" src=\"https:\/\/ostrowskatv.pl\/wp-content\/uploads\/2023\/06\/procesja_boze_cialo_2023t-07.jpg\" alt=\"\" width=\"1333\" height=\"750\" class=\"alignnone size-full wp-image-24856\" srcset=\"https:\/\/ostrowskatv.pl\/wp-content\/uploads\/2023\/06\/procesja_boze_cialo_2023t-07.jpg 1333w, https:\/\/ostrowskatv.pl\/wp-content\/uploads\/2023\/06\/procesja_boze_cialo_2023t-07-300x169.jpg 300w\" sizes=\"auto, (max-width: 1333px) 100vw, 1333px\" \/><\/p>\n<p><img loading=\"lazy\" decoding=\"async\" src=\"https:\/\/ostrowskatv.pl\/wp-content\/uploads\/2023\/06\/procesja_boze_cialo_2023t-06.jpg\" alt=\"\" width=\"1333\" height=\"750\" class=\"alignnone size-full wp-image-24857\" srcset=\"https:\/\/ostrowskatv.pl\/wp-content\/uploads\/2023\/06\/procesja_boze_cialo_2023t-06.jpg 1333w, https:\/\/ostrowskatv.pl\/wp-content\/uploads\/2023\/06\/procesja_boze_cialo_2023t-06-300x169.jpg 300w\" sizes=\"auto, (max-width: 1333px) 100vw, 1333px\" \/><\/p>\n<p><img loading=\"lazy\" decoding=\"async\" src=\"https:\/\/ostrowskatv.pl\/wp-content\/uploads\/2023\/06\/procesja_boze_cialo_2023t-05.jpg\" alt=\"\" width=\"1333\" height=\"750\" class=\"alignnone size-full wp-image-24858\" srcset=\"https:\/\/ostrowskatv.pl\/wp-content\/uploads\/2023\/06\/procesja_boze_cialo_2023t-05.jpg 1333w, https:\/\/ostrowskatv.pl\/wp-content\/uploads\/2023\/06\/procesja_boze_cialo_2023t-05-300x169.jpg 300w\" sizes=\"auto, (max-width: 1333px) 100vw, 1333px\" \/><\/p>\n<p><img loading=\"lazy\" decoding=\"async\" src=\"https:\/\/ostrowskatv.pl\/wp-content\/uploads\/2023\/06\/procesja_boze_cialo_2023t-04.jpg\" alt=\"\" width=\"1333\" height=\"750\" class=\"alignnone size-full wp-image-24859\" srcset=\"https:\/\/ostrowskatv.pl\/wp-content\/uploads\/2023\/06\/procesja_boze_cialo_2023t-04.jpg 1333w, https:\/\/ostrowskatv.pl\/wp-content\/uploads\/2023\/06\/procesja_boze_cialo_2023t-04-300x169.jpg 300w\" sizes=\"auto, (max-width: 1333px) 100vw, 1333px\" \/><\/p>\n<p><img loading=\"lazy\" decoding=\"async\" src=\"https:\/\/ostrowskatv.pl\/wp-content\/uploads\/2023\/06\/procesja_boze_cialo_2023t-03.jpg\" alt=\"\" width=\"1333\" height=\"750\" class=\"alignnone size-full wp-image-24860\" srcset=\"https:\/\/ostrowskatv.pl\/wp-content\/uploads\/2023\/06\/procesja_boze_cialo_2023t-03.jpg 1333w, https:\/\/ostrowskatv.pl\/wp-content\/uploads\/2023\/06\/procesja_boze_cialo_2023t-03-300x169.jpg 300w\" sizes=\"auto, (max-width: 1333px) 100vw, 1333px\" \/><\/p>\n<p><img loading=\"lazy\" decoding=\"async\" src=\"https:\/\/ostrowskatv.pl\/wp-content\/uploads\/2023\/06\/procesja_boze_cialo_2023t-02.jpg\" alt=\"\" width=\"1333\" height=\"750\" class=\"alignnone size-full wp-image-24861\" srcset=\"https:\/\/ostrowskatv.pl\/wp-content\/uploads\/2023\/06\/procesja_boze_cialo_2023t-02.jpg 1333w, https:\/\/ostrowskatv.pl\/wp-content\/uploads\/2023\/06\/procesja_boze_cialo_2023t-02-300x169.jpg 300w\" sizes=\"auto, (max-width: 1333px) 100vw, 1333px\" \/><\/p>\n<p><img loading=\"lazy\" decoding=\"async\" src=\"https:\/\/ostrowskatv.pl\/wp-content\/uploads\/2023\/06\/procesja_boze_cialo_2023t-01.jpg\" alt=\"\" width=\"1333\" height=\"808\" class=\"alignnone size-full wp-image-24862\" srcset=\"https:\/\/ostrowskatv.pl\/wp-content\/uploads\/2023\/06\/procesja_boze_cialo_2023t-01.jpg 1333w, https:\/\/ostrowskatv.pl\/wp-content\/uploads\/2023\/06\/procesja_boze_cialo_2023t-01-300x182.jpg 300w\" sizes=\"auto, (max-width: 1333px) 100vw, 1333px\" \/><\/p>\n","protected":false},"excerpt":{"rendered":"O godzinie 11 rozpocz\u0119\u0142a si\u0119 tradycyjna Procesja Bo\u017cego Cia\u0142a. Pogoda dopisa\u0142a, dlatego nie dziwi\u0105 t\u0142umy ostrowian uczestnicz\u0105ce w tym wyj\u0105tkowym wydarzeniu. Trasa zosta\u0142a \n<a class=\"moretag\" href=\"https:\/\/ostrowskatv.pl\/?p=24800\"> [...]<\/a>","protected":false},"author":1,"featured_media":24862,"comment_status":"open","ping_status":"closed","sticky":false,"template":"","format":"standard","meta":{"footnotes":""},"categories":[1],"tags":[2],"class_list":["post-24800","post","type-post","status-publish","format-standard","has-post-thumbnail","hentry","category-news","tag-ostrow-wielkopolski"],"_links":{"self":[{"href":"https:\/\/ostrowskatv.pl\/index.php?rest_route=\/wp\/v2\/posts\/24800","targetHints":{"allow":["GET"]}}],"collection":[{"href":"https:\/\/ostrowskatv.pl\/index.php?rest_route=\/wp\/v2\/posts"}],"about":[{"href":"https:\/\/ostrowskatv.pl\/index.php?rest_route=\/wp\/v2\/types\/post"}],"author":[{"embeddable":true,"href":"https:\/\/ostrowskatv.pl\/index.php?rest_route=\/wp\/v2\/users\/1"}],"replies":[{"embeddable":true,"href":"https:\/\/ostrowskatv.pl\/index.php?rest_route=%2Fwp%2Fv2%2Fcomments&post=24800"}],"version-history":[{"count":0,"href":"https:\/\/ostrowskatv.pl\/index.php?rest_route=\/wp\/v2\/posts\/24800\/revisions"}],"wp:featuredmedia":[{"embeddable":true,"href":"https:\/\/ostrowskatv.pl\/index.php?rest_route=\/wp\/v2\/media\/24862"}],"wp:attachment":[{"href":"https:\/\/ostrowskatv.pl\/index.php?rest_route=%2Fwp%2Fv2%2Fmedia&parent=24800"}],"wp:term":[{"taxonomy":"category","embeddable":true,"href":"https:\/\/ostrowskatv.pl\/index.php?rest_route=%2Fwp%2Fv2%2Fcategories&post=24800"},{"taxonomy":"post_tag","embeddable":true,"href":"https:\/\/ostrowskatv.pl\/index.php?rest_route=%2Fwp%2Fv2%2Ftags&post=24800"}],"curies":[{"name":"wp","href":"https:\/\/api.w.org\/{rel}","templated":true}]}}