{"id":24789,"date":"2023-06-07T21:33:33","date_gmt":"2023-06-07T20:33:33","guid":{"rendered":"https:\/\/ostrowskatv.pl\/?p=24789"},"modified":"2023-06-07T21:33:33","modified_gmt":"2023-06-07T20:33:33","slug":"3-osoby-poszkodowane-w-tym-ciezarna","status":"publish","type":"post","link":"https:\/\/ostrowskatv.pl\/?p=24789","title":{"rendered":"3 osoby poszkodowane, w tym ci\u0119\u017carna"},"content":{"rendered":"<p><strong>O godzinie 21.25 dosz\u0142o do wypadku z udzia\u0142em dw\u00f3ch aut osobowych na skrzy\u017cowaniu ulic Kordeckiego\/Traugutta w Ostrowie Wielkopolskim. Trzy osoby zosta\u0142y poszkodowane, w tym kobieta w ci\u0105\u017cy.<\/strong><\/p>\n<p>Ze wst\u0119pnych ustale\u0144 wynika, \u017ce na tym skrzy\u017cowaniu by\u0142o ju\u017c \u015bwiat\u0142o \u017c\u00f3\u0142te pulsuj\u0105ce. W tej sytuacji obowi\u0105zuj\u0105 znaki pionowe, a w\u015br\u00f3d nich STOP. Ten zosta\u0142 zignorowany przez kierowc\u0119 opla jad\u0105cego od strony Urz\u0119du Skarbowego.<\/p>\n<p>Na skrzy\u017cowaniu dosz\u0142o do zderzenia z seatem jad\u0105cym w kierunku ulicy Krotoszy\u0144skiej. Podr\u00f3\u017cowa\u0142y nim dwie kobiety, z czego jedna by\u0142a w ci\u0105\u017cy. Trzy osoby przewieziono do szpitala, gdzie zostanie wykonana dok\u0142adn\u0105 diagnostyka. Najbardziej okazywa\u0142a dolegliwo\u015bci kobieta jad\u0105ca oplem. Krzycza\u0142a z powodu b\u00f3lu.<\/p>\n<p>Okoliczni mieszka\u0144cy zauwa\u017cyli, \u017ce zegar reguluj\u0105cy prac\u0119 \u015bwiate\u0142 nie zosta\u0142 przestawiony na czas letni i \u015bwiat\u0142o \u017c\u00f3\u0142te pulsuj\u0105ce w\u0142\u0105cza si\u0119 o godzinie 21 zamiast 22. Niekt\u00f3rzy twierdz\u0105, \u017ce w tym miejscu powinno powsta\u0107 ma\u0142e rondo, ale wydaje si\u0119 \u017ce jest zbyt ma\u0142o miejsca.<\/p>\n<p><img loading=\"lazy\" decoding=\"async\" src=\"https:\/\/ostrowskatv.pl\/wp-content\/uploads\/2023\/06\/20230607_213725-01.jpeg\" alt=\"\" width=\"1366\" height=\"1025\" class=\"alignnone size-full wp-image-24790\" srcset=\"https:\/\/ostrowskatv.pl\/wp-content\/uploads\/2023\/06\/20230607_213725-01.jpeg 1366w, https:\/\/ostrowskatv.pl\/wp-content\/uploads\/2023\/06\/20230607_213725-01-300x225.jpeg 300w, https:\/\/ostrowskatv.pl\/wp-content\/uploads\/2023\/06\/20230607_213725-01-1333x1000.jpeg 1333w\" sizes=\"auto, (max-width: 1366px) 100vw, 1366px\" \/><\/p>\n<p><img loading=\"lazy\" decoding=\"async\" src=\"https:\/\/ostrowskatv.pl\/wp-content\/uploads\/2023\/06\/20230607_213624-01.jpeg\" alt=\"\" width=\"1366\" height=\"1025\" class=\"alignnone size-full wp-image-24791\" srcset=\"https:\/\/ostrowskatv.pl\/wp-content\/uploads\/2023\/06\/20230607_213624-01.jpeg 1366w, https:\/\/ostrowskatv.pl\/wp-content\/uploads\/2023\/06\/20230607_213624-01-300x225.jpeg 300w, https:\/\/ostrowskatv.pl\/wp-content\/uploads\/2023\/06\/20230607_213624-01-1333x1000.jpeg 1333w\" sizes=\"auto, (max-width: 1366px) 100vw, 1366px\" \/><\/p>\n<p><img loading=\"lazy\" decoding=\"async\" src=\"https:\/\/ostrowskatv.pl\/wp-content\/uploads\/2023\/06\/20230607_213613-01.jpeg\" alt=\"\" width=\"1366\" height=\"1025\" class=\"alignnone size-full wp-image-24792\" srcset=\"https:\/\/ostrowskatv.pl\/wp-content\/uploads\/2023\/06\/20230607_213613-01.jpeg 1366w, https:\/\/ostrowskatv.pl\/wp-content\/uploads\/2023\/06\/20230607_213613-01-300x225.jpeg 300w, https:\/\/ostrowskatv.pl\/wp-content\/uploads\/2023\/06\/20230607_213613-01-1333x1000.jpeg 1333w\" sizes=\"auto, (max-width: 1366px) 100vw, 1366px\" \/><\/p>\n<p><img loading=\"lazy\" decoding=\"async\" src=\"https:\/\/ostrowskatv.pl\/wp-content\/uploads\/2023\/06\/20230607_213609-01.jpeg\" alt=\"\" width=\"1366\" height=\"886\" class=\"alignnone size-full wp-image-24793\" srcset=\"https:\/\/ostrowskatv.pl\/wp-content\/uploads\/2023\/06\/20230607_213609-01.jpeg 1366w, https:\/\/ostrowskatv.pl\/wp-content\/uploads\/2023\/06\/20230607_213609-01-300x195.jpeg 300w, https:\/\/ostrowskatv.pl\/wp-content\/uploads\/2023\/06\/20230607_213609-01-1333x865.jpeg 1333w\" sizes=\"auto, (max-width: 1366px) 100vw, 1366px\" \/><\/p>\n<p><img loading=\"lazy\" decoding=\"async\" src=\"https:\/\/ostrowskatv.pl\/wp-content\/uploads\/2023\/06\/20230607_213423-01.jpeg\" alt=\"\" width=\"1366\" height=\"889\" class=\"alignnone size-full wp-image-24794\" srcset=\"https:\/\/ostrowskatv.pl\/wp-content\/uploads\/2023\/06\/20230607_213423-01.jpeg 1366w, https:\/\/ostrowskatv.pl\/wp-content\/uploads\/2023\/06\/20230607_213423-01-300x195.jpeg 300w, https:\/\/ostrowskatv.pl\/wp-content\/uploads\/2023\/06\/20230607_213423-01-1333x868.jpeg 1333w\" sizes=\"auto, (max-width: 1366px) 100vw, 1366px\" \/><\/p>\n<p><img loading=\"lazy\" decoding=\"async\" src=\"https:\/\/ostrowskatv.pl\/wp-content\/uploads\/2023\/06\/20230607_213318-01.jpeg\" alt=\"\" width=\"1366\" height=\"1025\" class=\"alignnone size-full wp-image-24795\" srcset=\"https:\/\/ostrowskatv.pl\/wp-content\/uploads\/2023\/06\/20230607_213318-01.jpeg 1366w, https:\/\/ostrowskatv.pl\/wp-content\/uploads\/2023\/06\/20230607_213318-01-300x225.jpeg 300w, https:\/\/ostrowskatv.pl\/wp-content\/uploads\/2023\/06\/20230607_213318-01-1333x1000.jpeg 1333w\" sizes=\"auto, (max-width: 1366px) 100vw, 1366px\" \/><\/p>\n<p><img loading=\"lazy\" decoding=\"async\" src=\"https:\/\/ostrowskatv.pl\/wp-content\/uploads\/2023\/06\/20230607_213304-01.jpeg\" alt=\"\" width=\"1366\" height=\"830\" class=\"alignnone size-full wp-image-24796\" srcset=\"https:\/\/ostrowskatv.pl\/wp-content\/uploads\/2023\/06\/20230607_213304-01.jpeg 1366w, https:\/\/ostrowskatv.pl\/wp-content\/uploads\/2023\/06\/20230607_213304-01-300x182.jpeg 300w, https:\/\/ostrowskatv.pl\/wp-content\/uploads\/2023\/06\/20230607_213304-01-1333x810.jpeg 1333w\" sizes=\"auto, (max-width: 1366px) 100vw, 1366px\" \/><\/p>\n<p><img loading=\"lazy\" decoding=\"async\" src=\"https:\/\/ostrowskatv.pl\/wp-content\/uploads\/2023\/06\/20230607_213253-01.jpeg\" alt=\"\" width=\"1366\" height=\"1025\" class=\"alignnone size-full wp-image-24797\" srcset=\"https:\/\/ostrowskatv.pl\/wp-content\/uploads\/2023\/06\/20230607_213253-01.jpeg 1366w, https:\/\/ostrowskatv.pl\/wp-content\/uploads\/2023\/06\/20230607_213253-01-300x225.jpeg 300w, https:\/\/ostrowskatv.pl\/wp-content\/uploads\/2023\/06\/20230607_213253-01-1333x1000.jpeg 1333w\" sizes=\"auto, (max-width: 1366px) 100vw, 1366px\" \/><\/p>\n<p><img loading=\"lazy\" decoding=\"async\" src=\"https:\/\/ostrowskatv.pl\/wp-content\/uploads\/2023\/06\/20230607_213244-02.jpeg\" alt=\"\" width=\"1366\" height=\"733\" class=\"alignnone size-full wp-image-24798\" srcset=\"https:\/\/ostrowskatv.pl\/wp-content\/uploads\/2023\/06\/20230607_213244-02.jpeg 1366w, https:\/\/ostrowskatv.pl\/wp-content\/uploads\/2023\/06\/20230607_213244-02-300x161.jpeg 300w, https:\/\/ostrowskatv.pl\/wp-content\/uploads\/2023\/06\/20230607_213244-02-1333x715.jpeg 1333w\" sizes=\"auto, (max-width: 1366px) 100vw, 1366px\" \/><\/p>\n","protected":false},"excerpt":{"rendered":"O godzinie 21.25 dosz\u0142o do wypadku z udzia\u0142em dw\u00f3ch aut osobowych na skrzy\u017cowaniu ulic Kordeckiego\/Traugutta w Ostrowie Wielkopolskim. Trzy osoby zosta\u0142y poszkodowane, w \n<a class=\"moretag\" href=\"https:\/\/ostrowskatv.pl\/?p=24789\"> [...]<\/a>","protected":false},"author":1,"featured_media":24796,"comment_status":"open","ping_status":"closed","sticky":false,"template":"","format":"standard","meta":{"footnotes":""},"categories":[1],"tags":[2],"class_list":["post-24789","post","type-post","status-publish","format-standard","has-post-thumbnail","hentry","category-news","tag-ostrow-wielkopolski"],"_links":{"self":[{"href":"https:\/\/ostrowskatv.pl\/index.php?rest_route=\/wp\/v2\/posts\/24789","targetHints":{"allow":["GET"]}}],"collection":[{"href":"https:\/\/ostrowskatv.pl\/index.php?rest_route=\/wp\/v2\/posts"}],"about":[{"href":"https:\/\/ostrowskatv.pl\/index.php?rest_route=\/wp\/v2\/types\/post"}],"author":[{"embeddable":true,"href":"https:\/\/ostrowskatv.pl\/index.php?rest_route=\/wp\/v2\/users\/1"}],"replies":[{"embeddable":true,"href":"https:\/\/ostrowskatv.pl\/index.php?rest_route=%2Fwp%2Fv2%2Fcomments&post=24789"}],"version-history":[{"count":0,"href":"https:\/\/ostrowskatv.pl\/index.php?rest_route=\/wp\/v2\/posts\/24789\/revisions"}],"wp:featuredmedia":[{"embeddable":true,"href":"https:\/\/ostrowskatv.pl\/index.php?rest_route=\/wp\/v2\/media\/24796"}],"wp:attachment":[{"href":"https:\/\/ostrowskatv.pl\/index.php?rest_route=%2Fwp%2Fv2%2Fmedia&parent=24789"}],"wp:term":[{"taxonomy":"category","embeddable":true,"href":"https:\/\/ostrowskatv.pl\/index.php?rest_route=%2Fwp%2Fv2%2Fcategories&post=24789"},{"taxonomy":"post_tag","embeddable":true,"href":"https:\/\/ostrowskatv.pl\/index.php?rest_route=%2Fwp%2Fv2%2Ftags&post=24789"}],"curies":[{"name":"wp","href":"https:\/\/api.w.org\/{rel}","templated":true}]}}