{"id":24779,"date":"2023-06-05T13:57:51","date_gmt":"2023-06-05T12:57:51","guid":{"rendered":"https:\/\/ostrowskatv.pl\/?p=24779"},"modified":"2023-06-05T13:57:51","modified_gmt":"2023-06-05T12:57:51","slug":"dwa-pozary-w-nocy-w-tej-samej-gminie","status":"publish","type":"post","link":"https:\/\/ostrowskatv.pl\/?p=24779","title":{"rendered":"Dwa po\u017cary w nocy w tej samej gminie"},"content":{"rendered":"<p><strong>Do dw\u00f3ch po\u017car\u00f3w dosz\u0142o minionej nocy w gminie So\u015bnie. Najpierw stra\u017cacy zostali wezwani o godzinie 20.30 do miejscowo\u015bci Janis\u0142awice. Tam ogie\u0144 pojawi\u0142 si\u0119 w murowanej stodole. Na miejsce wys\u0142ano 5 zast\u0119p\u00f3w\u00a0 stra\u017cy po\u017carnej.<\/strong><\/p>\n<p>Ogie\u0144 strawi\u0142 konstrukcj\u0119 dachu oraz 20m3 siana. Dzia\u0142ania zako\u0144czono o 23:16.<\/p>\n<p><img loading=\"lazy\" decoding=\"async\" src=\"https:\/\/ostrowskatv.pl\/wp-content\/uploads\/2023\/06\/janislawice1.jpg\" alt=\"\" width=\"1290\" height=\"968\" class=\"alignnone size-full wp-image-24783\" srcset=\"https:\/\/ostrowskatv.pl\/wp-content\/uploads\/2023\/06\/janislawice1.jpg 1290w, https:\/\/ostrowskatv.pl\/wp-content\/uploads\/2023\/06\/janislawice1-300x225.jpg 300w\" sizes=\"auto, (max-width: 1290px) 100vw, 1290px\" \/><\/p>\n<p><img loading=\"lazy\" decoding=\"async\" src=\"https:\/\/ostrowskatv.pl\/wp-content\/uploads\/2023\/06\/janislawice2.jpg\" alt=\"\" width=\"1290\" height=\"968\" class=\"alignnone size-full wp-image-24784\" srcset=\"https:\/\/ostrowskatv.pl\/wp-content\/uploads\/2023\/06\/janislawice2.jpg 1290w, https:\/\/ostrowskatv.pl\/wp-content\/uploads\/2023\/06\/janislawice2-300x225.jpg 300w\" sizes=\"auto, (max-width: 1290px) 100vw, 1290px\" \/><\/p>\n<p><img loading=\"lazy\" decoding=\"async\" src=\"https:\/\/ostrowskatv.pl\/wp-content\/uploads\/2023\/06\/janislawice3.jpg\" alt=\"\" width=\"1290\" height=\"968\" class=\"alignnone size-full wp-image-24785\" srcset=\"https:\/\/ostrowskatv.pl\/wp-content\/uploads\/2023\/06\/janislawice3.jpg 1290w, https:\/\/ostrowskatv.pl\/wp-content\/uploads\/2023\/06\/janislawice3-300x225.jpg 300w\" sizes=\"auto, (max-width: 1290px) 100vw, 1290px\" \/><\/p>\n<p><img loading=\"lazy\" decoding=\"async\" src=\"https:\/\/ostrowskatv.pl\/wp-content\/uploads\/2023\/06\/janislawice4.jpg\" alt=\"\" width=\"1290\" height=\"968\" class=\"alignnone size-full wp-image-24786\" srcset=\"https:\/\/ostrowskatv.pl\/wp-content\/uploads\/2023\/06\/janislawice4.jpg 1290w, https:\/\/ostrowskatv.pl\/wp-content\/uploads\/2023\/06\/janislawice4-300x225.jpg 300w\" sizes=\"auto, (max-width: 1290px) 100vw, 1290px\" \/><\/p>\n<p>Kilkadziesi\u0105t minut p\u00f3\u017aniej stra\u017cak\u00f3w wys\u0142ano tym razem do Cieszyna, gdzie po\u017car obj\u0105\u0142 drewno sk\u0142adowane w formie pryzmy. Dyspozytor wys\u0142a\u0142 7 zast\u0119p\u00f3w stra\u017cy po\u017carnej. Spaleniu uleg\u0142o 60m3 drewna. Dzia\u0142ania trwa\u0142y a\u017c do godziny 4:30.<\/p>\n<p><img loading=\"lazy\" decoding=\"async\" src=\"https:\/\/ostrowskatv.pl\/wp-content\/uploads\/2023\/06\/cieszyn1-e1685969788158.jpg\" alt=\"\" width=\"1152\" height=\"711\" class=\"alignnone size-full wp-image-24780\" srcset=\"https:\/\/ostrowskatv.pl\/wp-content\/uploads\/2023\/06\/cieszyn1-e1685969788158.jpg 1152w, https:\/\/ostrowskatv.pl\/wp-content\/uploads\/2023\/06\/cieszyn1-e1685969788158-300x185.jpg 300w\" sizes=\"auto, (max-width: 1152px) 100vw, 1152px\" \/><\/p>\n<p><img loading=\"lazy\" decoding=\"async\" src=\"https:\/\/ostrowskatv.pl\/wp-content\/uploads\/2023\/06\/cieszyn2-e1685969801118.jpg\" alt=\"\" width=\"1170\" height=\"593\" class=\"alignnone size-full wp-image-24781\" srcset=\"https:\/\/ostrowskatv.pl\/wp-content\/uploads\/2023\/06\/cieszyn2-e1685969801118.jpg 1170w, https:\/\/ostrowskatv.pl\/wp-content\/uploads\/2023\/06\/cieszyn2-e1685969801118-300x152.jpg 300w\" sizes=\"auto, (max-width: 1170px) 100vw, 1170px\" \/><\/p>\n<p><img loading=\"lazy\" decoding=\"async\" src=\"https:\/\/ostrowskatv.pl\/wp-content\/uploads\/2023\/06\/cieszyn3-e1685969833554.jpg\" alt=\"\" width=\"1152\" height=\"757\" class=\"alignnone size-full wp-image-24782\" srcset=\"https:\/\/ostrowskatv.pl\/wp-content\/uploads\/2023\/06\/cieszyn3-e1685969833554.jpg 1152w, https:\/\/ostrowskatv.pl\/wp-content\/uploads\/2023\/06\/cieszyn3-e1685969833554-300x197.jpg 300w\" sizes=\"auto, (max-width: 1152px) 100vw, 1152px\" \/><\/p>\n","protected":false},"excerpt":{"rendered":"Do dw\u00f3ch po\u017car\u00f3w dosz\u0142o minionej nocy w gminie So\u015bnie. Najpierw stra\u017cacy zostali wezwani o godzinie 20.30 do miejscowo\u015bci Janis\u0142awice. Tam ogie\u0144 pojawi\u0142 si\u0119 \n<a class=\"moretag\" href=\"https:\/\/ostrowskatv.pl\/?p=24779\"> [...]<\/a>","protected":false},"author":1,"featured_media":24784,"comment_status":"open","ping_status":"closed","sticky":false,"template":"","format":"standard","meta":{"footnotes":""},"categories":[1],"tags":[7],"class_list":["post-24779","post","type-post","status-publish","format-standard","has-post-thumbnail","hentry","category-news","tag-pozar"],"_links":{"self":[{"href":"https:\/\/ostrowskatv.pl\/index.php?rest_route=\/wp\/v2\/posts\/24779","targetHints":{"allow":["GET"]}}],"collection":[{"href":"https:\/\/ostrowskatv.pl\/index.php?rest_route=\/wp\/v2\/posts"}],"about":[{"href":"https:\/\/ostrowskatv.pl\/index.php?rest_route=\/wp\/v2\/types\/post"}],"author":[{"embeddable":true,"href":"https:\/\/ostrowskatv.pl\/index.php?rest_route=\/wp\/v2\/users\/1"}],"replies":[{"embeddable":true,"href":"https:\/\/ostrowskatv.pl\/index.php?rest_route=%2Fwp%2Fv2%2Fcomments&post=24779"}],"version-history":[{"count":0,"href":"https:\/\/ostrowskatv.pl\/index.php?rest_route=\/wp\/v2\/posts\/24779\/revisions"}],"wp:featuredmedia":[{"embeddable":true,"href":"https:\/\/ostrowskatv.pl\/index.php?rest_route=\/wp\/v2\/media\/24784"}],"wp:attachment":[{"href":"https:\/\/ostrowskatv.pl\/index.php?rest_route=%2Fwp%2Fv2%2Fmedia&parent=24779"}],"wp:term":[{"taxonomy":"category","embeddable":true,"href":"https:\/\/ostrowskatv.pl\/index.php?rest_route=%2Fwp%2Fv2%2Fcategories&post=24779"},{"taxonomy":"post_tag","embeddable":true,"href":"https:\/\/ostrowskatv.pl\/index.php?rest_route=%2Fwp%2Fv2%2Ftags&post=24779"}],"curies":[{"name":"wp","href":"https:\/\/api.w.org\/{rel}","templated":true}]}}