{"id":24775,"date":"2023-06-05T09:03:10","date_gmt":"2023-06-05T08:03:10","guid":{"rendered":"https:\/\/ostrowskatv.pl\/?p=24775"},"modified":"2023-06-05T09:03:10","modified_gmt":"2023-06-05T08:03:10","slug":"hulajnoga-elektryczna-prawie-puscila-dom-z-dymem","status":"publish","type":"post","link":"https:\/\/ostrowskatv.pl\/?p=24775","title":{"rendered":"Hulajnoga elektryczna prawie pu\u015bci\u0142a dom z dymem"},"content":{"rendered":"<p><strong>\u0141adowanie wszelkich pojazd\u00f3w elektrycznych nosi ze sob\u0105 ryzyko po\u017caru. Przekonali si\u0119 o tym lokatorzy jednego z dom\u00f3w przy ulicy Brackiej w Ostrowie Wielkopolskim.<\/strong><\/p>\n<p>Ze zg\u0142oszenia, kt\u00f3re wp\u0142ywa\u0142o o godzinie 17, wynika\u0142o, \u017ce pali si\u0119 dom jednorodzinny. Na miejsce wys\u0142ano 4 zast\u0119py stra\u017cy po\u017carnej w tym 1 w\u00f3z OSP Ostr\u00f3w Wlkp. Okaza\u0142o si\u0119, \u017ce ogie\u0144 znajdowa\u0142 si\u0119 w gara\u017cu. Wewn\u0105trz \u0142adowano hulajnog\u0119 elektryczn\u0105 i to w\u0142a\u015bnie tam dosz\u0142o do zwarcia i \u017ar\u00f3d\u0142a po\u017caru. Ogie\u0144 rozprzestrzeni\u0142 si\u0119 na hulajnog\u0119, rower, wie\u017c\u0119 hifi i sprz\u0119t znajduj\u0105cy si\u0119 w gara\u017cu.<\/p>\n<p>Odymieniu uleg\u0142o pomieszczenie gara\u017cu oraz cz\u0119\u015b\u0107 zewn\u0119trznej elewacji. Na szcz\u0119\u015bcie mieszka\u0144com uda\u0142o si\u0119 ugasi\u0107 po\u017car jeszcze przed przybyciem stra\u017cak\u00f3w.<\/p>\n<p>Przypominamy, \u017ce w razie po\u017caru w pierwszej kolejno\u015bci nale\u017cy wy\u0142\u0105czy\u0107 zasilanie elektrycznej, cho\u0107by poprzez g\u0142\u00f3wne bezpieczniki &#8211; warto przeszkoli\u0107 wszystkich domownik\u00f3w gdzie one si\u0119 znajduj\u0105. Je\u015bli nie ma ju\u017c pr\u0105du w pierwszej kolejno\u015bci warto u\u017cy\u0107 ga\u015bnicy, cho\u0107by tej b\u0119d\u0105cej na wyposa\u017ceniu samochodu. Dalej mo\u017cna pr\u00f3bowa\u0107 gasi\u0107 wod\u0105.<\/p>\n<p><img loading=\"lazy\" decoding=\"async\" class=\"alignnone size-full wp-image-24776\" src=\"https:\/\/ostrowskatv.pl\/wp-content\/uploads\/2023\/06\/bracka1.jpg\" alt=\"\" width=\"960\" height=\"542\" srcset=\"https:\/\/ostrowskatv.pl\/wp-content\/uploads\/2023\/06\/bracka1.jpg 960w, https:\/\/ostrowskatv.pl\/wp-content\/uploads\/2023\/06\/bracka1-300x169.jpg 300w, https:\/\/ostrowskatv.pl\/wp-content\/uploads\/2023\/06\/bracka1-388x220.jpg 388w\" sizes=\"auto, (max-width: 960px) 100vw, 960px\" \/> <img loading=\"lazy\" decoding=\"async\" class=\"alignnone size-full wp-image-24777\" src=\"https:\/\/ostrowskatv.pl\/wp-content\/uploads\/2023\/06\/bracka2.jpg\" alt=\"\" width=\"2048\" height=\"1536\" srcset=\"https:\/\/ostrowskatv.pl\/wp-content\/uploads\/2023\/06\/bracka2.jpg 2048w, https:\/\/ostrowskatv.pl\/wp-content\/uploads\/2023\/06\/bracka2-300x225.jpg 300w, https:\/\/ostrowskatv.pl\/wp-content\/uploads\/2023\/06\/bracka2-1333x1000.jpg 1333w, https:\/\/ostrowskatv.pl\/wp-content\/uploads\/2023\/06\/bracka2-1536x1152.jpg 1536w\" sizes=\"auto, (max-width: 2048px) 100vw, 2048px\" \/><\/p>\n","protected":false},"excerpt":{"rendered":"\u0141adowanie wszelkich pojazd\u00f3w elektrycznych nosi ze sob\u0105 ryzyko po\u017caru. Przekonali si\u0119 o tym lokatorzy jednego z dom\u00f3w przy ulicy Brackiej w Ostrowie Wielkopolskim. \n<a class=\"moretag\" href=\"https:\/\/ostrowskatv.pl\/?p=24775\"> [...]<\/a>","protected":false},"author":1,"featured_media":24777,"comment_status":"open","ping_status":"closed","sticky":false,"template":"","format":"standard","meta":{"footnotes":""},"categories":[1],"tags":[2],"class_list":["post-24775","post","type-post","status-publish","format-standard","has-post-thumbnail","hentry","category-news","tag-ostrow-wielkopolski"],"_links":{"self":[{"href":"https:\/\/ostrowskatv.pl\/index.php?rest_route=\/wp\/v2\/posts\/24775","targetHints":{"allow":["GET"]}}],"collection":[{"href":"https:\/\/ostrowskatv.pl\/index.php?rest_route=\/wp\/v2\/posts"}],"about":[{"href":"https:\/\/ostrowskatv.pl\/index.php?rest_route=\/wp\/v2\/types\/post"}],"author":[{"embeddable":true,"href":"https:\/\/ostrowskatv.pl\/index.php?rest_route=\/wp\/v2\/users\/1"}],"replies":[{"embeddable":true,"href":"https:\/\/ostrowskatv.pl\/index.php?rest_route=%2Fwp%2Fv2%2Fcomments&post=24775"}],"version-history":[{"count":0,"href":"https:\/\/ostrowskatv.pl\/index.php?rest_route=\/wp\/v2\/posts\/24775\/revisions"}],"wp:featuredmedia":[{"embeddable":true,"href":"https:\/\/ostrowskatv.pl\/index.php?rest_route=\/wp\/v2\/media\/24777"}],"wp:attachment":[{"href":"https:\/\/ostrowskatv.pl\/index.php?rest_route=%2Fwp%2Fv2%2Fmedia&parent=24775"}],"wp:term":[{"taxonomy":"category","embeddable":true,"href":"https:\/\/ostrowskatv.pl\/index.php?rest_route=%2Fwp%2Fv2%2Fcategories&post=24775"},{"taxonomy":"post_tag","embeddable":true,"href":"https:\/\/ostrowskatv.pl\/index.php?rest_route=%2Fwp%2Fv2%2Ftags&post=24775"}],"curies":[{"name":"wp","href":"https:\/\/api.w.org\/{rel}","templated":true}]}}