{"id":24759,"date":"2023-06-01T02:50:19","date_gmt":"2023-06-01T01:50:19","guid":{"rendered":"https:\/\/ostrowskatv.pl\/?p=24759"},"modified":"2023-06-01T02:50:19","modified_gmt":"2023-06-01T01:50:19","slug":"wypadki-motocyklistow-w-centrun-ostrowa","status":"publish","type":"post","link":"https:\/\/ostrowskatv.pl\/?p=24759","title":{"rendered":"Wypadki motocyklist\u00f3w w centrun Ostrowa"},"content":{"rendered":"<p><strong>W ostatnich dniach mi\u0142o\u015bnicy jedno\u015blad\u00f3w, za spraw\u0105 dobrej pogody, cz\u0119\u015bciej wyje\u017cd\u017caj\u0105 na drogi. Zdarza si\u0119, \u017ce pope\u0142niaj\u0105 b\u0142\u0119dy, kt\u00f3re ko\u0144cz\u0105 si\u0119 wypadkiem.<br \/>\n<\/strong><\/p>\n<p>We wtorek na Placu 23 stycznia motocyklistka wjecha\u0142a w zaparkowany samoch\u00f3d marki audi. Na miejsce wezwano stra\u017c po\u017carn\u0105, policj\u0119 i karetk\u0119 pogotowia ratunkowego. Okaza\u0142o si\u0119, \u017ce mieszkanka powiatu ostrowskiego jest trze\u017awa i nie odnios\u0142a powa\u017cniejszych obra\u017ce\u0144 cia\u0142a. <\/p>\n<p><img loading=\"lazy\" decoding=\"async\" src=\"https:\/\/ostrowskatv.pl\/wp-content\/uploads\/2023\/06\/Moto05.jpeg\" alt=\"\" width=\"703\" height=\"421\" class=\"alignnone size-full wp-image-24760\" srcset=\"https:\/\/ostrowskatv.pl\/wp-content\/uploads\/2023\/06\/Moto05.jpeg 703w, https:\/\/ostrowskatv.pl\/wp-content\/uploads\/2023\/06\/Moto05-300x180.jpeg 300w\" sizes=\"auto, (max-width: 703px) 100vw, 703px\" \/><\/p>\n<p><img loading=\"lazy\" decoding=\"async\" src=\"https:\/\/ostrowskatv.pl\/wp-content\/uploads\/2023\/06\/Moto04.jpeg\" alt=\"\" width=\"759\" height=\"397\" class=\"alignnone size-full wp-image-24761\" srcset=\"https:\/\/ostrowskatv.pl\/wp-content\/uploads\/2023\/06\/Moto04.jpeg 759w, https:\/\/ostrowskatv.pl\/wp-content\/uploads\/2023\/06\/Moto04-300x157.jpeg 300w\" sizes=\"auto, (max-width: 759px) 100vw, 759px\" \/><\/p>\n<p><img loading=\"lazy\" decoding=\"async\" src=\"https:\/\/ostrowskatv.pl\/wp-content\/uploads\/2023\/06\/Moto03.jpeg\" alt=\"\" width=\"1152\" height=\"632\" class=\"alignnone size-full wp-image-24762\" srcset=\"https:\/\/ostrowskatv.pl\/wp-content\/uploads\/2023\/06\/Moto03.jpeg 1152w, https:\/\/ostrowskatv.pl\/wp-content\/uploads\/2023\/06\/Moto03-300x165.jpeg 300w\" sizes=\"auto, (max-width: 1152px) 100vw, 1152px\" \/><\/p>\n<p>W \u015brod\u0119 obywatel Ukrainy jecha\u0142 motocyklem ulic\u0105 Kalisk\u0105. Tam postanowi\u0142 wyprzedzi\u0107 fiata, kt\u00f3ry w mi\u0119dzyczasie skr\u0119ca\u0142 w lewo. Motocykl uderzy\u0142 w lewy bok auta. Obywatel Ukrainy dozna\u0142 m. in. urazu kr\u0119gos\u0142upa.<\/p>\n<p><img loading=\"lazy\" decoding=\"async\" src=\"https:\/\/ostrowskatv.pl\/wp-content\/uploads\/2023\/06\/Moto02.jpeg\" alt=\"\" width=\"1365\" height=\"657\" class=\"alignnone size-full wp-image-24763\" srcset=\"https:\/\/ostrowskatv.pl\/wp-content\/uploads\/2023\/06\/Moto02.jpeg 1365w, https:\/\/ostrowskatv.pl\/wp-content\/uploads\/2023\/06\/Moto02-300x144.jpeg 300w, https:\/\/ostrowskatv.pl\/wp-content\/uploads\/2023\/06\/Moto02-1333x642.jpeg 1333w\" sizes=\"auto, (max-width: 1365px) 100vw, 1365px\" \/><\/p>\n<p><img loading=\"lazy\" decoding=\"async\" src=\"https:\/\/ostrowskatv.pl\/wp-content\/uploads\/2023\/06\/Moto01.jpeg\" alt=\"\" width=\"1152\" height=\"956\" class=\"alignnone size-full wp-image-24764\" srcset=\"https:\/\/ostrowskatv.pl\/wp-content\/uploads\/2023\/06\/Moto01.jpeg 1152w, https:\/\/ostrowskatv.pl\/wp-content\/uploads\/2023\/06\/Moto01-300x249.jpeg 300w\" sizes=\"auto, (max-width: 1152px) 100vw, 1152px\" \/><\/p>\n","protected":false},"excerpt":{"rendered":"W ostatnich dniach mi\u0142o\u015bnicy jedno\u015blad\u00f3w, za spraw\u0105 dobrej pogody, cz\u0119\u015bciej wyje\u017cd\u017caj\u0105 na drogi. Zdarza si\u0119, \u017ce pope\u0142niaj\u0105 b\u0142\u0119dy, kt\u00f3re ko\u0144cz\u0105 si\u0119 wypadkiem. We \n<a class=\"moretag\" href=\"https:\/\/ostrowskatv.pl\/?p=24759\"> [...]<\/a>","protected":false},"author":1,"featured_media":24762,"comment_status":"open","ping_status":"closed","sticky":false,"template":"","format":"standard","meta":{"footnotes":""},"categories":[1],"tags":[11],"class_list":["post-24759","post","type-post","status-publish","format-standard","has-post-thumbnail","hentry","category-news","tag-wypadek"],"_links":{"self":[{"href":"https:\/\/ostrowskatv.pl\/index.php?rest_route=\/wp\/v2\/posts\/24759","targetHints":{"allow":["GET"]}}],"collection":[{"href":"https:\/\/ostrowskatv.pl\/index.php?rest_route=\/wp\/v2\/posts"}],"about":[{"href":"https:\/\/ostrowskatv.pl\/index.php?rest_route=\/wp\/v2\/types\/post"}],"author":[{"embeddable":true,"href":"https:\/\/ostrowskatv.pl\/index.php?rest_route=\/wp\/v2\/users\/1"}],"replies":[{"embeddable":true,"href":"https:\/\/ostrowskatv.pl\/index.php?rest_route=%2Fwp%2Fv2%2Fcomments&post=24759"}],"version-history":[{"count":0,"href":"https:\/\/ostrowskatv.pl\/index.php?rest_route=\/wp\/v2\/posts\/24759\/revisions"}],"wp:featuredmedia":[{"embeddable":true,"href":"https:\/\/ostrowskatv.pl\/index.php?rest_route=\/wp\/v2\/media\/24762"}],"wp:attachment":[{"href":"https:\/\/ostrowskatv.pl\/index.php?rest_route=%2Fwp%2Fv2%2Fmedia&parent=24759"}],"wp:term":[{"taxonomy":"category","embeddable":true,"href":"https:\/\/ostrowskatv.pl\/index.php?rest_route=%2Fwp%2Fv2%2Fcategories&post=24759"},{"taxonomy":"post_tag","embeddable":true,"href":"https:\/\/ostrowskatv.pl\/index.php?rest_route=%2Fwp%2Fv2%2Ftags&post=24759"}],"curies":[{"name":"wp","href":"https:\/\/api.w.org\/{rel}","templated":true}]}}