{"id":24718,"date":"2023-05-22T17:48:36","date_gmt":"2023-05-22T16:48:36","guid":{"rendered":"https:\/\/ostrowskatv.pl\/?p=24718"},"modified":"2023-05-22T17:48:36","modified_gmt":"2023-05-22T16:48:36","slug":"pierwszy-alkohol-w-zyciu-16-latka-zakonczyl-sie-spektakularnie","status":"publish","type":"post","link":"https:\/\/ostrowskatv.pl\/?p=24718","title":{"rendered":"Pierwszy alkohol w \u017cyciu 16-latka zako\u0144czy\u0142 si\u0119 spektakularnie"},"content":{"rendered":"<p><strong>Prawie ka\u017cdy kiedy\u015b w ko\u0144cu spr\u00f3buje alkoholu. Wed\u0142ug przepis\u00f3w mo\u017cna go wzi\u0105\u0107 do ust dopiero po uko\u0144czeniu 18. roku \u017cycia, ale jak wiadomo m\u0142odzi ludzie pr\u00f3buj\u0105 go wcze\u015bniej.<\/strong><\/p>\n<p>Ostrowscy policjanci mieli nietypow\u0105 interwencj\u0119 w niedzielny wiecz\u00f3r. Pocz\u0105tkowo jechali do rzekomej szarpaniny w okolicy wiaduktu odolanowskiego. Tam nie znaleziono nikogo podobnego do opisu. Dopiero w rejonie ulic Kopernika\/Piastowska spotkali osoby trzymaj\u0105ce m\u0142odzie\u0144ca na chodniku.<\/p>\n<p>Wed\u0142ug jednej z relacji chwil\u0119 wcze\u015bniej mia\u0142 uderza\u0107 g\u0142ow\u0105 o chodnik, ale inna osoba temu zaprzecza\u0142a. Kiedy 16-latek ocuci\u0142 si\u0119 przy policjantach wyzna\u0142, \u017ce wcze\u015bniej wypi\u0142 pierwszy raz w \u017cyciu dwa kieliszki w\u00f3dki oraz piwo i go sponiewiera\u0142o. Na miejscu by\u0142 zesp\u00f3\u0142 pogotowia ratunkowego, kt\u00f3ry sprawdzi\u0142 stan zdrowia m\u0142odzie\u0144ca. 16-latek nie wymaga\u0142 hospitalizacji.<\/p>\n<p>Na miejscu pojawi\u0142a si\u0119 jego matka, kt\u00f3ra zaopiekowa\u0142a si\u0119 nietrze\u017awym nastolatkiem. Kiedy ten siedzia\u0142 w radiowozie przy otwartych drzwiach nagle wyskoczy\u0142 i zawo\u0142a\u0142: &#8222;Kocham Ci\u0119 Nadia!&#8221;. Wtedy policjant go chwyci\u0142 i zabezpieczy\u0142 przed zrobieniem sobie ewentualnej krzywdy.<\/p>\n<p>Policja sporz\u0105dzi dokumentacj\u0119, kt\u00f3r\u0105 skieruje do s\u0105du dla nieletnich.<\/p>\n<p><img loading=\"lazy\" decoding=\"async\" src=\"https:\/\/ostrowskatv.pl\/wp-content\/uploads\/2023\/05\/Kopernika2.jpeg\" alt=\"\" width=\"1092\" height=\"843\" class=\"alignnone size-full wp-image-24721\" srcset=\"https:\/\/ostrowskatv.pl\/wp-content\/uploads\/2023\/05\/Kopernika2.jpeg 1092w, https:\/\/ostrowskatv.pl\/wp-content\/uploads\/2023\/05\/Kopernika2-300x232.jpeg 300w\" sizes=\"auto, (max-width: 1092px) 100vw, 1092px\" \/><\/p>\n<p>Wed\u0142ug bada\u0144, w Polsce 21,1% dzieci w wieku 11\u201315 lat upi\u0142o si\u0119 co najmniej raz w \u017cyciu, a 6,4% pije alkohol co najmniej raz tygodniu. Wed\u0142ug tych samych bada\u0144 34,9% dzieci po raz pierwszy pi\u0142o alkohol, maj\u0105c 13 lat lub mniej, a 9,2% po raz pierwszy upi\u0142o si\u0119 w tym wieku. <\/p>\n<p>Wska\u017aniki picia i upijania rosn\u0105 wraz si\u0119 z wiekiem. Piwo od wielu lat pozostaje najcz\u0119\u015bciej spo\u017cywanym przez m\u0142odzie\u017c napojem alkoholowym. <\/p>\n<p>W stosunku do 2010 r. zmniejszy\u0142a si\u0119 cz\u0119sto\u015b\u0107 picia alkoholu i upijania si\u0119, a tak\u017ce op\u00f3\u017ani\u0142 si\u0119 wiek inicjacji alkoholowej. Pozytywne zmiany by\u0142y w g\u0142\u00f3wnej mierze efektem poprawy sytuacji w grupie ch\u0142opc\u00f3w. Zauwa\u017calny jest wzrost niekorzystnych zachowa\u0144 zwi\u0105zanych z piciem alkoholu w\u015br\u00f3d dziewcz\u0105t<\/p>\n<p>Wed\u0142ug PARPA og\u00f3\u0142em 25% doros\u0142ych Polak\u00f3w si\u0119ga po alkohol co najmniej raz w tygodniu (38% m\u0119\u017cczyzn i ponad 10% kobiet). Grupa os\u00f3b najwi\u0119cej pij\u0105cych (powy\u017cej 12 l 100% alkoholu rocznie), kt\u00f3ra stanowi 7,3% konsument\u00f3w napoj\u00f3w alkoholowych, spo\u017cywa 46,1% ca\u0142ego wypijanego alkoholu. <\/p>\n","protected":false},"excerpt":{"rendered":"Prawie ka\u017cdy kiedy\u015b w ko\u0144cu spr\u00f3buje alkoholu. Wed\u0142ug przepis\u00f3w mo\u017cna go wzi\u0105\u0107 do ust dopiero po uko\u0144czeniu 18. roku \u017cycia, ale jak wiadomo \n<a class=\"moretag\" href=\"https:\/\/ostrowskatv.pl\/?p=24718\"> [...]<\/a>","protected":false},"author":1,"featured_media":24720,"comment_status":"open","ping_status":"closed","sticky":false,"template":"","format":"standard","meta":{"footnotes":""},"categories":[1],"tags":[2],"class_list":["post-24718","post","type-post","status-publish","format-standard","has-post-thumbnail","hentry","category-news","tag-ostrow-wielkopolski"],"_links":{"self":[{"href":"https:\/\/ostrowskatv.pl\/index.php?rest_route=\/wp\/v2\/posts\/24718","targetHints":{"allow":["GET"]}}],"collection":[{"href":"https:\/\/ostrowskatv.pl\/index.php?rest_route=\/wp\/v2\/posts"}],"about":[{"href":"https:\/\/ostrowskatv.pl\/index.php?rest_route=\/wp\/v2\/types\/post"}],"author":[{"embeddable":true,"href":"https:\/\/ostrowskatv.pl\/index.php?rest_route=\/wp\/v2\/users\/1"}],"replies":[{"embeddable":true,"href":"https:\/\/ostrowskatv.pl\/index.php?rest_route=%2Fwp%2Fv2%2Fcomments&post=24718"}],"version-history":[{"count":0,"href":"https:\/\/ostrowskatv.pl\/index.php?rest_route=\/wp\/v2\/posts\/24718\/revisions"}],"wp:featuredmedia":[{"embeddable":true,"href":"https:\/\/ostrowskatv.pl\/index.php?rest_route=\/wp\/v2\/media\/24720"}],"wp:attachment":[{"href":"https:\/\/ostrowskatv.pl\/index.php?rest_route=%2Fwp%2Fv2%2Fmedia&parent=24718"}],"wp:term":[{"taxonomy":"category","embeddable":true,"href":"https:\/\/ostrowskatv.pl\/index.php?rest_route=%2Fwp%2Fv2%2Fcategories&post=24718"},{"taxonomy":"post_tag","embeddable":true,"href":"https:\/\/ostrowskatv.pl\/index.php?rest_route=%2Fwp%2Fv2%2Ftags&post=24718"}],"curies":[{"name":"wp","href":"https:\/\/api.w.org\/{rel}","templated":true}]}}