{"id":24715,"date":"2023-05-22T10:21:45","date_gmt":"2023-05-22T09:21:45","guid":{"rendered":"https:\/\/ostrowskatv.pl\/?p=24715"},"modified":"2023-05-22T10:22:27","modified_gmt":"2023-05-22T09:22:27","slug":"male-dziecko-w-wozku-a-rodzice-pijani","status":"publish","type":"post","link":"https:\/\/ostrowskatv.pl\/?p=24715","title":{"rendered":"Ma\u0142e dziecko w w\u00f3zku, a rodzice pijani"},"content":{"rendered":"<p><strong>Du\u017c\u0105 nieodpowiedzialno\u015bci\u0105 wykazali si\u0119 rodzice 2-letniej dziewczynki, kt\u00f3rzy wybrali si\u0119 &#8222;na spacer&#8221;. Matka by\u0142a mocno pijana, ale ojciec te\u017c za ko\u0142nierz nie wyla\u0142.<\/strong><\/p>\n<p>Oko\u0142o godziny 1 w nocy z soboty na niedziel\u0119 policjanci otrzymali zg\u0142oszenie, \u017ce ulic\u0105 Partyzanck\u0105 idzie para z w\u00f3zkiem dzieci\u0119cym, a ich zachowanie wskazuje, \u017ce mog\u0105 by\u0107 pijani. I faktycznie na Placu 23 stycznia policjanci namierzyli par\u0119 i poddali badaniu na zawarto\u015b\u0107 alkoholu.<\/p>\n<p>Matka wydmucha\u0142a oko\u0142o 2 promile, a ojciec p\u00f3\u0142 promila. Policjanci zapewnili dziecku opiek\u0119, a akta sprawy trafi\u0105 do s\u0105du rodzinnego. Rodzice s\u0105 pochodzenia Ukrai\u0144cami.<\/p>\n","protected":false},"excerpt":{"rendered":"Du\u017c\u0105 nieodpowiedzialno\u015bci\u0105 wykazali si\u0119 rodzice 2-letniej dziewczynki, kt\u00f3rzy wybrali si\u0119 &#8222;na spacer&#8221;. Matka by\u0142a mocno pijana, ale ojciec te\u017c za ko\u0142nierz nie wyla\u0142. \n<a class=\"moretag\" href=\"https:\/\/ostrowskatv.pl\/?p=24715\"> [...]<\/a>","protected":false},"author":1,"featured_media":7448,"comment_status":"open","ping_status":"closed","sticky":false,"template":"","format":"standard","meta":{"footnotes":""},"categories":[1],"tags":[2],"class_list":["post-24715","post","type-post","status-publish","format-standard","has-post-thumbnail","hentry","category-news","tag-ostrow-wielkopolski"],"_links":{"self":[{"href":"https:\/\/ostrowskatv.pl\/index.php?rest_route=\/wp\/v2\/posts\/24715","targetHints":{"allow":["GET"]}}],"collection":[{"href":"https:\/\/ostrowskatv.pl\/index.php?rest_route=\/wp\/v2\/posts"}],"about":[{"href":"https:\/\/ostrowskatv.pl\/index.php?rest_route=\/wp\/v2\/types\/post"}],"author":[{"embeddable":true,"href":"https:\/\/ostrowskatv.pl\/index.php?rest_route=\/wp\/v2\/users\/1"}],"replies":[{"embeddable":true,"href":"https:\/\/ostrowskatv.pl\/index.php?rest_route=%2Fwp%2Fv2%2Fcomments&post=24715"}],"version-history":[{"count":0,"href":"https:\/\/ostrowskatv.pl\/index.php?rest_route=\/wp\/v2\/posts\/24715\/revisions"}],"wp:featuredmedia":[{"embeddable":true,"href":"https:\/\/ostrowskatv.pl\/index.php?rest_route=\/wp\/v2\/media\/7448"}],"wp:attachment":[{"href":"https:\/\/ostrowskatv.pl\/index.php?rest_route=%2Fwp%2Fv2%2Fmedia&parent=24715"}],"wp:term":[{"taxonomy":"category","embeddable":true,"href":"https:\/\/ostrowskatv.pl\/index.php?rest_route=%2Fwp%2Fv2%2Fcategories&post=24715"},{"taxonomy":"post_tag","embeddable":true,"href":"https:\/\/ostrowskatv.pl\/index.php?rest_route=%2Fwp%2Fv2%2Ftags&post=24715"}],"curies":[{"name":"wp","href":"https:\/\/api.w.org\/{rel}","templated":true}]}}