{"id":247,"date":"2016-01-26T21:00:23","date_gmt":"2016-01-26T20:00:23","guid":{"rendered":"http:\/\/ostrowska.tv\/?p=247"},"modified":"2016-01-26T21:00:23","modified_gmt":"2016-01-26T20:00:23","slug":"wraca-temat-hali-radny-pyta-o-wyczyszczenie-hipoteki","status":"publish","type":"post","link":"https:\/\/ostrowskatv.pl\/?p=247","title":{"rendered":"Wraca temat hali. Radny pyta o &#8222;wyczyszczenie hipoteki&#8221;"},"content":{"rendered":"<p><strong>W dalszym ci\u0105gu sporo kontrowersji budzi temat hali przy ulicy Kusoci\u0144skiego. W\u0142adze miasta prowadz\u0105 w tej sprawie rozmowy ze sp\u00f3\u0142k\u0105 BM Slam. Nowy w\u0105tek do dyskusji wprowadzi\u0142 w poniedzia\u0142ek radny Wojciech Matuszczak.<\/strong><\/p>\n<p>Podczas Komisji Dzia\u0142alno\u015bci Gospodarczej, \u0141adu Przestrzennego i Gospodarki Gruntami radny zapyta\u0142 wiceprezydent Ostrowa Wielkopolskiego Ew\u0119 Mateck\u0105, czy prawd\u0105 jest, \u017ce miasto poprosi\u0142o sp\u00f3\u0142k\u0119 BM Slam o &#8222;wyczyszczenie hipoteki&#8221;. W praktyce mia\u0142by to by\u0107 jeden z etap\u00f3w  w drodze do odkupienia hali, tak aby miasto nie przej\u0119\u0142o jej wraz ze zobowi\u0105zaniami. <\/p>\n<p>Co ciekawe wiceprezydent Matecka odpowiedzia\u0142a, \u017ce nie chodzi o &#8222;wyczyszczenie hipoteki&#8221;, ale normalnym jest, \u017ce miasto nie mo\u017ce kupi\u0107 obiektu, kt\u00f3ry posiada jakiekolwiek zobowi\u0105zania. Szerzej tematu komentowa\u0107 nie chcia\u0142a i poprosi\u0142a radnego o pytania na pi\u015bmie.<\/p>\n<p>Do naszej redakcji docieraj\u0105 jednak informacje z r\u00f3\u017cnych \u017ar\u00f3de\u0142, \u017ce miasto rzeczywi\u015bcie zamierza powa\u017cnie rozwa\u017cy\u0107 propozycj\u0119 sp\u00f3\u0142ki BM Slam, kt\u00f3rej wcze\u015bniej zosta\u0142y sprzedane grunty przy Kusoci\u0144skiego. W tej chwili trudno jednak powiedzie\u0107, jaki jest plan na przekonanie radnych, zw\u0142aszcza tych z Platformy Obywatelskiej, kt\u00f3rzy zarzucaj\u0105 Beacie Klimek brak konsekwencji. Cz\u0119\u015b\u0107 z nich ju\u017c zapowiedzia\u0142a, \u017ce nie podniesie r\u0119ki za t\u0105 inwestycj\u0105. <\/p>\n<p>Wi\u0119cej informacji w tej sprawie pojawi si\u0119 z pewno\u015bci\u0105 po najbli\u017cszej Sesji Rady Miejskiej Ostrowa Wielkopolskiego, kt\u00f3ra zosta\u0142a zaplanowana na najbli\u017csz\u0105 \u015brod\u0119.<\/p>\n","protected":false},"excerpt":{"rendered":"W dalszym ci\u0105gu sporo kontrowersji budzi temat hali przy ulicy Kusoci\u0144skiego. W\u0142adze miasta prowadz\u0105 w tej sprawie rozmowy ze sp\u00f3\u0142k\u0105 BM Slam. Nowy \n<a class=\"moretag\" href=\"https:\/\/ostrowskatv.pl\/?p=247\"> [...]<\/a>","protected":false},"author":1,"featured_media":76,"comment_status":"open","ping_status":"open","sticky":false,"template":"","format":"standard","meta":{"footnotes":""},"categories":[1],"tags":[23],"class_list":["post-247","post","type-post","status-publish","format-standard","has-post-thumbnail","hentry","category-news","tag-hala"],"_links":{"self":[{"href":"https:\/\/ostrowskatv.pl\/index.php?rest_route=\/wp\/v2\/posts\/247","targetHints":{"allow":["GET"]}}],"collection":[{"href":"https:\/\/ostrowskatv.pl\/index.php?rest_route=\/wp\/v2\/posts"}],"about":[{"href":"https:\/\/ostrowskatv.pl\/index.php?rest_route=\/wp\/v2\/types\/post"}],"author":[{"embeddable":true,"href":"https:\/\/ostrowskatv.pl\/index.php?rest_route=\/wp\/v2\/users\/1"}],"replies":[{"embeddable":true,"href":"https:\/\/ostrowskatv.pl\/index.php?rest_route=%2Fwp%2Fv2%2Fcomments&post=247"}],"version-history":[{"count":0,"href":"https:\/\/ostrowskatv.pl\/index.php?rest_route=\/wp\/v2\/posts\/247\/revisions"}],"wp:featuredmedia":[{"embeddable":true,"href":"https:\/\/ostrowskatv.pl\/index.php?rest_route=\/wp\/v2\/media\/76"}],"wp:attachment":[{"href":"https:\/\/ostrowskatv.pl\/index.php?rest_route=%2Fwp%2Fv2%2Fmedia&parent=247"}],"wp:term":[{"taxonomy":"category","embeddable":true,"href":"https:\/\/ostrowskatv.pl\/index.php?rest_route=%2Fwp%2Fv2%2Fcategories&post=247"},{"taxonomy":"post_tag","embeddable":true,"href":"https:\/\/ostrowskatv.pl\/index.php?rest_route=%2Fwp%2Fv2%2Ftags&post=247"}],"curies":[{"name":"wp","href":"https:\/\/api.w.org\/{rel}","templated":true}]}}