{"id":24668,"date":"2023-05-20T17:00:23","date_gmt":"2023-05-20T16:00:23","guid":{"rendered":"https:\/\/ostrowskatv.pl\/?p=24668"},"modified":"2023-05-20T17:00:23","modified_gmt":"2023-05-20T16:00:23","slug":"nastolatek-bez-hamulcow-wpadl-w-pijanego-kierowce-kto-bedzie-sprawca-zdjecia","status":"publish","type":"post","link":"https:\/\/ostrowskatv.pl\/?p=24668","title":{"rendered":"Nastolatek bez hamulc\u00f3w wpad\u0142 w pijanego kierowc\u0119 &#8211; kto b\u0119dzie sprawc\u0105? (ZDJ\u0118CIA)"},"content":{"rendered":"<p><strong>Oko\u0142o godziny 16 dosz\u0142o do nietypowego zdarzenia w Ostrowie Wielkopolskim na ulicy Sosnowej. Na skrzy\u017cowaniu z ulic\u0105 \u015awierkow\u0105 zderzyli si\u0119 z 16-letni rowerzysta z samochodem osobowym marki renault. Szczeg\u00f3\u0142y zdarzenia s\u0105 do\u015b\u0107 nietypowe.<\/strong><\/p>\n<p>Od strony ulicy \u015awierkowej nadje\u017cd\u017ca\u0142o kilkoro rowerzyst\u00f3w w wieku oko\u0142o 16 lat. Jeden z nich zbli\u017caj\u0105c si\u0119 do g\u0142\u00f3wnej drogi nie wyhamowa\u0142, poniewa\u017c jecha\u0142 z niesprawnymi hamulcami. Tam zderzy\u0142 si\u0119 z renault jad\u0105cym w stron\u0119 ulicy Staroprzygodzkiej. <\/p>\n<p>Kierowca osob\u00f3wki podj\u0105\u0142 manewr obronny w wyniku kt\u00f3rego skr\u0119ci\u0142 w lewo i staranowa\u0142 ogrodzenie pobliskiej posesji. Po zdarzeniu posprz\u0105ta\u0142 plastiki i zacz\u0105\u0142 oddala\u0107 si\u0119 pieszo w stron\u0119 ulicy Staroprzygodzkiej. Tam zosta\u0142 zatrzymany przez policjant\u00f3w i wydmucha\u0142 1.8 promila. Przekonywa\u0142, \u017ce napi\u0142 si\u0119 alkoholu ju\u017c po zdarzeniu, co raczej jest ma\u0142o prawdopodobne, \u017ceby w nieca\u0142e p\u00f3\u0142 godziny osi\u0105gn\u0105\u0107 takie st\u0119\u017cenie alkoholu. <\/p>\n<p>Rowerzysta le\u017ca\u0142 na asfalcie, a rower ma pokrzywione przednie ko\u0142o. Jego znajomi m\u00f3wili, \u017ce chcieli jecha\u0107 w lewo wyje\u017cd\u017caj\u0105c z drogi podporz\u0105dkowanej. \u017badna z tych m\u0142odych os\u00f3b nie mia\u0142a za\u0142o\u017conego kasku. <\/p>\n<p>Prawdopodobnie mo\u017ce by\u0107 tak, \u017ce rowerzysta odpowie za spowodowanie kolizji i uszkodzenia auta, a pijany kierowca za jazd\u0119 pod wp\u0142ywem alkoholu. Je\u015bli sprawa trafi do s\u0105du mo\u017ce zosta\u0107 ustalone przyczynienie si\u0119 do zdarzenia, czyli np. cz\u0119\u015bciowa wina kierowcy renault.<\/p>\n<p><img loading=\"lazy\" decoding=\"async\" src=\"https:\/\/ostrowskatv.pl\/wp-content\/uploads\/2023\/05\/20230520_163809-02.jpeg\" alt=\"\" width=\"1366\" height=\"1025\" class=\"alignnone size-full wp-image-24670\" srcset=\"https:\/\/ostrowskatv.pl\/wp-content\/uploads\/2023\/05\/20230520_163809-02.jpeg 1366w, https:\/\/ostrowskatv.pl\/wp-content\/uploads\/2023\/05\/20230520_163809-02-300x225.jpeg 300w, https:\/\/ostrowskatv.pl\/wp-content\/uploads\/2023\/05\/20230520_163809-02-1333x1000.jpeg 1333w\" sizes=\"auto, (max-width: 1366px) 100vw, 1366px\" \/><\/p>\n<p><img loading=\"lazy\" decoding=\"async\" src=\"https:\/\/ostrowskatv.pl\/wp-content\/uploads\/2023\/05\/20230520_163930-01.jpeg\" alt=\"\" width=\"1366\" height=\"852\" class=\"alignnone size-full wp-image-24671\" srcset=\"https:\/\/ostrowskatv.pl\/wp-content\/uploads\/2023\/05\/20230520_163930-01.jpeg 1366w, https:\/\/ostrowskatv.pl\/wp-content\/uploads\/2023\/05\/20230520_163930-01-300x187.jpeg 300w, https:\/\/ostrowskatv.pl\/wp-content\/uploads\/2023\/05\/20230520_163930-01-1333x831.jpeg 1333w\" sizes=\"auto, (max-width: 1366px) 100vw, 1366px\" \/><\/p>\n<p><img loading=\"lazy\" decoding=\"async\" src=\"https:\/\/ostrowskatv.pl\/wp-content\/uploads\/2023\/05\/20230520_163946-01.jpeg\" alt=\"\" width=\"1366\" height=\"813\" class=\"alignnone size-full wp-image-24672\" srcset=\"https:\/\/ostrowskatv.pl\/wp-content\/uploads\/2023\/05\/20230520_163946-01.jpeg 1366w, https:\/\/ostrowskatv.pl\/wp-content\/uploads\/2023\/05\/20230520_163946-01-300x179.jpeg 300w, https:\/\/ostrowskatv.pl\/wp-content\/uploads\/2023\/05\/20230520_163946-01-1333x793.jpeg 1333w\" sizes=\"auto, (max-width: 1366px) 100vw, 1366px\" \/><\/p>\n<p><img loading=\"lazy\" decoding=\"async\" src=\"https:\/\/ostrowskatv.pl\/wp-content\/uploads\/2023\/05\/20230520_164022-01.jpeg\" alt=\"\" width=\"1025\" height=\"1366\" class=\"alignnone size-full wp-image-24673\" srcset=\"https:\/\/ostrowskatv.pl\/wp-content\/uploads\/2023\/05\/20230520_164022-01.jpeg 1025w, https:\/\/ostrowskatv.pl\/wp-content\/uploads\/2023\/05\/20230520_164022-01-225x300.jpeg 225w, https:\/\/ostrowskatv.pl\/wp-content\/uploads\/2023\/05\/20230520_164022-01-1000x1333.jpeg 1000w\" sizes=\"auto, (max-width: 1025px) 100vw, 1025px\" \/><\/p>\n<p><img loading=\"lazy\" decoding=\"async\" src=\"https:\/\/ostrowskatv.pl\/wp-content\/uploads\/2023\/05\/20230520_164026-01.jpeg\" alt=\"\" width=\"1366\" height=\"1025\" class=\"alignnone size-full wp-image-24674\" srcset=\"https:\/\/ostrowskatv.pl\/wp-content\/uploads\/2023\/05\/20230520_164026-01.jpeg 1366w, https:\/\/ostrowskatv.pl\/wp-content\/uploads\/2023\/05\/20230520_164026-01-300x225.jpeg 300w, https:\/\/ostrowskatv.pl\/wp-content\/uploads\/2023\/05\/20230520_164026-01-1333x1000.jpeg 1333w\" sizes=\"auto, (max-width: 1366px) 100vw, 1366px\" \/><\/p>\n<p><img loading=\"lazy\" decoding=\"async\" src=\"https:\/\/ostrowskatv.pl\/wp-content\/uploads\/2023\/05\/20230520_164032-01.jpeg\" alt=\"\" width=\"1366\" height=\"819\" class=\"alignnone size-full wp-image-24675\" srcset=\"https:\/\/ostrowskatv.pl\/wp-content\/uploads\/2023\/05\/20230520_164032-01.jpeg 1366w, https:\/\/ostrowskatv.pl\/wp-content\/uploads\/2023\/05\/20230520_164032-01-300x180.jpeg 300w, https:\/\/ostrowskatv.pl\/wp-content\/uploads\/2023\/05\/20230520_164032-01-1333x799.jpeg 1333w\" sizes=\"auto, (max-width: 1366px) 100vw, 1366px\" \/><\/p>\n<p><img loading=\"lazy\" decoding=\"async\" src=\"https:\/\/ostrowskatv.pl\/wp-content\/uploads\/2023\/05\/20230520_164300-01.jpeg\" alt=\"\" width=\"1366\" height=\"747\" class=\"alignnone size-full wp-image-24676\" srcset=\"https:\/\/ostrowskatv.pl\/wp-content\/uploads\/2023\/05\/20230520_164300-01.jpeg 1366w, https:\/\/ostrowskatv.pl\/wp-content\/uploads\/2023\/05\/20230520_164300-01-300x164.jpeg 300w, https:\/\/ostrowskatv.pl\/wp-content\/uploads\/2023\/05\/20230520_164300-01-1333x729.jpeg 1333w\" sizes=\"auto, (max-width: 1366px) 100vw, 1366px\" \/><\/p>\n<p><img loading=\"lazy\" decoding=\"async\" src=\"https:\/\/ostrowskatv.pl\/wp-content\/uploads\/2023\/05\/20230520_164320-01.jpeg\" alt=\"\" width=\"1366\" height=\"910\" class=\"alignnone size-full wp-image-24677\" srcset=\"https:\/\/ostrowskatv.pl\/wp-content\/uploads\/2023\/05\/20230520_164320-01.jpeg 1366w, https:\/\/ostrowskatv.pl\/wp-content\/uploads\/2023\/05\/20230520_164320-01-300x200.jpeg 300w, https:\/\/ostrowskatv.pl\/wp-content\/uploads\/2023\/05\/20230520_164320-01-1333x888.jpeg 1333w\" sizes=\"auto, (max-width: 1366px) 100vw, 1366px\" \/><\/p>\n<p><img loading=\"lazy\" decoding=\"async\" src=\"https:\/\/ostrowskatv.pl\/wp-content\/uploads\/2023\/05\/20230520_164149-scaled.jpg\" alt=\"\" width=\"2560\" height=\"1735\" class=\"alignnone size-full wp-image-24678\" srcset=\"https:\/\/ostrowskatv.pl\/wp-content\/uploads\/2023\/05\/20230520_164149-scaled.jpg 2560w, https:\/\/ostrowskatv.pl\/wp-content\/uploads\/2023\/05\/20230520_164149-300x203.jpg 300w, https:\/\/ostrowskatv.pl\/wp-content\/uploads\/2023\/05\/20230520_164149-1333x903.jpg 1333w, https:\/\/ostrowskatv.pl\/wp-content\/uploads\/2023\/05\/20230520_164149-1536x1041.jpg 1536w, https:\/\/ostrowskatv.pl\/wp-content\/uploads\/2023\/05\/20230520_164149-2048x1388.jpg 2048w\" sizes=\"auto, (max-width: 2560px) 100vw, 2560px\" \/><\/p>\n","protected":false},"excerpt":{"rendered":"Oko\u0142o godziny 16 dosz\u0142o do nietypowego zdarzenia w Ostrowie Wielkopolskim na ulicy Sosnowej. Na skrzy\u017cowaniu z ulic\u0105 \u015awierkow\u0105 zderzyli si\u0119 z 16-letni rowerzysta \n<a class=\"moretag\" href=\"https:\/\/ostrowskatv.pl\/?p=24668\"> [...]<\/a>","protected":false},"author":1,"featured_media":24670,"comment_status":"open","ping_status":"closed","sticky":false,"template":"","format":"standard","meta":{"footnotes":""},"categories":[1],"tags":[11],"class_list":["post-24668","post","type-post","status-publish","format-standard","has-post-thumbnail","hentry","category-news","tag-wypadek"],"_links":{"self":[{"href":"https:\/\/ostrowskatv.pl\/index.php?rest_route=\/wp\/v2\/posts\/24668","targetHints":{"allow":["GET"]}}],"collection":[{"href":"https:\/\/ostrowskatv.pl\/index.php?rest_route=\/wp\/v2\/posts"}],"about":[{"href":"https:\/\/ostrowskatv.pl\/index.php?rest_route=\/wp\/v2\/types\/post"}],"author":[{"embeddable":true,"href":"https:\/\/ostrowskatv.pl\/index.php?rest_route=\/wp\/v2\/users\/1"}],"replies":[{"embeddable":true,"href":"https:\/\/ostrowskatv.pl\/index.php?rest_route=%2Fwp%2Fv2%2Fcomments&post=24668"}],"version-history":[{"count":0,"href":"https:\/\/ostrowskatv.pl\/index.php?rest_route=\/wp\/v2\/posts\/24668\/revisions"}],"wp:featuredmedia":[{"embeddable":true,"href":"https:\/\/ostrowskatv.pl\/index.php?rest_route=\/wp\/v2\/media\/24670"}],"wp:attachment":[{"href":"https:\/\/ostrowskatv.pl\/index.php?rest_route=%2Fwp%2Fv2%2Fmedia&parent=24668"}],"wp:term":[{"taxonomy":"category","embeddable":true,"href":"https:\/\/ostrowskatv.pl\/index.php?rest_route=%2Fwp%2Fv2%2Fcategories&post=24668"},{"taxonomy":"post_tag","embeddable":true,"href":"https:\/\/ostrowskatv.pl\/index.php?rest_route=%2Fwp%2Fv2%2Ftags&post=24668"}],"curies":[{"name":"wp","href":"https:\/\/api.w.org\/{rel}","templated":true}]}}