{"id":24661,"date":"2023-05-20T12:25:15","date_gmt":"2023-05-20T11:25:15","guid":{"rendered":"https:\/\/ostrowskatv.pl\/?p=24661"},"modified":"2023-05-20T12:25:15","modified_gmt":"2023-05-20T11:25:15","slug":"zderzenie-audi-i-renault-na-kr-jadwigi","status":"publish","type":"post","link":"https:\/\/ostrowskatv.pl\/?p=24661","title":{"rendered":"Zderzenie audi i renault na Kr. Jadwigi"},"content":{"rendered":"<p><strong>W sobotnie po\u0142udnie dosz\u0142o do zderzenia dw\u00f3ch aut osobowych na skrzy\u017cowaniu ulic Harcerskiej i Kr. Jadwigi w Ostrowie Wielkopolskim. Nikt nie zosta\u0142 poszkodowany.<\/strong><\/p>\n<p>M\u0119\u017cczyzna kieruj\u0105c renault captur nie ust\u0105pi\u0142 pierwsze\u0144stwa i uderzy\u0142 w bok audi rozdzieraj\u0105c jego drzwi. Na miejsce wezwano policj\u0119.<\/p>\n<p><img loading=\"lazy\" decoding=\"async\" src=\"https:\/\/ostrowskatv.pl\/wp-content\/uploads\/2023\/05\/20230520_123136-01.jpeg\" alt=\"\" width=\"1366\" height=\"1025\" class=\"alignnone size-full wp-image-24662\" srcset=\"https:\/\/ostrowskatv.pl\/wp-content\/uploads\/2023\/05\/20230520_123136-01.jpeg 1366w, https:\/\/ostrowskatv.pl\/wp-content\/uploads\/2023\/05\/20230520_123136-01-300x225.jpeg 300w, https:\/\/ostrowskatv.pl\/wp-content\/uploads\/2023\/05\/20230520_123136-01-1333x1000.jpeg 1333w\" sizes=\"auto, (max-width: 1366px) 100vw, 1366px\" \/><\/p>\n<p><img loading=\"lazy\" decoding=\"async\" src=\"https:\/\/ostrowskatv.pl\/wp-content\/uploads\/2023\/05\/20230520_124455-01.jpeg\" alt=\"\" width=\"1365\" height=\"661\" class=\"alignnone size-full wp-image-24663\" srcset=\"https:\/\/ostrowskatv.pl\/wp-content\/uploads\/2023\/05\/20230520_124455-01.jpeg 1365w, https:\/\/ostrowskatv.pl\/wp-content\/uploads\/2023\/05\/20230520_124455-01-300x145.jpeg 300w, https:\/\/ostrowskatv.pl\/wp-content\/uploads\/2023\/05\/20230520_124455-01-1333x646.jpeg 1333w\" sizes=\"auto, (max-width: 1365px) 100vw, 1365px\" \/><\/p>\n<p><img loading=\"lazy\" decoding=\"async\" src=\"https:\/\/ostrowskatv.pl\/wp-content\/uploads\/2023\/05\/20230520_124151-01.jpeg\" alt=\"\" width=\"1228\" height=\"1366\" class=\"alignnone size-full wp-image-24664\" srcset=\"https:\/\/ostrowskatv.pl\/wp-content\/uploads\/2023\/05\/20230520_124151-01.jpeg 1228w, https:\/\/ostrowskatv.pl\/wp-content\/uploads\/2023\/05\/20230520_124151-01-270x300.jpeg 270w, https:\/\/ostrowskatv.pl\/wp-content\/uploads\/2023\/05\/20230520_124151-01-1198x1333.jpeg 1198w\" sizes=\"auto, (max-width: 1228px) 100vw, 1228px\" \/><\/p>\n<p><img loading=\"lazy\" decoding=\"async\" src=\"https:\/\/ostrowskatv.pl\/wp-content\/uploads\/2023\/05\/20230520_124104-01.jpeg\" alt=\"\" width=\"1365\" height=\"792\" class=\"alignnone size-full wp-image-24665\" srcset=\"https:\/\/ostrowskatv.pl\/wp-content\/uploads\/2023\/05\/20230520_124104-01.jpeg 1365w, https:\/\/ostrowskatv.pl\/wp-content\/uploads\/2023\/05\/20230520_124104-01-300x174.jpeg 300w, https:\/\/ostrowskatv.pl\/wp-content\/uploads\/2023\/05\/20230520_124104-01-1333x773.jpeg 1333w\" sizes=\"auto, (max-width: 1365px) 100vw, 1365px\" \/><\/p>\n<p><img loading=\"lazy\" decoding=\"async\" src=\"https:\/\/ostrowskatv.pl\/wp-content\/uploads\/2023\/05\/20230520_124032-01.jpeg\" alt=\"\" width=\"1366\" height=\"1012\" class=\"alignnone size-full wp-image-24666\" srcset=\"https:\/\/ostrowskatv.pl\/wp-content\/uploads\/2023\/05\/20230520_124032-01.jpeg 1366w, https:\/\/ostrowskatv.pl\/wp-content\/uploads\/2023\/05\/20230520_124032-01-300x222.jpeg 300w, https:\/\/ostrowskatv.pl\/wp-content\/uploads\/2023\/05\/20230520_124032-01-1333x988.jpeg 1333w\" sizes=\"auto, (max-width: 1366px) 100vw, 1366px\" \/><\/p>\n","protected":false},"excerpt":{"rendered":"W sobotnie po\u0142udnie dosz\u0142o do zderzenia dw\u00f3ch aut osobowych na skrzy\u017cowaniu ulic Harcerskiej i Kr. Jadwigi w Ostrowie Wielkopolskim. Nikt nie zosta\u0142 poszkodowany. \n<a class=\"moretag\" href=\"https:\/\/ostrowskatv.pl\/?p=24661\"> [...]<\/a>","protected":false},"author":1,"featured_media":24665,"comment_status":"open","ping_status":"closed","sticky":false,"template":"","format":"standard","meta":{"footnotes":""},"categories":[1],"tags":[],"class_list":["post-24661","post","type-post","status-publish","format-standard","has-post-thumbnail","hentry","category-news"],"_links":{"self":[{"href":"https:\/\/ostrowskatv.pl\/index.php?rest_route=\/wp\/v2\/posts\/24661","targetHints":{"allow":["GET"]}}],"collection":[{"href":"https:\/\/ostrowskatv.pl\/index.php?rest_route=\/wp\/v2\/posts"}],"about":[{"href":"https:\/\/ostrowskatv.pl\/index.php?rest_route=\/wp\/v2\/types\/post"}],"author":[{"embeddable":true,"href":"https:\/\/ostrowskatv.pl\/index.php?rest_route=\/wp\/v2\/users\/1"}],"replies":[{"embeddable":true,"href":"https:\/\/ostrowskatv.pl\/index.php?rest_route=%2Fwp%2Fv2%2Fcomments&post=24661"}],"version-history":[{"count":0,"href":"https:\/\/ostrowskatv.pl\/index.php?rest_route=\/wp\/v2\/posts\/24661\/revisions"}],"wp:featuredmedia":[{"embeddable":true,"href":"https:\/\/ostrowskatv.pl\/index.php?rest_route=\/wp\/v2\/media\/24665"}],"wp:attachment":[{"href":"https:\/\/ostrowskatv.pl\/index.php?rest_route=%2Fwp%2Fv2%2Fmedia&parent=24661"}],"wp:term":[{"taxonomy":"category","embeddable":true,"href":"https:\/\/ostrowskatv.pl\/index.php?rest_route=%2Fwp%2Fv2%2Fcategories&post=24661"},{"taxonomy":"post_tag","embeddable":true,"href":"https:\/\/ostrowskatv.pl\/index.php?rest_route=%2Fwp%2Fv2%2Ftags&post=24661"}],"curies":[{"name":"wp","href":"https:\/\/api.w.org\/{rel}","templated":true}]}}