{"id":24633,"date":"2023-05-19T08:50:51","date_gmt":"2023-05-19T07:50:51","guid":{"rendered":"https:\/\/ostrowskatv.pl\/?p=24633"},"modified":"2023-05-19T08:50:51","modified_gmt":"2023-05-19T07:50:51","slug":"wrak-auta-i-brak-kierowcy","status":"publish","type":"post","link":"https:\/\/ostrowskatv.pl\/?p=24633","title":{"rendered":"Wrak auta i brak kierowcy"},"content":{"rendered":"<p><strong>Przed kilkoma dniami oko\u0142o godziny 2 w nocy ostrowska policja zosta\u0142a poinformowana o rozbitym aucie przy skrzy\u017cowaniu ulic Ok\u00f3lnej i Czarnieckiego w Ostrowie Wlkp.<\/strong><\/p>\n<p>Samoch\u00f3d marki peugeot zatrzyma\u0142 si\u0119 na betonowym ogrodzeniu ogrod\u00f3w dzia\u0142kowych. Gdy policjanci dotarli na miejsce, w aucie ju\u017c nikogo nie by\u0142o. Trwa post\u0119powanie wyja\u015bniaj\u0105ce kto by\u0142 kierowc\u0105 i czy na pewno by\u0142 trze\u017awy.<\/p>\n<p><img loading=\"lazy\" decoding=\"async\" src=\"https:\/\/ostrowskatv.pl\/wp-content\/uploads\/2023\/05\/peugeot-okolna.jpg\" alt=\"\" width=\"2048\" height=\"1536\" class=\"alignnone size-full wp-image-24635\" srcset=\"https:\/\/ostrowskatv.pl\/wp-content\/uploads\/2023\/05\/peugeot-okolna.jpg 2048w, https:\/\/ostrowskatv.pl\/wp-content\/uploads\/2023\/05\/peugeot-okolna-300x225.jpg 300w, https:\/\/ostrowskatv.pl\/wp-content\/uploads\/2023\/05\/peugeot-okolna-1333x1000.jpg 1333w, https:\/\/ostrowskatv.pl\/wp-content\/uploads\/2023\/05\/peugeot-okolna-1536x1152.jpg 1536w\" sizes=\"auto, (max-width: 2048px) 100vw, 2048px\" \/><\/p>\n<p><img loading=\"lazy\" decoding=\"async\" src=\"https:\/\/ostrowskatv.pl\/wp-content\/uploads\/2023\/05\/okolna2.jpg\" alt=\"\" width=\"1333\" height=\"841\" class=\"alignnone size-full wp-image-24636\" srcset=\"https:\/\/ostrowskatv.pl\/wp-content\/uploads\/2023\/05\/okolna2.jpg 1333w, https:\/\/ostrowskatv.pl\/wp-content\/uploads\/2023\/05\/okolna2-300x189.jpg 300w\" sizes=\"auto, (max-width: 1333px) 100vw, 1333px\" \/><\/p>\n<p><img loading=\"lazy\" decoding=\"async\" src=\"https:\/\/ostrowskatv.pl\/wp-content\/uploads\/2023\/05\/okolna.jpg\" alt=\"\" width=\"1333\" height=\"870\" class=\"alignnone size-full wp-image-24637\" srcset=\"https:\/\/ostrowskatv.pl\/wp-content\/uploads\/2023\/05\/okolna.jpg 1333w, https:\/\/ostrowskatv.pl\/wp-content\/uploads\/2023\/05\/okolna-300x196.jpg 300w\" sizes=\"auto, (max-width: 1333px) 100vw, 1333px\" \/><\/p>\n","protected":false},"excerpt":{"rendered":"Przed kilkoma dniami oko\u0142o godziny 2 w nocy ostrowska policja zosta\u0142a poinformowana o rozbitym aucie przy skrzy\u017cowaniu ulic Ok\u00f3lnej i Czarnieckiego w Ostrowie \n<a class=\"moretag\" href=\"https:\/\/ostrowskatv.pl\/?p=24633\"> [...]<\/a>","protected":false},"author":1,"featured_media":24635,"comment_status":"open","ping_status":"closed","sticky":false,"template":"","format":"standard","meta":{"footnotes":""},"categories":[1],"tags":[2],"class_list":["post-24633","post","type-post","status-publish","format-standard","has-post-thumbnail","hentry","category-news","tag-ostrow-wielkopolski"],"_links":{"self":[{"href":"https:\/\/ostrowskatv.pl\/index.php?rest_route=\/wp\/v2\/posts\/24633","targetHints":{"allow":["GET"]}}],"collection":[{"href":"https:\/\/ostrowskatv.pl\/index.php?rest_route=\/wp\/v2\/posts"}],"about":[{"href":"https:\/\/ostrowskatv.pl\/index.php?rest_route=\/wp\/v2\/types\/post"}],"author":[{"embeddable":true,"href":"https:\/\/ostrowskatv.pl\/index.php?rest_route=\/wp\/v2\/users\/1"}],"replies":[{"embeddable":true,"href":"https:\/\/ostrowskatv.pl\/index.php?rest_route=%2Fwp%2Fv2%2Fcomments&post=24633"}],"version-history":[{"count":0,"href":"https:\/\/ostrowskatv.pl\/index.php?rest_route=\/wp\/v2\/posts\/24633\/revisions"}],"wp:featuredmedia":[{"embeddable":true,"href":"https:\/\/ostrowskatv.pl\/index.php?rest_route=\/wp\/v2\/media\/24635"}],"wp:attachment":[{"href":"https:\/\/ostrowskatv.pl\/index.php?rest_route=%2Fwp%2Fv2%2Fmedia&parent=24633"}],"wp:term":[{"taxonomy":"category","embeddable":true,"href":"https:\/\/ostrowskatv.pl\/index.php?rest_route=%2Fwp%2Fv2%2Fcategories&post=24633"},{"taxonomy":"post_tag","embeddable":true,"href":"https:\/\/ostrowskatv.pl\/index.php?rest_route=%2Fwp%2Fv2%2Ftags&post=24633"}],"curies":[{"name":"wp","href":"https:\/\/api.w.org\/{rel}","templated":true}]}}