{"id":2463,"date":"2016-12-02T17:15:41","date_gmt":"2016-12-02T16:15:41","guid":{"rendered":"http:\/\/ostrowska.tv\/?p=2463"},"modified":"2016-12-02T17:15:41","modified_gmt":"2016-12-02T16:15:41","slug":"potracony-50-letni-rowerzysta","status":"publish","type":"post","link":"https:\/\/ostrowskatv.pl\/?p=2463","title":{"rendered":"Potr\u0105cony 50-letni rowerzysta"},"content":{"rendered":"<p><strong>W pi\u0105tek po godzinie 16:00 nierozwag\u0105 wykaza\u0142 si\u0119 50-letni rowerzysta. M\u0119\u017cczyzna postanowi\u0142 przejecha\u0107 nieo\u015bwietlonym rowerem, w czasie panuj\u0105cej ciemno\u015bci, w poprzek ulicy Partyzanckiej. Z jakiego\u015b powodu nie zauwa\u017cy\u0142 jad\u0105cego samochodu marki Kia, kierowanego przez kobiet\u0119. Kontakt z autem sko\u0144czy\u0142 si\u0119 dla rowerzysty z\u0142amaniem nogi.<\/strong><\/p>\n<p>Policjanci zakwalifikowali sytuacj\u0119 jako kolizj\u0119, poniewa\u017c poszkodowany zosta\u0142 tylko sprawca. Na samochodzie by\u0142y tylko rysy.<\/p>\n<div id='gallery-1' class='gallery galleryid-2463 gallery-columns-3 gallery-size-thumbnail'><figure class='gallery-item'>\n\t\t\t<div class='gallery-icon landscape'>\n\t\t\t\t<a href='https:\/\/ostrowskatv.pl\/?attachment_id=2468'><img loading=\"lazy\" decoding=\"async\" width=\"150\" height=\"150\" src=\"https:\/\/ostrowskatv.pl\/wp-content\/uploads\/2016\/12\/potracenie-partyzancka-03-150x150.jpg\" class=\"attachment-thumbnail size-thumbnail\" alt=\"\" \/><\/a>\n\t\t\t<\/div><\/figure><figure class='gallery-item'>\n\t\t\t<div class='gallery-icon landscape'>\n\t\t\t\t<a href='https:\/\/ostrowskatv.pl\/?attachment_id=2467'><img loading=\"lazy\" decoding=\"async\" width=\"150\" height=\"150\" src=\"https:\/\/ostrowskatv.pl\/wp-content\/uploads\/2016\/12\/potracenie-partyzancka-02-150x150.jpg\" class=\"attachment-thumbnail size-thumbnail\" alt=\"\" \/><\/a>\n\t\t\t<\/div><\/figure><figure class='gallery-item'>\n\t\t\t<div class='gallery-icon landscape'>\n\t\t\t\t<a href='https:\/\/ostrowskatv.pl\/?attachment_id=2466'><img loading=\"lazy\" decoding=\"async\" width=\"150\" height=\"150\" src=\"https:\/\/ostrowskatv.pl\/wp-content\/uploads\/2016\/12\/potracenie-partyzancka-01-150x150.jpg\" class=\"attachment-thumbnail size-thumbnail\" alt=\"\" \/><\/a>\n\t\t\t<\/div><\/figure><figure class='gallery-item'>\n\t\t\t<div class='gallery-icon landscape'>\n\t\t\t\t<a href='https:\/\/ostrowskatv.pl\/?attachment_id=2465'><img loading=\"lazy\" decoding=\"async\" width=\"150\" height=\"150\" src=\"https:\/\/ostrowskatv.pl\/wp-content\/uploads\/2016\/12\/potracenie-partyzancka-00-150x150.jpg\" class=\"attachment-thumbnail size-thumbnail\" alt=\"\" \/><\/a>\n\t\t\t<\/div><\/figure><figure class='gallery-item'>\n\t\t\t<div class='gallery-icon landscape'>\n\t\t\t\t<a href='https:\/\/ostrowskatv.pl\/?attachment_id=2464'><img loading=\"lazy\" decoding=\"async\" width=\"150\" height=\"150\" src=\"https:\/\/ostrowskatv.pl\/wp-content\/uploads\/2016\/12\/partyzancka-potracenie-04-150x150.jpg\" class=\"attachment-thumbnail size-thumbnail\" alt=\"\" \/><\/a>\n\t\t\t<\/div><\/figure>\n\t\t<\/div>\n\n","protected":false},"excerpt":{"rendered":"W pi\u0105tek po godzinie 16:00 nierozwag\u0105 wykaza\u0142 si\u0119 50-letni rowerzysta. M\u0119\u017cczyzna postanowi\u0142 przejecha\u0107 nieo\u015bwietlonym rowerem, w czasie panuj\u0105cej ciemno\u015bci, w poprzek ulicy Partyzanckiej. \n<a class=\"moretag\" href=\"https:\/\/ostrowskatv.pl\/?p=2463\"> [...]<\/a>","protected":false},"author":1,"featured_media":2465,"comment_status":"open","ping_status":"open","sticky":false,"template":"","format":"standard","meta":{"footnotes":""},"categories":[1],"tags":[2],"class_list":["post-2463","post","type-post","status-publish","format-standard","has-post-thumbnail","hentry","category-news","tag-ostrow-wielkopolski"],"_links":{"self":[{"href":"https:\/\/ostrowskatv.pl\/index.php?rest_route=\/wp\/v2\/posts\/2463","targetHints":{"allow":["GET"]}}],"collection":[{"href":"https:\/\/ostrowskatv.pl\/index.php?rest_route=\/wp\/v2\/posts"}],"about":[{"href":"https:\/\/ostrowskatv.pl\/index.php?rest_route=\/wp\/v2\/types\/post"}],"author":[{"embeddable":true,"href":"https:\/\/ostrowskatv.pl\/index.php?rest_route=\/wp\/v2\/users\/1"}],"replies":[{"embeddable":true,"href":"https:\/\/ostrowskatv.pl\/index.php?rest_route=%2Fwp%2Fv2%2Fcomments&post=2463"}],"version-history":[{"count":0,"href":"https:\/\/ostrowskatv.pl\/index.php?rest_route=\/wp\/v2\/posts\/2463\/revisions"}],"wp:featuredmedia":[{"embeddable":true,"href":"https:\/\/ostrowskatv.pl\/index.php?rest_route=\/wp\/v2\/media\/2465"}],"wp:attachment":[{"href":"https:\/\/ostrowskatv.pl\/index.php?rest_route=%2Fwp%2Fv2%2Fmedia&parent=2463"}],"wp:term":[{"taxonomy":"category","embeddable":true,"href":"https:\/\/ostrowskatv.pl\/index.php?rest_route=%2Fwp%2Fv2%2Fcategories&post=2463"},{"taxonomy":"post_tag","embeddable":true,"href":"https:\/\/ostrowskatv.pl\/index.php?rest_route=%2Fwp%2Fv2%2Ftags&post=2463"}],"curies":[{"name":"wp","href":"https:\/\/api.w.org\/{rel}","templated":true}]}}