{"id":2456,"date":"2016-12-01T18:17:35","date_gmt":"2016-12-01T17:17:35","guid":{"rendered":"http:\/\/ostrowska.tv\/?p=2456"},"modified":"2016-12-01T18:17:35","modified_gmt":"2016-12-01T17:17:35","slug":"dwie-kolizje-sprawczyniami-kobiety","status":"publish","type":"post","link":"https:\/\/ostrowskatv.pl\/?p=2456","title":{"rendered":"Dwie kolizje &#8211; sprawczyniami kobiety"},"content":{"rendered":"<p><strong>W ostatnich dniach dosz\u0142o do dw\u00f3ch kolizji, w kt\u00f3rych sprawczyniami okaza\u0142y si\u0119 kobiety. Na szcz\u0119\u015bcie nikt nie zosta\u0142 poszkodowany, ale samochody nie by\u0142y w stanie odjecha\u0107 z miejsc kolizji.<\/strong><\/p>\n<p>Najpierw w poniedzia\u0142kowy wiecz\u00f3r zderzy\u0142y si\u0119 VW Polo i Peugeot 206. Na skrzy\u017cowaniu ulic Kaliska\/Limanowskiego dosz\u0142o do niejasnej, przynajmniej pocz\u0105tkowo, sytuacji. Dwie dziewczyny, mieszkanki Kobylej G\u00f3ry, jecha\u0142y czerwonym Peugeotem ulic\u0105 Kalisk\u0105 od strony Rynku. Zamierza\u0142y skr\u0119ci\u0107 w lewo w ulic\u0119 Limanowskiego. Ruszy\u0142y spod sygnalizatora na zielonym \u015bwietle jako trzecie auto. Pierwsze skr\u0119ci\u0142o w prawo, drugie jecha\u0142o na wprost, a feralny Peugeot skr\u0119ca\u0142 w lewo. Kieruj\u0105ca Peugeotem nie przej\u0119\u0142a si\u0119, \u017ce z przeciwka nadje\u017cd\u017ca VW Polo, kt\u00f3rym podr\u00f3\u017cowa\u0142o dw\u00f3ch m\u0119\u017cczyzn. Uczestnicy kolizji zjechali na poblisk\u0105 stacj\u0119 paliw by tam doj\u015b\u0107 do porozumienia. Sytuacj\u0119 skomplikowa\u0142 przechodzie\u0144, kt\u00f3ry zadeklarowa\u0142 i\u017c widzia\u0142 jak VW Polo wje\u017cd\u017ca na czerwonym \u015bwietle.<\/p>\n<div id='gallery-1' class='gallery galleryid-2456 gallery-columns-3 gallery-size-thumbnail'><figure class='gallery-item'>\n\t\t\t<div class='gallery-icon landscape'>\n\t\t\t\t<a href='https:\/\/ostrowskatv.pl\/?attachment_id=2457'><img loading=\"lazy\" decoding=\"async\" width=\"150\" height=\"150\" src=\"https:\/\/ostrowskatv.pl\/wp-content\/uploads\/2016\/12\/kaliska-01-150x150.jpg\" class=\"attachment-thumbnail size-thumbnail\" alt=\"\" \/><\/a>\n\t\t\t<\/div><\/figure><figure class='gallery-item'>\n\t\t\t<div class='gallery-icon landscape'>\n\t\t\t\t<a href='https:\/\/ostrowskatv.pl\/?attachment_id=2458'><img loading=\"lazy\" decoding=\"async\" width=\"150\" height=\"150\" src=\"https:\/\/ostrowskatv.pl\/wp-content\/uploads\/2016\/12\/kaliska-02-150x150.jpg\" class=\"attachment-thumbnail size-thumbnail\" alt=\"\" \/><\/a>\n\t\t\t<\/div><\/figure>\n\t\t<\/div>\n\n<p>Przybyli na miejsce funkcjonariusze z Wydzia\u0142u Ruchu Drogowego musieli ustali\u0107 faktyczny przebieg zdarzenia. Okaza\u0142o si\u0119, \u017ce faktycznie, najpierw zielone \u015bwiat\u0142o za\u015bwieca si\u0119 dla kierowc\u00f3w jad\u0105cych od centrum, a po 6 sekundach dla kierowc\u00f3w jad\u0105cy od strony Kalisza. Sytuacj\u0119 zarejestrowa\u0142y kamery monitoringu m.in. na stacji paliw. Dow\u00f3d by\u0142 twardy. Kierowca VW Polo ruszy\u0142 tak\u017ce na zielonym \u015bwietle. Finalnie m\u0142oda kobieta kieruj\u0105ca Peugeotem zosta\u0142a ukarana mandatem karnym w wysoko\u015bci 300 z\u0142.<\/p>\n<hr \/>\n<p>W czwartek oko\u0142o godziny 10:00 zderzy\u0142y si\u0119 dwie osob\u00f3wki. Tym razem do zderzenia przyczyni\u0142a si\u0119 nie dzia\u0142aj\u0105ca sygnalizacja \u015bwietlna na skrzy\u017cowaniu ulic Sadowa\/Kamienna w Ostrowie Wlkp. oraz ograniczona widoczno\u015b\u0107 przez s\u0142upek przy przedniej szybie.<\/p>\n<p>Kobieta ze wsi Kotowskie w powiecie ostrzeszowskim jecha\u0142a z dzieckiem Peugeotem 307. Kieruj\u0105ca wiedzia\u0142a o braku pierwsze\u0144stwa dla aut jad\u0105cych od ul. Wroc\u0142awskiej, jednak nadje\u017cd\u017caj\u0105cy ulic\u0105 Kamienn\u0105 bia\u0142y Jeep mia\u0142 by\u0107 zas\u0142oni\u0119ty przez prawy przedni s\u0142upek od przedniej szyby. Tym samym obydwa auta spotka\u0142y si\u0119 na \u015brodku skrzy\u017cowania. Uszkodzenia okaza\u0142y si\u0119 na tyle powa\u017cne, \u017ce oba auta musia\u0142y odjecha\u0107 na lawecie.<\/p>\n<div id='gallery-2' class='gallery galleryid-2456 gallery-columns-3 gallery-size-thumbnail'><figure class='gallery-item'>\n\t\t\t<div class='gallery-icon landscape'>\n\t\t\t\t<a href='https:\/\/ostrowskatv.pl\/?attachment_id=2459'><img loading=\"lazy\" decoding=\"async\" width=\"150\" height=\"150\" src=\"https:\/\/ostrowskatv.pl\/wp-content\/uploads\/2016\/12\/sadowa-01-150x150.jpg\" class=\"attachment-thumbnail size-thumbnail\" alt=\"\" \/><\/a>\n\t\t\t<\/div><\/figure><figure class='gallery-item'>\n\t\t\t<div class='gallery-icon landscape'>\n\t\t\t\t<a href='https:\/\/ostrowskatv.pl\/?attachment_id=2460'><img loading=\"lazy\" decoding=\"async\" width=\"150\" height=\"150\" src=\"https:\/\/ostrowskatv.pl\/wp-content\/uploads\/2016\/12\/sadowa-02-150x150.jpg\" class=\"attachment-thumbnail size-thumbnail\" alt=\"\" \/><\/a>\n\t\t\t<\/div><\/figure><figure class='gallery-item'>\n\t\t\t<div class='gallery-icon landscape'>\n\t\t\t\t<a href='https:\/\/ostrowskatv.pl\/?attachment_id=2461'><img loading=\"lazy\" decoding=\"async\" width=\"150\" height=\"150\" src=\"https:\/\/ostrowskatv.pl\/wp-content\/uploads\/2016\/12\/sadowa-03-150x150.jpg\" class=\"attachment-thumbnail size-thumbnail\" alt=\"\" \/><\/a>\n\t\t\t<\/div><\/figure>\n\t\t<\/div>\n\n<p>&nbsp;<\/p>\n","protected":false},"excerpt":{"rendered":"W ostatnich dniach dosz\u0142o do dw\u00f3ch kolizji, w kt\u00f3rych sprawczyniami okaza\u0142y si\u0119 kobiety. Na szcz\u0119\u015bcie nikt nie zosta\u0142 poszkodowany, ale samochody nie by\u0142y \n<a class=\"moretag\" href=\"https:\/\/ostrowskatv.pl\/?p=2456\"> [...]<\/a>","protected":false},"author":1,"featured_media":2457,"comment_status":"open","ping_status":"open","sticky":false,"template":"","format":"standard","meta":{"footnotes":""},"categories":[1],"tags":[2],"class_list":["post-2456","post","type-post","status-publish","format-standard","has-post-thumbnail","hentry","category-news","tag-ostrow-wielkopolski"],"_links":{"self":[{"href":"https:\/\/ostrowskatv.pl\/index.php?rest_route=\/wp\/v2\/posts\/2456","targetHints":{"allow":["GET"]}}],"collection":[{"href":"https:\/\/ostrowskatv.pl\/index.php?rest_route=\/wp\/v2\/posts"}],"about":[{"href":"https:\/\/ostrowskatv.pl\/index.php?rest_route=\/wp\/v2\/types\/post"}],"author":[{"embeddable":true,"href":"https:\/\/ostrowskatv.pl\/index.php?rest_route=\/wp\/v2\/users\/1"}],"replies":[{"embeddable":true,"href":"https:\/\/ostrowskatv.pl\/index.php?rest_route=%2Fwp%2Fv2%2Fcomments&post=2456"}],"version-history":[{"count":0,"href":"https:\/\/ostrowskatv.pl\/index.php?rest_route=\/wp\/v2\/posts\/2456\/revisions"}],"wp:featuredmedia":[{"embeddable":true,"href":"https:\/\/ostrowskatv.pl\/index.php?rest_route=\/wp\/v2\/media\/2457"}],"wp:attachment":[{"href":"https:\/\/ostrowskatv.pl\/index.php?rest_route=%2Fwp%2Fv2%2Fmedia&parent=2456"}],"wp:term":[{"taxonomy":"category","embeddable":true,"href":"https:\/\/ostrowskatv.pl\/index.php?rest_route=%2Fwp%2Fv2%2Fcategories&post=2456"},{"taxonomy":"post_tag","embeddable":true,"href":"https:\/\/ostrowskatv.pl\/index.php?rest_route=%2Fwp%2Fv2%2Ftags&post=2456"}],"curies":[{"name":"wp","href":"https:\/\/api.w.org\/{rel}","templated":true}]}}