{"id":2450,"date":"2016-11-27T13:02:26","date_gmt":"2016-11-27T12:02:26","guid":{"rendered":"http:\/\/ostrowska.tv\/?p=2450"},"modified":"2016-11-27T13:02:26","modified_gmt":"2016-11-27T12:02:26","slug":"policjant-postrzelil-14-latka-w-czasie-poscigu","status":"publish","type":"post","link":"https:\/\/ostrowskatv.pl\/?p=2450","title":{"rendered":"Policjant postrzeli\u0142 14-latka w czasie po\u015bcigu"},"content":{"rendered":"<p><strong>Do spektakularnego po\u015bcigu dosz\u0142o w nocy z soboty na niedziel\u0119 w powiecie ostrzeszowskim. Grupa 5 ch\u0142opc\u00f3w postanowi\u0142a poje\u017adzi\u0107 po okolicy Oplem Vectr\u0105, podprowadzon\u0105 rodzicom jednego z nich. 16-latek nie maj\u0105c prawa jazdy zabra\u0142 na pok\u0142ad 4 koleg\u00f3w, w tym 14-letniego Miko\u0142aja.<\/strong><\/p>\n<p>Oko\u0142o p\u00f3\u0142nocy radiow\u00f3z policji postanowi\u0142 zatrzyma\u0107 srebrn\u0105 osob\u00f3wk\u0119 do kontroli. 16-latek wiedz\u0105c, \u017ce je\u017adzi bezprawnie, postanowi\u0142 spr\u00f3bowa\u0107 uciec str\u00f3\u017com prawa. Jazda musia\u0142a by\u0107 brawurowa bowiem po chwili Opel uderzy\u0142 w betonowy most. Po 10 minutach po\u015bcigu, na drodze stan\u0105\u0142 kolejny radiow\u00f3z, kt\u00f3ry m\u0142ody kierowca sprawnie omin\u0105\u0142.<\/p>\n<p>Wtedy jeden z policjant\u00f3w postanowi\u0142 zabawi\u0107 si\u0119 w gwiazd\u0119 kina akcji strzelaj\u0105c wprost z jad\u0105cego radiowozu. Chyba nie trzeba t\u0142umaczy\u0107 jak bardzo ryzykowa\u0142 postrzelenie m\u0142odych ch\u0142opc\u00f3w np. w g\u0142ow\u0119, co z pewno\u015bci\u0105 spowodowa\u0142oby ich \u015bmier\u0107. Nasz rewolwerowiec zamiast strzela\u0107 w opony, w ko\u0144cu po kilkunastu strza\u0142ach trafi\u0142 w sam \u015brodek baga\u017cnika<\/p>\n<p>Kula przebi\u0142a si\u0119 przez karoseri\u0119 \u015bciganego samochodu i trafi\u0142a w plecy 14-letniego Miko\u0142aja. Ch\u0142opaka wtedy a\u017c odrzuci\u0142o do przodu. 16-letni kolega, kieruj\u0105cy Oplem widz\u0105c rannego, zatrzyma\u0142 si\u0119 ko\u0144cz\u0105c w ten spos\u00f3b niebezpieczny po\u015bcig.<\/p>\n<p>Poszkodowanego ch\u0142opca zabrano do ostrzeszowskiego szpitala, sk\u0105d dopiero po 3 godzinach przewieziono na oddzia\u0142 chirurgii dzieci\u0119cej w ostrowskim szpitalu z tkwi\u0105c\u0105 w jamie brzusznej kul\u0105 z policyjnego pistoletu. Tu szcz\u0119\u015bliwie przeszed\u0142 operacj\u0119 i jego stan lekarze oceniaj\u0105 jako dobry.<\/p>\n<div id='gallery-1' class='gallery galleryid-2450 gallery-columns-3 gallery-size-thumbnail'><figure class='gallery-item'>\n\t\t\t<div class='gallery-icon landscape'>\n\t\t\t\t<a href='https:\/\/ostrowskatv.pl\/?attachment_id=2451'><img loading=\"lazy\" decoding=\"async\" width=\"150\" height=\"150\" src=\"https:\/\/ostrowskatv.pl\/wp-content\/uploads\/2016\/11\/poscig-ostrzeszow-04www-150x150.jpg\" class=\"attachment-thumbnail size-thumbnail\" alt=\"\" \/><\/a>\n\t\t\t<\/div><\/figure><figure class='gallery-item'>\n\t\t\t<div class='gallery-icon landscape'>\n\t\t\t\t<a href='https:\/\/ostrowskatv.pl\/?attachment_id=2452'><img loading=\"lazy\" decoding=\"async\" width=\"150\" height=\"150\" src=\"https:\/\/ostrowskatv.pl\/wp-content\/uploads\/2016\/11\/poscig-ostrzeszow-03www-150x150.jpg\" class=\"attachment-thumbnail size-thumbnail\" alt=\"\" \/><\/a>\n\t\t\t<\/div><\/figure><figure class='gallery-item'>\n\t\t\t<div class='gallery-icon landscape'>\n\t\t\t\t<a href='https:\/\/ostrowskatv.pl\/?attachment_id=2453'><img loading=\"lazy\" decoding=\"async\" width=\"150\" height=\"150\" src=\"https:\/\/ostrowskatv.pl\/wp-content\/uploads\/2016\/11\/poscig-ostrzeszow-01www-150x150.jpg\" class=\"attachment-thumbnail size-thumbnail\" alt=\"\" \/><\/a>\n\t\t\t<\/div><\/figure><figure class='gallery-item'>\n\t\t\t<div class='gallery-icon landscape'>\n\t\t\t\t<a href='https:\/\/ostrowskatv.pl\/?attachment_id=2454'><img loading=\"lazy\" decoding=\"async\" width=\"150\" height=\"150\" src=\"https:\/\/ostrowskatv.pl\/wp-content\/uploads\/2016\/11\/poscig-ostrzeszow-02www-150x150.jpg\" class=\"attachment-thumbnail size-thumbnail\" alt=\"\" \/><\/a>\n\t\t\t<\/div><\/figure>\n\t\t<\/div>\n\n<p>&nbsp;<\/p>\n","protected":false},"excerpt":{"rendered":"Do spektakularnego po\u015bcigu dosz\u0142o w nocy z soboty na niedziel\u0119 w powiecie ostrzeszowskim. Grupa 5 ch\u0142opc\u00f3w postanowi\u0142a poje\u017adzi\u0107 po okolicy Oplem Vectr\u0105, podprowadzon\u0105 \n<a class=\"moretag\" href=\"https:\/\/ostrowskatv.pl\/?p=2450\"> [...]<\/a>","protected":false},"author":1,"featured_media":2453,"comment_status":"open","ping_status":"open","sticky":false,"template":"","format":"standard","meta":{"footnotes":""},"categories":[1],"tags":[109],"class_list":["post-2450","post","type-post","status-publish","format-standard","has-post-thumbnail","hentry","category-news","tag-ostrzeszow"],"_links":{"self":[{"href":"https:\/\/ostrowskatv.pl\/index.php?rest_route=\/wp\/v2\/posts\/2450","targetHints":{"allow":["GET"]}}],"collection":[{"href":"https:\/\/ostrowskatv.pl\/index.php?rest_route=\/wp\/v2\/posts"}],"about":[{"href":"https:\/\/ostrowskatv.pl\/index.php?rest_route=\/wp\/v2\/types\/post"}],"author":[{"embeddable":true,"href":"https:\/\/ostrowskatv.pl\/index.php?rest_route=\/wp\/v2\/users\/1"}],"replies":[{"embeddable":true,"href":"https:\/\/ostrowskatv.pl\/index.php?rest_route=%2Fwp%2Fv2%2Fcomments&post=2450"}],"version-history":[{"count":0,"href":"https:\/\/ostrowskatv.pl\/index.php?rest_route=\/wp\/v2\/posts\/2450\/revisions"}],"wp:featuredmedia":[{"embeddable":true,"href":"https:\/\/ostrowskatv.pl\/index.php?rest_route=\/wp\/v2\/media\/2453"}],"wp:attachment":[{"href":"https:\/\/ostrowskatv.pl\/index.php?rest_route=%2Fwp%2Fv2%2Fmedia&parent=2450"}],"wp:term":[{"taxonomy":"category","embeddable":true,"href":"https:\/\/ostrowskatv.pl\/index.php?rest_route=%2Fwp%2Fv2%2Fcategories&post=2450"},{"taxonomy":"post_tag","embeddable":true,"href":"https:\/\/ostrowskatv.pl\/index.php?rest_route=%2Fwp%2Fv2%2Ftags&post=2450"}],"curies":[{"name":"wp","href":"https:\/\/api.w.org\/{rel}","templated":true}]}}