{"id":245,"date":"2016-01-26T11:31:09","date_gmt":"2016-01-26T10:31:09","guid":{"rendered":"http:\/\/ostrowska.tv\/?p=245"},"modified":"2016-01-26T11:31:09","modified_gmt":"2016-01-26T10:31:09","slug":"walka-o-polnocna-rame-komunikacyjna","status":"publish","type":"post","link":"https:\/\/ostrowskatv.pl\/?p=245","title":{"rendered":"Walka o p\u00f3\u0142nocn\u0105 ram\u0119 komunikacyjn\u0105"},"content":{"rendered":"<p><strong>Podczas Komisji Dzia\u0142alno\u015bci Gospodarczej, \u0141adu Przestrzennego i Gospodarki Gruntami radni negatywnie zaopiniowali plan Wodkanu dotycz\u0105cy rozwoju i modernizacji urz\u0105dze\u0144 wodoci\u0105gowych i kanalizacyjnych na lata 2016-2018.<\/strong><\/p>\n<p>Sprawa ma zwi\u0105zek z powstaniem p\u00f3\u0142nocnej ramy komunikacyjnej Ostrowa Wielkopolskiego. Dla cz\u0119\u015bci radnych to priorytetowa inwestycja. Wielu z nich twierdzi, \u017ce prezydent Beata Klimek zdecydowa\u0142a si\u0119 na budow\u0119 basenu przy Paderewskiego w\u0142a\u015bnie kosztem odpowiedniego skomunikowania miasta. Radni zapowiadali jednak, \u017ce walki o ram\u0119 nie zaprzestan\u0105. Potwierdzi\u0142o si\u0119 to ju\u017c na pocz\u0105tku tego roku podczas dyskusji nad planem Wodkanu na lata 2016-2018.<\/p>\n<p>Radni zaopiniowali go negatywnie, bo chc\u0105, \u017ceby cz\u0119\u015b\u0107 inwestycji zwi\u0105zanych bezpo\u015brednio z powstaniem ramy zosta\u0142a zrealizowana jeszcze w 2016 roku roku. &#8211; <em>Zaopiniowali\u015bmy negatywnie plan Wodkanu, poniewa\u017c zale\u017cy nam na tym, \u017ceby powsta\u0142 zbiornik retencyjny i r\u00f3w odwadniaj\u0105cy, kt\u00f3ry b\u0119dzie na sta\u0142e zwi\u0105zany z ram\u0105 p\u00f3\u0142nocn\u0105. Chcemy, \u017ceby te inwestycje by\u0142y zrobione w 2016 roku. Obieca\u0142 nam to zreszt\u0105 w poprzednim roku pan prezydent Borowczak. Mamy przecie\u017c aplikowa\u0107 o &#8222;schetyn\u00f3wk\u0119&#8221;. Pan prezydent t\u0142umaczy\u0142 nam, \u017ce wcze\u015bniej nie mogli\u015bmy tego robi\u0107, bo nie by\u0142o zbiornika retencyjnego<\/em> \u2013 wyja\u015bnia radny <strong>Mariusz Leki<\/strong>.<\/p>\n<p>Radni z\u0142o\u017cyli do Wodkanu wniosek. Dotyczy on przesuni\u0119cia budowy zbiornika retencyjnego i rowu z 2017 na 2016 rok. &#8211; <em>Uwa\u017cam, \u017ce negatywna opinia w sprawie planu Wodkanu nie \u015bwiadczy o rozs\u0105dnym podej\u015bciu do sprawy. Zawsze by\u0142em zdania, \u017ce takie dokumenty nale\u017cy przyjmowa\u0107. By\u0107 mo\u017ce nale\u017cy robi\u0107 to z pewnymi zastrze\u017ceniami. Sprzeciw dezorganizuje sp\u00f3\u0142ce prac\u0119. B\u0119d\u0105c jej prezesem, m\u00f3g\u0142bym powiedzie\u0107, \u017ce do sesji, podczas kt\u00f3rej ma zapa\u015b\u0107 wi\u0105\u017c\u0105ca decyzja, nie b\u0119d\u0119 realizowa\u0107 \u017cadnych inwestycji zgodnie z programem, bo nie wiem, co mnie czeka. Niepewno\u015b\u0107 tych plan\u00f3w budzi pewne w\u0105tpliwo\u015bci<\/em> \u2013 przekonuje radny<strong> Alojzy Motylewski<\/strong>.<\/p>\n<p><strong>Czy radni s\u0142usznie pilnuj\u0105 tematu p\u00f3\u0142nocnej ramy komunikacyjnej? A mo\u017ce po\u015bpiech w tej sprawie nie jest wskazany? Zach\u0119camy do dyskusji w komentarzach.<\/strong><\/p>\n","protected":false},"excerpt":{"rendered":"Podczas Komisji Dzia\u0142alno\u015bci Gospodarczej, \u0141adu Przestrzennego i Gospodarki Gruntami radni negatywnie zaopiniowali plan Wodkanu dotycz\u0105cy rozwoju i modernizacji urz\u0105dze\u0144 wodoci\u0105gowych i kanalizacyjnych na \n<a class=\"moretag\" href=\"https:\/\/ostrowskatv.pl\/?p=245\"> [...]<\/a>","protected":false},"author":1,"featured_media":21,"comment_status":"open","ping_status":"open","sticky":false,"template":"","format":"standard","meta":{"footnotes":""},"categories":[1],"tags":[36],"class_list":["post-245","post","type-post","status-publish","format-standard","has-post-thumbnail","hentry","category-news","tag-rama-komunikacyjna"],"_links":{"self":[{"href":"https:\/\/ostrowskatv.pl\/index.php?rest_route=\/wp\/v2\/posts\/245","targetHints":{"allow":["GET"]}}],"collection":[{"href":"https:\/\/ostrowskatv.pl\/index.php?rest_route=\/wp\/v2\/posts"}],"about":[{"href":"https:\/\/ostrowskatv.pl\/index.php?rest_route=\/wp\/v2\/types\/post"}],"author":[{"embeddable":true,"href":"https:\/\/ostrowskatv.pl\/index.php?rest_route=\/wp\/v2\/users\/1"}],"replies":[{"embeddable":true,"href":"https:\/\/ostrowskatv.pl\/index.php?rest_route=%2Fwp%2Fv2%2Fcomments&post=245"}],"version-history":[{"count":0,"href":"https:\/\/ostrowskatv.pl\/index.php?rest_route=\/wp\/v2\/posts\/245\/revisions"}],"wp:featuredmedia":[{"embeddable":true,"href":"https:\/\/ostrowskatv.pl\/index.php?rest_route=\/wp\/v2\/media\/21"}],"wp:attachment":[{"href":"https:\/\/ostrowskatv.pl\/index.php?rest_route=%2Fwp%2Fv2%2Fmedia&parent=245"}],"wp:term":[{"taxonomy":"category","embeddable":true,"href":"https:\/\/ostrowskatv.pl\/index.php?rest_route=%2Fwp%2Fv2%2Fcategories&post=245"},{"taxonomy":"post_tag","embeddable":true,"href":"https:\/\/ostrowskatv.pl\/index.php?rest_route=%2Fwp%2Fv2%2Ftags&post=245"}],"curies":[{"name":"wp","href":"https:\/\/api.w.org\/{rel}","templated":true}]}}