{"id":2443,"date":"2016-11-26T14:47:10","date_gmt":"2016-11-26T13:47:10","guid":{"rendered":"http:\/\/ostrowska.tv\/?p=2443"},"modified":"2016-11-26T15:25:07","modified_gmt":"2016-11-26T14:25:07","slug":"nowa-koncepcja-hali-przy-kusocinskiego-bedzie-rewolucja","status":"publish","type":"post","link":"https:\/\/ostrowskatv.pl\/?p=2443","title":{"rendered":"W\u0142adze Ostrowa zaakceptuj\u0105 koncepcj\u0119 hali przy Kusoci\u0144skiego?"},"content":{"rendered":"<p><strong>Ostrowianie od wielu lat czekaj\u0105 na hal\u0119 sportow\u0105 z prawdziwego zdarzenia. Jej brak powoduje, \u017ce takie dru\u017cyny jak BM Slam Stal czy koszykarki Ostrovii musz\u0105 swoje mecze rozgrywa\u0107 w halach szkolnych. Nie trzeba ukrywa\u0107, \u017ce w tej chwili jest to w\u0105tpliwa wizyt\u00f3wka naszego miasta. \u015awiate\u0142kiem w tunelu mo\u017ce by\u0107 nowa koncepcja zaadoptowania hali przy ul. Kusoci\u0144skiego.<\/strong><\/p>\n<p>W\u0142adze BM Slam Stal przedstawi\u0142y projekt modernizacji obiektu przy ul. Kusoci\u0144skiego, kt\u00f3ry zak\u0142ada jego gruntown\u0105 zmian\u0119. Prezesi BM Slam Stal przekonuj\u0105, \u017ce przeprowadzone prace sprawi\u0105, \u017ce powstanie zupe\u0142nie nowa hala.<\/p>\n<p>&#8211; Nasza koncepcja doprowadzi do tego, \u017ce w po\u0142\u0105czeniu z istniej\u0105cym boiskiem pi\u0142karskim i lekkoatletycznym, a tak\u017ce ma\u0142\u0105 hal\u0105 sportow\u0105 i pomieszczeniami odnowy biologicznej, Ostr\u00f3w Wielkopolski doczeka si\u0119 kompleksu sportowo-rekreacyjnego prawdziwego zdarzenia. Z dotychczasowej hali pozostan\u0105 tylko mury. To b\u0119dzie w pe\u0142ni nowoczesny obiekt. &#8211; m\u00f3wi Pawe\u0142 Matuszewski, wiceprezes BM Slam.<\/p>\n<p>&#8211; W ko\u0144cu hala przy Kusoci\u0144skiego to miejsce kultowe, wr\u0119cz magiczne dla ludzi zwi\u0105zanych z ostrowskim sportem. Jestem przekonany, \u017ce z takiej hali zadowoleni b\u0119d\u0105 wszyscy mieszka\u0144cy Ostrowa Wlkp. &#8211; doda\u0142 Matuszewski.<\/p>\n<p>&#8211; W hali b\u0119d\u0105 zupe\u0142nie nowe instalacje elektryczne, hydrauliczne, wentylacyjne i klimatyzacyjne. Zamontowane zostanie r\u00f3wnie\u017c najnowszej generacji o\u015bwietlenie, kt\u00f3re spe\u0142nia najwy\u017csze wymogi telewizyjne o mocy ponad 2100 lumen\u00f3w. &#8211; powiedzia\u0142 Marcin Napiera\u0142a, prezes BM Slam.<\/p>\n<p>Pierwotny projekt modernizacji K1 zak\u0142ada\u0142 dostosowanie hali do wymog\u00f3w gry w koszykarskiej ekstraklasie. Przewidywany koszt wynosi\u0142 8 mln z\u0142. Ostatecznie, po rozmowach z w\u0142adzami miasta oraz dog\u0142\u0119bnej analizie oczekiwa\u0144, dosz\u0142o do powstania zupe\u0142nie nowego projektu. Zmiana zak\u0142ada powstanie centrum sportowo-rekreacyjnego z prawdziwego zdarzenia, na wz\u00f3r najwi\u0119kszych miast w Polsce.<\/p>\n<p>&#8211; Takie centrum s\u0142u\u017cy\u0142oby nie tylko koszykarzom, ale r\u00f3wnie\u017c koszykarkom, pi\u0142karzom no\u017cnym, ale r\u00f3wnie\u017c pi\u0142karzom r\u0119cznym, pod k\u0105tem ewentualnych wyst\u0119p\u00f3w Ostrovii w superlidze &#8211; przekonywali prezesi BM Slam.<\/p>\n<p><strong>Nowa koncepcja hali przewiduje mo\u017cliwo\u015b\u0107 pomieszczenia 3300 os\u00f3b!<\/strong><\/p>\n<p>Hala nie b\u0119dzie ju\u017c tylko s\u0142u\u017cy\u0107 organizacji imprez sportowych. W\u015br\u00f3d mo\u017cliwo\u015bci mo\u017cna wymieni\u0107 organizacj\u0119 targ\u00f3w, wystaw czy koncert\u00f3w.<br \/>\n&#8211; Bardzo si\u0119 ciesz\u0119, \u017ce miasto nie chcia\u0142o dzia\u0142a\u0107 p\u00f3\u0142\u015brodkami, czyli wed\u0142ug naszego pierwszego projektu. Dlatego wsp\u00f3lnie wypracowany zosta\u0142 projekt, kt\u00f3ry jest optymalnym rozwi\u0105zaniem za rozs\u0105dn\u0105 cen\u0119 13 milion\u00f3w 900 tys netto. &#8211; m\u00f3wi Marcin Napiera\u0142a, prezes BM Slam.<\/p>\n<p>Nie trudno zauwa\u017cy\u0107, \u017ce nowy projekt wygenerowa\u0142 kwot\u0119 wy\u017csz\u0105 o 5,9 miliona z\u0142otych. Zdaniem prezes\u00f3w z BM Slam jednak perfekcyjnie rozwi\u0105za\u0142 wszystkie problemy rozgrywek wszelkich dyscyplin sportu.<\/p>\n<p>&#8211; Ponad dwukrotnie zwi\u0119ksza si\u0119 kubatura obiektu. Tym samym w obiekcie zasi\u0105\u015b\u0107 b\u0119dzie mog\u0142o nie 2200, ale 3300 kibic\u00f3w &#8211; t\u0142umaczy Pawe\u0142 Matuszewski. &#8211; Jednocze\u015bnie zaprojektowano nowe pomieszczenia socjalne zgodnie z obowi\u0105zuj\u0105cymi standardami. Mowa tutaj o szatniach dla sportowc\u00f3w, pomieszczeniach biurowych czy restauracji maj\u0105cej si\u0119 znale\u017a\u0107 w hali. Warto powiedzie\u0107, \u017ce frontowa fasada zostanie pokryta szk\u0142em, co nada temu obiektowi nowoczesno\u015bci.<\/p>\n<p>&#8211; To tylko niekt\u00f3re r\u00f3\u017cnice przedstawione w\u0142adzom miasta w por\u00f3wnaniu z pierwotn\u0105 koncepcj\u0105. Taki obiekt b\u0119dzie s\u0142u\u017cy\u0142 nie tylko sportowcom, ale i wszystkim mieszka\u0144com Ostrowa oraz regionu &#8211; doda\u0142 Marcin Napiera\u0142a.<\/p>\n<p>Teraz w\u0142adze miasta stoj\u0105 przed wa\u017cn\u0105 decyzj\u0105. Wybudowa\u0107 now\u0105 hal\u0119 przy Wojska Polskiego za oko\u0142o 25 milion\u00f3w z\u0142otych czy dokona\u0107 modernizacji hali przy Kusoci\u0144skiego, tworz\u0105c w tym miejscu kompleks sportowy.<\/p>\n<p>Jak informuj\u0105 przedstawiciele BM Slam, na terenach przy Kusoci\u0144skiego znajduje si\u0119 tak\u017ce drugi obiekt, w kt\u00f3rym mie\u015bci si\u0119 ma\u0142a hala sportowa. Korzystaj\u0105 z niej dzieci oraz lekkoatleci. Tam te\u017c znajduje si\u0119 pomieszczenie odnowy biologicznej. Niewielkim nak\u0142adem mo\u017cna stworzy\u0107 kolejne apartamenty. To sprawi, \u017ce dru\u017cyny rozgrywaj\u0105ce mecze w Ostrowie b\u0119d\u0105 na ten czas tak\u017ce zakwaterowane przy Kusoci\u0144skiego. To jednocze\u015bnie da mo\u017cliwo\u015b\u0107 organizacji przedsezonowych zgrupowa\u0144. Prezesi BM Slam szacuj\u0105, \u017ce przych\u00f3d z wynajmu apartament\u00f3w wyniesie oko\u0142o 90 tys. z\u0142.<\/p>\n<p>Warto\u015bci\u0105 dodan\u0105 do tej inwestycji ma by\u0107 przych\u00f3d pozyskiwany z dzier\u017cawy anten telekomunikacyjnych. Korzy\u015bci si\u0119gaj\u0105 72 tys. z\u0142otych rocznie.<\/p>\n<p>&#8211; Zaproponowali\u015bmy w\u0142adzom miasta rozbudow\u0119 \u015bci\u015ble wed\u0142ug projektu budowlanego wykonanego pod nadzorem odpowiedniej komisji wyznaczonej przez w\u0142adze Ostrowa Wlkp. &#8211; t\u0142umaczy Marcin Napiera\u0142a.<\/p>\n<p>&#8211; Je\u017celi prace przy Kusoci\u0144skiego rozpoczn\u0105 si\u0119 w drugim kwartale 2017 r., w\u00f3wczas w nowym sezonie ostrowskie zespo\u0142u b\u0119d\u0105 ju\u017c mog\u0142y gra\u0107 w nowoczesnej hali. &#8211; W tej chwili czekamy na odpowied\u017a ze strony miasta &#8211; przedstawia Pawe\u0142 Matuszewski. Jeste\u015bmy gotowi z projektami i wszelkimi pozwoleniami.<\/p>\n<div id='gallery-1' class='gallery galleryid-2443 gallery-columns-3 gallery-size-medium'><figure class='gallery-item'>\n\t\t\t<div class='gallery-icon landscape'>\n\t\t\t\t<a href='https:\/\/ostrowskatv.pl\/?attachment_id=2445'><img loading=\"lazy\" decoding=\"async\" width=\"300\" height=\"150\" src=\"https:\/\/ostrowskatv.pl\/wp-content\/uploads\/2016\/11\/nowa-koncepcja-hali-k1-2-300x150.jpg\" class=\"attachment-medium size-medium\" alt=\"\" srcset=\"https:\/\/ostrowskatv.pl\/wp-content\/uploads\/2016\/11\/nowa-koncepcja-hali-k1-2-300x150.jpg 300w, https:\/\/ostrowskatv.pl\/wp-content\/uploads\/2016\/11\/nowa-koncepcja-hali-k1-2-640x320.jpg 640w, https:\/\/ostrowskatv.pl\/wp-content\/uploads\/2016\/11\/nowa-koncepcja-hali-k1-2.jpg 960w\" sizes=\"auto, (max-width: 300px) 100vw, 300px\" \/><\/a>\n\t\t\t<\/div><\/figure><figure class='gallery-item'>\n\t\t\t<div class='gallery-icon landscape'>\n\t\t\t\t<a href='https:\/\/ostrowskatv.pl\/?attachment_id=2444'><img loading=\"lazy\" decoding=\"async\" width=\"300\" height=\"150\" src=\"https:\/\/ostrowskatv.pl\/wp-content\/uploads\/2016\/11\/nowa-koncepcja-hali-k1-300x150.jpg\" class=\"attachment-medium size-medium\" alt=\"\" srcset=\"https:\/\/ostrowskatv.pl\/wp-content\/uploads\/2016\/11\/nowa-koncepcja-hali-k1-300x150.jpg 300w, https:\/\/ostrowskatv.pl\/wp-content\/uploads\/2016\/11\/nowa-koncepcja-hali-k1-640x320.jpg 640w, https:\/\/ostrowskatv.pl\/wp-content\/uploads\/2016\/11\/nowa-koncepcja-hali-k1.jpg 960w\" sizes=\"auto, (max-width: 300px) 100vw, 300px\" \/><\/a>\n\t\t\t<\/div><\/figure>\n\t\t<\/div>\n\n<p>Obie strony da\u0142y sobie czas do ko\u0144ca tego roku na podj\u0119cie ostatecznej decyzji.<\/p>\n","protected":false},"excerpt":{"rendered":"Ostrowianie od wielu lat czekaj\u0105 na hal\u0119 sportow\u0105 z prawdziwego zdarzenia. Jej brak powoduje, \u017ce takie dru\u017cyny jak BM Slam Stal czy koszykarki \n<a class=\"moretag\" href=\"https:\/\/ostrowskatv.pl\/?p=2443\"> [...]<\/a>","protected":false},"author":1,"featured_media":2444,"comment_status":"open","ping_status":"open","sticky":false,"template":"","format":"standard","meta":{"footnotes":""},"categories":[1],"tags":[2],"class_list":["post-2443","post","type-post","status-publish","format-standard","has-post-thumbnail","hentry","category-news","tag-ostrow-wielkopolski"],"_links":{"self":[{"href":"https:\/\/ostrowskatv.pl\/index.php?rest_route=\/wp\/v2\/posts\/2443","targetHints":{"allow":["GET"]}}],"collection":[{"href":"https:\/\/ostrowskatv.pl\/index.php?rest_route=\/wp\/v2\/posts"}],"about":[{"href":"https:\/\/ostrowskatv.pl\/index.php?rest_route=\/wp\/v2\/types\/post"}],"author":[{"embeddable":true,"href":"https:\/\/ostrowskatv.pl\/index.php?rest_route=\/wp\/v2\/users\/1"}],"replies":[{"embeddable":true,"href":"https:\/\/ostrowskatv.pl\/index.php?rest_route=%2Fwp%2Fv2%2Fcomments&post=2443"}],"version-history":[{"count":0,"href":"https:\/\/ostrowskatv.pl\/index.php?rest_route=\/wp\/v2\/posts\/2443\/revisions"}],"wp:featuredmedia":[{"embeddable":true,"href":"https:\/\/ostrowskatv.pl\/index.php?rest_route=\/wp\/v2\/media\/2444"}],"wp:attachment":[{"href":"https:\/\/ostrowskatv.pl\/index.php?rest_route=%2Fwp%2Fv2%2Fmedia&parent=2443"}],"wp:term":[{"taxonomy":"category","embeddable":true,"href":"https:\/\/ostrowskatv.pl\/index.php?rest_route=%2Fwp%2Fv2%2Fcategories&post=2443"},{"taxonomy":"post_tag","embeddable":true,"href":"https:\/\/ostrowskatv.pl\/index.php?rest_route=%2Fwp%2Fv2%2Ftags&post=2443"}],"curies":[{"name":"wp","href":"https:\/\/api.w.org\/{rel}","templated":true}]}}