{"id":2436,"date":"2016-11-24T21:56:08","date_gmt":"2016-11-24T20:56:08","guid":{"rendered":"http:\/\/ostrowska.tv\/?p=2436"},"modified":"2016-11-24T21:56:08","modified_gmt":"2016-11-24T20:56:08","slug":"wypadek-w-granowcu-ciezarowka-z-osobowka","status":"publish","type":"post","link":"https:\/\/ostrowskatv.pl\/?p=2436","title":{"rendered":"Wypadek w Granowcu &#8211; ci\u0119\u017car\u00f3wka z osob\u00f3wk\u0105"},"content":{"rendered":"<p><strong>W czwartkowy wiecz\u00f3r dosz\u0142o do gro\u017anie wygl\u0105daj\u0105cego wypadku w gminie Odolan\u00f3w. Zderzenie osob\u00f3wki z ci\u0119\u017car\u00f3wk\u0105 nast\u0105pi\u0142o w \u015brodku wsi Granowiec. Ze wst\u0119pnych ustale\u0144 wynika, \u017ce kieruj\u0105ca Skod\u0105 zatrzyma\u0142a si\u0119 przy jednej z posesji by wysadzi\u0107 pasa\u017cera. Z ty\u0142u nadje\u017cd\u017ca\u0142a cysterna do przewozu cementu. Kobieta nagle wyjecha\u0142a z posesji i zmusi\u0142a kierowc\u0119 ci\u0119\u017car\u00f3wki do gwa\u0142townego odbicia i wjechania na teren jednej z posesji. Mi\u0119dzy samochodami dosz\u0142o do kontaktu. Poza wgniecionymi obydwoma drzwiami w osob\u00f3wce, rozbi\u0142y si\u0119 szyby uszkadzaj\u0105c cia\u0142o sprawczyni wypadku. Kobiecie zaszyto powsta\u0142e rany na twarzy.<\/strong><\/p>\n<div id='gallery-1' class='gallery galleryid-2436 gallery-columns-3 gallery-size-thumbnail'><figure class='gallery-item'>\n\t\t\t<div class='gallery-icon landscape'>\n\t\t\t\t<a href='https:\/\/ostrowskatv.pl\/?attachment_id=2438'><img loading=\"lazy\" decoding=\"async\" width=\"150\" height=\"150\" src=\"https:\/\/ostrowskatv.pl\/wp-content\/uploads\/2016\/11\/20161124_202456-150x150.jpg\" class=\"attachment-thumbnail size-thumbnail\" alt=\"\" \/><\/a>\n\t\t\t<\/div><\/figure><figure class='gallery-item'>\n\t\t\t<div class='gallery-icon landscape'>\n\t\t\t\t<a href='https:\/\/ostrowskatv.pl\/?attachment_id=2439'><img loading=\"lazy\" decoding=\"async\" width=\"150\" height=\"150\" src=\"https:\/\/ostrowskatv.pl\/wp-content\/uploads\/2016\/11\/20161124_202637-150x150.jpg\" class=\"attachment-thumbnail size-thumbnail\" alt=\"\" \/><\/a>\n\t\t\t<\/div><\/figure><figure class='gallery-item'>\n\t\t\t<div class='gallery-icon landscape'>\n\t\t\t\t<a href='https:\/\/ostrowskatv.pl\/?attachment_id=2440'><img loading=\"lazy\" decoding=\"async\" width=\"150\" height=\"150\" src=\"https:\/\/ostrowskatv.pl\/wp-content\/uploads\/2016\/11\/20161124_202816-150x150.jpg\" class=\"attachment-thumbnail size-thumbnail\" alt=\"\" \/><\/a>\n\t\t\t<\/div><\/figure><figure class='gallery-item'>\n\t\t\t<div class='gallery-icon landscape'>\n\t\t\t\t<a href='https:\/\/ostrowskatv.pl\/?attachment_id=2441'><img loading=\"lazy\" decoding=\"async\" width=\"150\" height=\"150\" src=\"https:\/\/ostrowskatv.pl\/wp-content\/uploads\/2016\/11\/20161124_202907-150x150.jpg\" class=\"attachment-thumbnail size-thumbnail\" alt=\"\" \/><\/a>\n\t\t\t<\/div><\/figure><figure class='gallery-item'>\n\t\t\t<div class='gallery-icon landscape'>\n\t\t\t\t<a href='https:\/\/ostrowskatv.pl\/?attachment_id=2437'><img loading=\"lazy\" decoding=\"async\" width=\"150\" height=\"150\" src=\"https:\/\/ostrowskatv.pl\/wp-content\/uploads\/2016\/11\/20161124_202649-150x150.jpg\" class=\"attachment-thumbnail size-thumbnail\" alt=\"\" \/><\/a>\n\t\t\t<\/div><\/figure>\n\t\t<\/div>\n\n<p>&nbsp;<\/p>\n","protected":false},"excerpt":{"rendered":"W czwartkowy wiecz\u00f3r dosz\u0142o do gro\u017anie wygl\u0105daj\u0105cego wypadku w gminie Odolan\u00f3w. Zderzenie osob\u00f3wki z ci\u0119\u017car\u00f3wk\u0105 nast\u0105pi\u0142o w \u015brodku wsi Granowiec. Ze wst\u0119pnych ustale\u0144 \n<a class=\"moretag\" href=\"https:\/\/ostrowskatv.pl\/?p=2436\"> [...]<\/a>","protected":false},"author":1,"featured_media":2437,"comment_status":"open","ping_status":"open","sticky":false,"template":"","format":"standard","meta":{"footnotes":""},"categories":[1],"tags":[108],"class_list":["post-2436","post","type-post","status-publish","format-standard","has-post-thumbnail","hentry","category-news","tag-granowiec"],"_links":{"self":[{"href":"https:\/\/ostrowskatv.pl\/index.php?rest_route=\/wp\/v2\/posts\/2436","targetHints":{"allow":["GET"]}}],"collection":[{"href":"https:\/\/ostrowskatv.pl\/index.php?rest_route=\/wp\/v2\/posts"}],"about":[{"href":"https:\/\/ostrowskatv.pl\/index.php?rest_route=\/wp\/v2\/types\/post"}],"author":[{"embeddable":true,"href":"https:\/\/ostrowskatv.pl\/index.php?rest_route=\/wp\/v2\/users\/1"}],"replies":[{"embeddable":true,"href":"https:\/\/ostrowskatv.pl\/index.php?rest_route=%2Fwp%2Fv2%2Fcomments&post=2436"}],"version-history":[{"count":0,"href":"https:\/\/ostrowskatv.pl\/index.php?rest_route=\/wp\/v2\/posts\/2436\/revisions"}],"wp:featuredmedia":[{"embeddable":true,"href":"https:\/\/ostrowskatv.pl\/index.php?rest_route=\/wp\/v2\/media\/2437"}],"wp:attachment":[{"href":"https:\/\/ostrowskatv.pl\/index.php?rest_route=%2Fwp%2Fv2%2Fmedia&parent=2436"}],"wp:term":[{"taxonomy":"category","embeddable":true,"href":"https:\/\/ostrowskatv.pl\/index.php?rest_route=%2Fwp%2Fv2%2Fcategories&post=2436"},{"taxonomy":"post_tag","embeddable":true,"href":"https:\/\/ostrowskatv.pl\/index.php?rest_route=%2Fwp%2Fv2%2Ftags&post=2436"}],"curies":[{"name":"wp","href":"https:\/\/api.w.org\/{rel}","templated":true}]}}