{"id":24348,"date":"2023-05-04T19:27:38","date_gmt":"2023-05-04T18:27:38","guid":{"rendered":"https:\/\/ostrowskatv.pl\/?p=24348"},"modified":"2023-05-04T19:27:38","modified_gmt":"2023-05-04T18:27:38","slug":"obcokrajowiec-potracil-chlopca-zdjecia","status":"publish","type":"post","link":"https:\/\/ostrowskatv.pl\/?p=24348","title":{"rendered":"Obcokrajowiec potr\u0105ci\u0142 ch\u0142opca (zdj\u0119cia)"},"content":{"rendered":"<p><strong>Do potr\u0105cenia ch\u0142opca dosz\u0142o w czwartkowy wiecz\u00f3r na ulicy \u0141anowej w Ostrowie Wielkopolskim. Ch\u0142opiec dozna\u0142 z\u0142amania nogi i urazu g\u0142owy.<\/strong><\/p>\n<p>Ulica \u0141anowa oznaczona jest znakiem D-40 strefa zamieszkania. Oznacza to, \u017ce pojazdy mog\u0105 si\u0119 ni\u0105 przemieszcza\u0107 pr\u0119dko\u015bci\u0105 nie wy\u017csz\u0105 ni\u017c 20 km\/h. Dodatkowo nie mo\u017cna parkowa\u0107 poza miejscami wyznaczonymi.<\/p>\n<p>Przy jednej z posesji kierowca BMW, obywatel Turcji, potr\u0105ci\u0142 ch\u0142opca. Ten trafi\u0142 do szpitala. Stwierdzono u niego z\u0142amanie dw\u00f3ch ko\u015bci jednej z n\u00f3g oraz niegro\u017any uraz g\u0142owy.<\/p>\n<p><img loading=\"lazy\" decoding=\"async\" src=\"https:\/\/ostrowskatv.pl\/wp-content\/uploads\/2023\/05\/20230504_195912-01.jpeg\" alt=\"\" width=\"1366\" height=\"751\" class=\"alignnone size-full wp-image-24349\" srcset=\"https:\/\/ostrowskatv.pl\/wp-content\/uploads\/2023\/05\/20230504_195912-01.jpeg 1366w, https:\/\/ostrowskatv.pl\/wp-content\/uploads\/2023\/05\/20230504_195912-01-300x165.jpeg 300w, https:\/\/ostrowskatv.pl\/wp-content\/uploads\/2023\/05\/20230504_195912-01-1333x733.jpeg 1333w\" sizes=\"auto, (max-width: 1366px) 100vw, 1366px\" \/><\/p>\n<p><img loading=\"lazy\" decoding=\"async\" src=\"https:\/\/ostrowskatv.pl\/wp-content\/uploads\/2023\/05\/20230504_195900-01.jpeg\" alt=\"\" width=\"1365\" height=\"948\" class=\"alignnone size-full wp-image-24350\" srcset=\"https:\/\/ostrowskatv.pl\/wp-content\/uploads\/2023\/05\/20230504_195900-01.jpeg 1365w, https:\/\/ostrowskatv.pl\/wp-content\/uploads\/2023\/05\/20230504_195900-01-300x208.jpeg 300w, https:\/\/ostrowskatv.pl\/wp-content\/uploads\/2023\/05\/20230504_195900-01-1333x926.jpeg 1333w\" sizes=\"auto, (max-width: 1365px) 100vw, 1365px\" \/><\/p>\n<p><img loading=\"lazy\" decoding=\"async\" src=\"https:\/\/ostrowskatv.pl\/wp-content\/uploads\/2023\/05\/20230504_195856-01.jpeg\" alt=\"\" width=\"1366\" height=\"1025\" class=\"alignnone size-full wp-image-24351\" srcset=\"https:\/\/ostrowskatv.pl\/wp-content\/uploads\/2023\/05\/20230504_195856-01.jpeg 1366w, https:\/\/ostrowskatv.pl\/wp-content\/uploads\/2023\/05\/20230504_195856-01-300x225.jpeg 300w, https:\/\/ostrowskatv.pl\/wp-content\/uploads\/2023\/05\/20230504_195856-01-1333x1000.jpeg 1333w\" sizes=\"auto, (max-width: 1366px) 100vw, 1366px\" \/><\/p>\n<p><img loading=\"lazy\" decoding=\"async\" src=\"https:\/\/ostrowskatv.pl\/wp-content\/uploads\/2023\/05\/20230504_195637-01.jpeg\" alt=\"\" width=\"1366\" height=\"649\" class=\"alignnone size-full wp-image-24352\" srcset=\"https:\/\/ostrowskatv.pl\/wp-content\/uploads\/2023\/05\/20230504_195637-01.jpeg 1366w, https:\/\/ostrowskatv.pl\/wp-content\/uploads\/2023\/05\/20230504_195637-01-300x143.jpeg 300w, https:\/\/ostrowskatv.pl\/wp-content\/uploads\/2023\/05\/20230504_195637-01-1333x633.jpeg 1333w\" sizes=\"auto, (max-width: 1366px) 100vw, 1366px\" \/><\/p>\n","protected":false},"excerpt":{"rendered":"Do potr\u0105cenia ch\u0142opca dosz\u0142o w czwartkowy wiecz\u00f3r na ulicy \u0141anowej w Ostrowie Wielkopolskim. Ch\u0142opiec dozna\u0142 z\u0142amania nogi i urazu g\u0142owy. Ulica \u0141anowa oznaczona \n<a class=\"moretag\" href=\"https:\/\/ostrowskatv.pl\/?p=24348\"> [...]<\/a>","protected":false},"author":1,"featured_media":24350,"comment_status":"open","ping_status":"closed","sticky":false,"template":"","format":"standard","meta":{"footnotes":""},"categories":[1],"tags":[2],"class_list":["post-24348","post","type-post","status-publish","format-standard","has-post-thumbnail","hentry","category-news","tag-ostrow-wielkopolski"],"_links":{"self":[{"href":"https:\/\/ostrowskatv.pl\/index.php?rest_route=\/wp\/v2\/posts\/24348","targetHints":{"allow":["GET"]}}],"collection":[{"href":"https:\/\/ostrowskatv.pl\/index.php?rest_route=\/wp\/v2\/posts"}],"about":[{"href":"https:\/\/ostrowskatv.pl\/index.php?rest_route=\/wp\/v2\/types\/post"}],"author":[{"embeddable":true,"href":"https:\/\/ostrowskatv.pl\/index.php?rest_route=\/wp\/v2\/users\/1"}],"replies":[{"embeddable":true,"href":"https:\/\/ostrowskatv.pl\/index.php?rest_route=%2Fwp%2Fv2%2Fcomments&post=24348"}],"version-history":[{"count":0,"href":"https:\/\/ostrowskatv.pl\/index.php?rest_route=\/wp\/v2\/posts\/24348\/revisions"}],"wp:featuredmedia":[{"embeddable":true,"href":"https:\/\/ostrowskatv.pl\/index.php?rest_route=\/wp\/v2\/media\/24350"}],"wp:attachment":[{"href":"https:\/\/ostrowskatv.pl\/index.php?rest_route=%2Fwp%2Fv2%2Fmedia&parent=24348"}],"wp:term":[{"taxonomy":"category","embeddable":true,"href":"https:\/\/ostrowskatv.pl\/index.php?rest_route=%2Fwp%2Fv2%2Fcategories&post=24348"},{"taxonomy":"post_tag","embeddable":true,"href":"https:\/\/ostrowskatv.pl\/index.php?rest_route=%2Fwp%2Fv2%2Ftags&post=24348"}],"curies":[{"name":"wp","href":"https:\/\/api.w.org\/{rel}","templated":true}]}}