{"id":243,"date":"2016-01-25T17:33:31","date_gmt":"2016-01-25T16:33:31","guid":{"rendered":"http:\/\/ostrowska.tv\/?p=243"},"modified":"2016-01-25T17:33:31","modified_gmt":"2016-01-25T16:33:31","slug":"nie-bedzie-prokuratury-przy-stadionie","status":"publish","type":"post","link":"https:\/\/ostrowskatv.pl\/?p=243","title":{"rendered":"Nie b\u0119dzie prokuratury przy stadionie"},"content":{"rendered":"<p><strong>Prokuratura Rejonowa w Ostrowie Wielkopolskim ca\u0142y czas czeka na now\u0105 siedzib\u0119, ale wszystko wskazuje na to, \u017ce nie powstanie ona przy ulicy Kompa\u0142\u0142y.<\/strong><\/p>\n<p>Ostrowscy radni podczas Komisji Dzia\u0142alno\u015bci Gospodarczej, \u0141adu Przestrzennego i Gospodarki Gruntami negatywnie zaopiniowa\u0142a projekt uchwa\u0142y w sprawie przed\u0142u\u017cenia terminu realizacji inwestycji na dzia\u0142ce przy ulicy Kompa\u0142\u0142y. Przypomnijmy, \u017ce prokuratura w 2011 roku otrzyma\u0142a te tereny w u\u017cytkowanie wieczyste, ale jej siedziba nie powsta\u0142a tam w okresie pi\u0119ciu lat. I prawdopodobnie ju\u017c nie powstanie. Wi\u0119kszo\u015b\u0107 radnych jest przeciwna.<\/p>\n<p>&#8211; <em>Przy ulicy Kompa\u0142\u0142y s\u0105 tereny zielone i Stadion Miejski. Ten teren nale\u017cy zagospodarowa\u0107 w kierunku rekreacji mieszka\u0144c\u00f3w. Tam nie powinien powsta\u0107 \u017caden budynek. Nie chodzi nawet o fakt, \u017ce mia\u0142aby to by\u0107 akurat prokuratura. Radni wskazali zreszt\u0105 alternatywne miejsce, gdzie mia\u0142aby powsta\u0107 jej nowa siedziba. Propozycj\u0105 jest dawny budynek policji. To w\u0142asno\u015b\u0107 skarbu pa\u0144stwa i je\u015bli znajd\u0105 si\u0119 na ten cel odpowiednie \u015brodki, to nowa siedziba mo\u017ce powsta\u0107 w\u0142a\u015bnie nam<\/em> \u2013 przekonuje radny <strong>Mariusz Leki<\/strong>.<\/p>\n<p>Zupe\u0142nie inne zdanie mia\u0142 na ten temat radny <strong>Alojzy Motylewski<\/strong>. &#8211; <em>Trudno zmienia\u0107 zdanie &#8222;jak r\u0119kawiczki&#8221;. Wiele os\u00f3b pami\u0119ta, \u017ce wcze\u015bniej podejmowa\u0142o decyzj\u0119 o przekazaniu tych teren\u00f3w pod now\u0105 siedzib\u0119 prokuratury. Wcze\u015bniejszy prezydent sugerowa\u0142 nam, \u017ce to jedno z lepszych rozwi\u0105za\u0144. Mieli\u015bmy nie dawa\u0107 sygna\u0142u, \u017ce przedsi\u0119biorcy czy urz\u0119dy nie maj\u0105 u nas racji bytu. Istnia\u0142o zagro\u017cenie, \u017ce wszystkie kompetencje prokuratury zostan\u0105 przekazane do Kalisza. Wtedy przekonywano mnie jako osob\u0119 ma\u0142o zdecydowan\u0105, by zaopiniowa\u0107 ten wniosek pozytywnie. Sam pocz\u0105tkowo by\u0142em za sprzeda\u017c\u0105 tych teren\u00f3w. Zmieni\u0142em jednak zdanie pod wp\u0142ywem argument\u00f3w, o kt\u00f3rych wcze\u015bniej wspomnia\u0142em<\/em> \u2013 przypomina <strong>Motylewski<\/strong>.<\/p>\n<p>Radny nie ma nic przeciwko lokalizacji nowej siedziby prokuratury w budynku dawnej policji. Jak jednak zauwa\u017ca, ta instytucja powinna mie\u0107 jak najszersze spektrum wyboru. &#8211; <em>Prosz\u0119 bardzo, niech tam powstanie nowa siedziba, ale jako radni nie powinni\u015bmy zamyka\u0107 innych dr\u00f3g. Budynek przy policji wymaga odrestaurowania. Organy pa\u0144stwa musz\u0105 najpierw przyzna\u0107 na ten cel \u015brodki. Prokuratura powinna mie\u0107 mo\u017cliwo\u015b\u0107 jak najszerszego wyboru. Je\u015bli b\u0119d\u0105 mie\u0107 mo\u017cliwo\u015b\u0107 skorzystania z obiektu, kt\u00f3ry ju\u017c istnieje, to z pewno\u015bci\u0105 to zrobi\u0105<\/em> \u2013 dodaje na zako\u0144czenie <strong>Motylewski<\/strong>.<\/p>\n<p>Wszystko wskazuje jednak na to, \u017ce decyzja ju\u017c zapad\u0142a i prokuratury przy ulicy Kompa\u0142\u0142y nie b\u0119dzie. Czy radni post\u0105pili w\u0142a\u015bciwie?<\/p>\n<p><strong>Zach<\/strong><strong>\u0119camy do dyskusji w komentarzach<\/strong>.<\/p>\n","protected":false},"excerpt":{"rendered":"Prokuratura Rejonowa w Ostrowie Wielkopolskim ca\u0142y czas czeka na now\u0105 siedzib\u0119, ale wszystko wskazuje na to, \u017ce nie powstanie ona przy ulicy Kompa\u0142\u0142y. \n<a class=\"moretag\" href=\"https:\/\/ostrowskatv.pl\/?p=243\"> [...]<\/a>","protected":false},"author":1,"featured_media":217,"comment_status":"open","ping_status":"open","sticky":false,"template":"","format":"standard","meta":{"footnotes":""},"categories":[1],"tags":[33],"class_list":["post-243","post","type-post","status-publish","format-standard","has-post-thumbnail","hentry","category-news","tag-prokuratura"],"_links":{"self":[{"href":"https:\/\/ostrowskatv.pl\/index.php?rest_route=\/wp\/v2\/posts\/243","targetHints":{"allow":["GET"]}}],"collection":[{"href":"https:\/\/ostrowskatv.pl\/index.php?rest_route=\/wp\/v2\/posts"}],"about":[{"href":"https:\/\/ostrowskatv.pl\/index.php?rest_route=\/wp\/v2\/types\/post"}],"author":[{"embeddable":true,"href":"https:\/\/ostrowskatv.pl\/index.php?rest_route=\/wp\/v2\/users\/1"}],"replies":[{"embeddable":true,"href":"https:\/\/ostrowskatv.pl\/index.php?rest_route=%2Fwp%2Fv2%2Fcomments&post=243"}],"version-history":[{"count":0,"href":"https:\/\/ostrowskatv.pl\/index.php?rest_route=\/wp\/v2\/posts\/243\/revisions"}],"wp:featuredmedia":[{"embeddable":true,"href":"https:\/\/ostrowskatv.pl\/index.php?rest_route=\/wp\/v2\/media\/217"}],"wp:attachment":[{"href":"https:\/\/ostrowskatv.pl\/index.php?rest_route=%2Fwp%2Fv2%2Fmedia&parent=243"}],"wp:term":[{"taxonomy":"category","embeddable":true,"href":"https:\/\/ostrowskatv.pl\/index.php?rest_route=%2Fwp%2Fv2%2Fcategories&post=243"},{"taxonomy":"post_tag","embeddable":true,"href":"https:\/\/ostrowskatv.pl\/index.php?rest_route=%2Fwp%2Fv2%2Ftags&post=243"}],"curies":[{"name":"wp","href":"https:\/\/api.w.org\/{rel}","templated":true}]}}