{"id":24241,"date":"2023-04-27T15:19:19","date_gmt":"2023-04-27T14:19:19","guid":{"rendered":"https:\/\/ostrowskatv.pl\/?p=24241"},"modified":"2023-04-27T15:19:19","modified_gmt":"2023-04-27T14:19:19","slug":"morze-lez-na-pozegnaniu-mlodych-siostr","status":"publish","type":"post","link":"https:\/\/ostrowskatv.pl\/?p=24241","title":{"rendered":"Morze \u0142ez na po\u017cegnaniu m\u0142odych si\u00f3str"},"content":{"rendered":"<p><strong>Dzi\u015b w Kobylej G\u00f3rze po\u017cegnano dwie zmar\u0142e siostry Madzi\u0119 (13 l.) i Jadzi\u0119 (9 l.). Na ich grobie spocz\u0119\u0142o wielkie serce z bia\u0142ych r\u00f3\u017c.<\/strong> <\/p>\n<p><img loading=\"lazy\" decoding=\"async\" src=\"https:\/\/ostrowskatv.pl\/wp-content\/uploads\/2023\/04\/20230427_122447-02.jpeg\" alt=\"\" width=\"1366\" height=\"660\" class=\"alignnone size-full wp-image-24242\" srcset=\"https:\/\/ostrowskatv.pl\/wp-content\/uploads\/2023\/04\/20230427_122447-02.jpeg 1366w, https:\/\/ostrowskatv.pl\/wp-content\/uploads\/2023\/04\/20230427_122447-02-300x145.jpeg 300w, https:\/\/ostrowskatv.pl\/wp-content\/uploads\/2023\/04\/20230427_122447-02-1333x644.jpeg 1333w\" sizes=\"auto, (max-width: 1366px) 100vw, 1366px\" \/><\/p>\n<p>Dziewczynki zgin\u0119\u0142y w tajemniczych okoliczno\u015bciach w swoim domu. Ich mama walczy o \u017cycie w szpitalu. <\/p>\n<p><img loading=\"lazy\" decoding=\"async\" src=\"https:\/\/ostrowskatv.pl\/wp-content\/uploads\/2023\/04\/20230427_120302-01-01.jpeg\" alt=\"\" width=\"1366\" height=\"937\" class=\"alignnone size-full wp-image-24243\" srcset=\"https:\/\/ostrowskatv.pl\/wp-content\/uploads\/2023\/04\/20230427_120302-01-01.jpeg 1366w, https:\/\/ostrowskatv.pl\/wp-content\/uploads\/2023\/04\/20230427_120302-01-01-300x206.jpeg 300w, https:\/\/ostrowskatv.pl\/wp-content\/uploads\/2023\/04\/20230427_120302-01-01-1333x914.jpeg 1333w\" sizes=\"auto, (max-width: 1366px) 100vw, 1366px\" \/><\/p>\n<p>W ostatnim po\u017cegnaniu wzi\u0119\u0142o udzia\u0142 wielu mieszka\u0144c\u00f3w gminy. Na wst\u0119gach po\u017cegna\u0142 je ojciec i Ola (starsza wiekiem, niepe\u0142nosprawna siostra), kt\u00f3ra w chwili tragedii by\u0142a w szkole. <\/p>\n<p><img loading=\"lazy\" decoding=\"async\" src=\"https:\/\/ostrowskatv.pl\/wp-content\/uploads\/2023\/04\/20230427_125234-02.jpeg\" alt=\"\" width=\"1366\" height=\"663\" class=\"alignnone size-full wp-image-24244\" srcset=\"https:\/\/ostrowskatv.pl\/wp-content\/uploads\/2023\/04\/20230427_125234-02.jpeg 1366w, https:\/\/ostrowskatv.pl\/wp-content\/uploads\/2023\/04\/20230427_125234-02-300x146.jpeg 300w, https:\/\/ostrowskatv.pl\/wp-content\/uploads\/2023\/04\/20230427_125234-02-1333x647.jpeg 1333w\" sizes=\"auto, (max-width: 1366px) 100vw, 1366px\" \/><\/p>\n<p>&#8211; Ludzkie sprawy nie s\u0105 \u0142atwe. Wszyscy do\u015bwiadczamy ludzkiej niemocy i \u017ca\u0142oby &#8211; m\u00f3wi\u0142 ksi\u0105dz, celebruj\u0105cy msz\u0119 pogrzebow\u0105, kt\u00f3ry dodawa\u0142 \u017ca\u0142obnikom otuchy, wiary i nadziei. Nikt jednak nie m\u00f3g\u0142 zapomnie\u0107 o tym, co wydarzy\u0142o si\u0119 tydzie\u0144 temu.<\/p>\n<p>Przypomnijmy, \u017ce dramat rozegra\u0142 si\u0119 20 kwietnia na uboczu malowniczej miejscowo\u015bci. Ojciec po powrocie z pracy odkry\u0142 cia\u0142a bliskich. <\/p>\n<p><img loading=\"lazy\" decoding=\"async\" src=\"https:\/\/ostrowskatv.pl\/wp-content\/uploads\/2023\/04\/20230427_120256-01-01.jpeg\" alt=\"\" width=\"1366\" height=\"767\" class=\"alignnone size-full wp-image-24245\" srcset=\"https:\/\/ostrowskatv.pl\/wp-content\/uploads\/2023\/04\/20230427_120256-01-01.jpeg 1366w, https:\/\/ostrowskatv.pl\/wp-content\/uploads\/2023\/04\/20230427_120256-01-01-300x168.jpeg 300w, https:\/\/ostrowskatv.pl\/wp-content\/uploads\/2023\/04\/20230427_120256-01-01-1333x748.jpeg 1333w\" sizes=\"auto, (max-width: 1366px) 100vw, 1366px\" \/><\/p>\n<p>\u015aledczy poinformowali, \u017ce znany jest mechanizm \u015bmierci dziewczynek: starsza zmar\u0142a od kilkudziesi\u0119ciu ran k\u0142utych, g\u0142\u00f3wnie w okolicach szyi i g\u0142owy. M\u0142odsza mia\u0142a tylko otarcia na szyi i zdaniem bieg\u0142ych najprawdopodobniej zosta\u0142a uduszona. Prokuratura nie postawi\u0142a jeszcze nikomu zarzut\u00f3w w tej sprawie, ale jedna z hipotez \u015bledczych zak\u0142ada, \u017ce to matka zabi\u0142a dwie c\u00f3rki, a potem sama pr\u00f3bowa\u0142a pope\u0142ni\u0107 samob\u00f3jstwo.<\/p>\n","protected":false},"excerpt":{"rendered":"Dzi\u015b w Kobylej G\u00f3rze po\u017cegnano dwie zmar\u0142e siostry Madzi\u0119 (13 l.) i Jadzi\u0119 (9 l.). Na ich grobie spocz\u0119\u0142o wielkie serce z bia\u0142ych \n<a class=\"moretag\" href=\"https:\/\/ostrowskatv.pl\/?p=24241\"> [...]<\/a>","protected":false},"author":1,"featured_media":24245,"comment_status":"open","ping_status":"closed","sticky":false,"template":"","format":"standard","meta":{"footnotes":""},"categories":[1],"tags":[270,197,134],"class_list":["post-24241","post","type-post","status-publish","format-standard","has-post-thumbnail","hentry","category-news","tag-dzieci","tag-pogrzeb","tag-powiat-ostrzeszowski"],"_links":{"self":[{"href":"https:\/\/ostrowskatv.pl\/index.php?rest_route=\/wp\/v2\/posts\/24241","targetHints":{"allow":["GET"]}}],"collection":[{"href":"https:\/\/ostrowskatv.pl\/index.php?rest_route=\/wp\/v2\/posts"}],"about":[{"href":"https:\/\/ostrowskatv.pl\/index.php?rest_route=\/wp\/v2\/types\/post"}],"author":[{"embeddable":true,"href":"https:\/\/ostrowskatv.pl\/index.php?rest_route=\/wp\/v2\/users\/1"}],"replies":[{"embeddable":true,"href":"https:\/\/ostrowskatv.pl\/index.php?rest_route=%2Fwp%2Fv2%2Fcomments&post=24241"}],"version-history":[{"count":0,"href":"https:\/\/ostrowskatv.pl\/index.php?rest_route=\/wp\/v2\/posts\/24241\/revisions"}],"wp:featuredmedia":[{"embeddable":true,"href":"https:\/\/ostrowskatv.pl\/index.php?rest_route=\/wp\/v2\/media\/24245"}],"wp:attachment":[{"href":"https:\/\/ostrowskatv.pl\/index.php?rest_route=%2Fwp%2Fv2%2Fmedia&parent=24241"}],"wp:term":[{"taxonomy":"category","embeddable":true,"href":"https:\/\/ostrowskatv.pl\/index.php?rest_route=%2Fwp%2Fv2%2Fcategories&post=24241"},{"taxonomy":"post_tag","embeddable":true,"href":"https:\/\/ostrowskatv.pl\/index.php?rest_route=%2Fwp%2Fv2%2Ftags&post=24241"}],"curies":[{"name":"wp","href":"https:\/\/api.w.org\/{rel}","templated":true}]}}