{"id":2424,"date":"2016-11-24T17:44:14","date_gmt":"2016-11-24T16:44:14","guid":{"rendered":"http:\/\/ostrowska.tv\/?p=2424"},"modified":"2016-11-24T17:50:28","modified_gmt":"2016-11-24T16:50:28","slug":"topolan-do-prezydent-nie-bedzie-mi-kur-uczyla-co-mam","status":"publish","type":"post","link":"https:\/\/ostrowskatv.pl\/?p=2424","title":{"rendered":"Topolan do prezydent: B\u0119dzie mnie kur** uczy\u0142a co mam&#8230;"},"content":{"rendered":"<p><strong>Lech Topolan, wiceprzewodnicz\u0105cy Rady Miejskiej Ostrowa Wlkp. w spos\u00f3b niekontrolowany &#8211; jak p\u00f3\u017aniej stwierdzi\u0142 &#8211; odni\u00f3s\u0142 si\u0119 do uwag stawianych mu przez pani\u0105 prezydent Beat\u0119 Klimek w przedmiocie prowadzonej moderacji wyst\u0105pie\u0144. Zapominaj\u0105c, \u017ce zostawi\u0142 w\u0142\u0105czony mikrofon powiedzia\u0142: B\u0119dzie mnie kur** uczy\u0142a co mam m\u00f3wi\u0107\/m\u00f3wienia\/powiedzenia (niezrozumia\u0142a ko\u0144c\u00f3wka &#8211; red.).<\/strong><\/p>\n<p>Zszokowani mieszka\u0144cy poinformowali dziennikarza Marka Radziszewskiego o wypowiedzianych s\u0142owach i ten postanowi\u0142 wyst\u0105pi\u0107 i poprosi\u0107 przewodnicz\u0105cego Topolana o przeprosiny dla mieszka\u0144c\u00f3w.<\/p>\n<p><iframe loading=\"lazy\" width=\"640\" height=\"360\" src=\"https:\/\/www.youtube.com\/embed\/fr21OS6ly90\" frameborder=\"0\" allowfullscreen><\/iframe><\/p>\n","protected":false},"excerpt":{"rendered":"Lech Topolan, wiceprzewodnicz\u0105cy Rady Miejskiej Ostrowa Wlkp. w spos\u00f3b niekontrolowany &#8211; jak p\u00f3\u017aniej stwierdzi\u0142 &#8211; odni\u00f3s\u0142 si\u0119 do uwag stawianych mu przez pani\u0105 \n<a class=\"moretag\" href=\"https:\/\/ostrowskatv.pl\/?p=2424\"> [...]<\/a>","protected":false},"author":1,"featured_media":2430,"comment_status":"open","ping_status":"open","sticky":false,"template":"","format":"standard","meta":{"footnotes":""},"categories":[1],"tags":[2],"class_list":["post-2424","post","type-post","status-publish","format-standard","has-post-thumbnail","hentry","category-news","tag-ostrow-wielkopolski"],"_links":{"self":[{"href":"https:\/\/ostrowskatv.pl\/index.php?rest_route=\/wp\/v2\/posts\/2424","targetHints":{"allow":["GET"]}}],"collection":[{"href":"https:\/\/ostrowskatv.pl\/index.php?rest_route=\/wp\/v2\/posts"}],"about":[{"href":"https:\/\/ostrowskatv.pl\/index.php?rest_route=\/wp\/v2\/types\/post"}],"author":[{"embeddable":true,"href":"https:\/\/ostrowskatv.pl\/index.php?rest_route=\/wp\/v2\/users\/1"}],"replies":[{"embeddable":true,"href":"https:\/\/ostrowskatv.pl\/index.php?rest_route=%2Fwp%2Fv2%2Fcomments&post=2424"}],"version-history":[{"count":0,"href":"https:\/\/ostrowskatv.pl\/index.php?rest_route=\/wp\/v2\/posts\/2424\/revisions"}],"wp:featuredmedia":[{"embeddable":true,"href":"https:\/\/ostrowskatv.pl\/index.php?rest_route=\/wp\/v2\/media\/2430"}],"wp:attachment":[{"href":"https:\/\/ostrowskatv.pl\/index.php?rest_route=%2Fwp%2Fv2%2Fmedia&parent=2424"}],"wp:term":[{"taxonomy":"category","embeddable":true,"href":"https:\/\/ostrowskatv.pl\/index.php?rest_route=%2Fwp%2Fv2%2Fcategories&post=2424"},{"taxonomy":"post_tag","embeddable":true,"href":"https:\/\/ostrowskatv.pl\/index.php?rest_route=%2Fwp%2Fv2%2Ftags&post=2424"}],"curies":[{"name":"wp","href":"https:\/\/api.w.org\/{rel}","templated":true}]}}