{"id":24225,"date":"2023-04-24T10:35:41","date_gmt":"2023-04-24T09:35:41","guid":{"rendered":"https:\/\/ostrowskatv.pl\/?p=24225"},"modified":"2023-04-24T10:35:41","modified_gmt":"2023-04-24T09:35:41","slug":"21-latek-nie-okielznal-bmw","status":"publish","type":"post","link":"https:\/\/ostrowskatv.pl\/?p=24225","title":{"rendered":"21-latek nie okie\u0142zna\u0142 BMW"},"content":{"rendered":"<p><strong>Do\u015b\u0107 cz\u0119sto zdarza nam si\u0119 opisywa\u0107 m\u0142odych kierowc\u00f3w, kt\u00f3rym zdarzy\u0142o si\u0119 nie zapanowa\u0107 nad autem tylnonap\u0119dowym. Do kolejnego takiego zdarzenia dosz\u0142o w niedzieln\u0105 noc.<\/strong><\/p>\n<p>Chwil\u0119 po godzinie 23.30 samoch\u00f3d BMW wjecha\u0142 w jedno z drzew w Parku P\u00f3\u0142nocnym. Jest to rejon ulicy Konopnickiej w Ostrowie Wielkopolskim. Policjanci przyjechali na miejsce i stwierdzili, \u017ce kierowca jest trze\u017awy. Za zdarzenie zosta\u0142 ukarany mandatem karnym.<\/p>\n","protected":false},"excerpt":{"rendered":"Do\u015b\u0107 cz\u0119sto zdarza nam si\u0119 opisywa\u0107 m\u0142odych kierowc\u00f3w, kt\u00f3rym zdarzy\u0142o si\u0119 nie zapanowa\u0107 nad autem tylnonap\u0119dowym. Do kolejnego takiego zdarzenia dosz\u0142o w niedzieln\u0105 \n<a class=\"moretag\" href=\"https:\/\/ostrowskatv.pl\/?p=24225\"> [...]<\/a>","protected":false},"author":1,"featured_media":24227,"comment_status":"open","ping_status":"closed","sticky":false,"template":"","format":"standard","meta":{"footnotes":""},"categories":[1],"tags":[2],"class_list":["post-24225","post","type-post","status-publish","format-standard","has-post-thumbnail","hentry","category-news","tag-ostrow-wielkopolski"],"_links":{"self":[{"href":"https:\/\/ostrowskatv.pl\/index.php?rest_route=\/wp\/v2\/posts\/24225","targetHints":{"allow":["GET"]}}],"collection":[{"href":"https:\/\/ostrowskatv.pl\/index.php?rest_route=\/wp\/v2\/posts"}],"about":[{"href":"https:\/\/ostrowskatv.pl\/index.php?rest_route=\/wp\/v2\/types\/post"}],"author":[{"embeddable":true,"href":"https:\/\/ostrowskatv.pl\/index.php?rest_route=\/wp\/v2\/users\/1"}],"replies":[{"embeddable":true,"href":"https:\/\/ostrowskatv.pl\/index.php?rest_route=%2Fwp%2Fv2%2Fcomments&post=24225"}],"version-history":[{"count":0,"href":"https:\/\/ostrowskatv.pl\/index.php?rest_route=\/wp\/v2\/posts\/24225\/revisions"}],"wp:featuredmedia":[{"embeddable":true,"href":"https:\/\/ostrowskatv.pl\/index.php?rest_route=\/wp\/v2\/media\/24227"}],"wp:attachment":[{"href":"https:\/\/ostrowskatv.pl\/index.php?rest_route=%2Fwp%2Fv2%2Fmedia&parent=24225"}],"wp:term":[{"taxonomy":"category","embeddable":true,"href":"https:\/\/ostrowskatv.pl\/index.php?rest_route=%2Fwp%2Fv2%2Fcategories&post=24225"},{"taxonomy":"post_tag","embeddable":true,"href":"https:\/\/ostrowskatv.pl\/index.php?rest_route=%2Fwp%2Fv2%2Ftags&post=24225"}],"curies":[{"name":"wp","href":"https:\/\/api.w.org\/{rel}","templated":true}]}}