{"id":24169,"date":"2023-04-15T10:36:54","date_gmt":"2023-04-15T09:36:54","guid":{"rendered":"https:\/\/ostrowskatv.pl\/?p=24169"},"modified":"2023-04-15T10:37:55","modified_gmt":"2023-04-15T09:37:55","slug":"lamiace-serca-chwile-na-pozegnaniu-pana-michala-ktory-polegl-na-ukrainie","status":"publish","type":"post","link":"https:\/\/ostrowskatv.pl\/?p=24169","title":{"rendered":"\u0141ami\u0105ce serca chwile na po\u017cegnaniu pana Micha\u0142a, kt\u00f3ry poleg\u0142 na Ukrainie"},"content":{"rendered":"<p><strong>Bardzo wzruszaj\u0105ca uroczysto\u015b\u0107 pogrzebowa odby\u0142a si\u0119 w pi\u0105tek w podk\u0119pi\u0144skim Bralinie. Tam na parafialnym cmentarzu zosta\u0142 pochowany 45-letni Micha\u0142 \u017burek, kt\u00f3ry przed \u015bwi\u0119tami poleg\u0142 w Bachmucie na Ukrainie.<\/strong><\/p>\n<p>Sier\u017cant Micha\u0142 \u017burek by\u0142 \u017co\u0142nierzem Wojsk Obrony Terytorialnej. Kiedy wybuch\u0142a wojna na Ukrainie podj\u0105\u0142 decyzj\u0119, \u017ce pojedzie jako ochotnik by broni\u0107 niepodleg\u0142o\u015bci Ukrainy i bezpiecze\u0144stwa Polski. &#8211; M\u00f3wi\u0142, \u017ce chcia\u0142by umrze\u0107 jak \u017co\u0142nierz i tak si\u0119 sta\u0142o &#8211; m\u00f3wi\u0142a w rozmowie z dziennikarzami matka zmar\u0142ego.<\/p>\n<p>Micha\u0142 \u017burek mia\u0142 kontakt z bliskimi, kt\u00f3rzy pozostali w Bralinie. Mia\u0142 do nich do\u0142\u0105czy\u0107 tu\u017c przed \u015awi\u0119tami Wielkanocnymi. Niestety najprawdopodobniej zosta\u0142 trafiony w g\u0142ow\u0119 przez rosyjskiego snajpera. &#8211; Od pocz\u0105tku bali\u015bmy si\u0119, \u017ce zginie. Ale kiedy zosta\u0142 ju\u017c tylko tydzie\u0144 my\u015bleli\u015bmy, \u017ce nic z\u0142ego si\u0119 nie stanie i \u015bwi\u0119ta sp\u0119dzimy razem &#8211; m\u00f3wi\u0142a Natasza, 16-letnia c\u00f3rka \u017co\u0142nierza.<\/p>\n<p>\u2013 Ka\u017cdy z nas ma jakie\u015b zadanie do spe\u0142nienia. Nasz brat, sk\u0142adaj\u0105c ofiar\u0119 ze swojego \u017cycia, strzeg\u0142 \u017cycia drugiego cz\u0142owieka. Ten koniec wcale nie jest ko\u0144cem, jest pocz\u0105tkiem \u017cycia z Bogiem. Wierzymy, \u017ce nasz brat Micha\u0142 b\u0119dzie mia\u0142 moc wyproszenia dla nas \u0142ask u Boga \u2013 m\u00f3wi\u0142 ksi\u0105dz Roman Krzy\u017caniak.<\/p>\n<p>Bardzo wzruszaj\u0105ce by\u0142o wyst\u0105pienie c\u00f3rki Micha\u0142a \u017burka. 16-letnia Natasza wyzna\u0142a, \u017ce w odr\u00f3\u017cnieniu od reszty rodziny nie mog\u0142a p\u0142aka\u0107. Wie, \u017ce jej tata by\u0142by z niej dumny widz\u0105c jej odwag\u0119 podczas wyst\u0105pienia w ko\u015bciele. Na pocz\u0105tku przypomnia\u0142a humorystyczn\u0105 histori\u0119, kt\u00f3r\u0105 przypominali tacie przy ka\u017cdej okazji.<\/p>\n<blockquote><p>&#8211; Kiedy byli\u015bmy w Ostrzeszowie, tacie zacz\u0119\u0142y doskwiera\u0107 problemy \u017co\u0142\u0105dkowe. M\u00f3wili\u015bmy mu, \u017ce przecie\u017c nie jest ju\u017c du\u017cym dzieckiem i da rad\u0119 wytrzyma\u0107 do domu. Bardzo bola\u0142 go brzuch. W pewnym momencie z impetem p\u0119k\u0142 mu pasek od spodni. Na pocz\u0105tku si\u0119 wystraszyli\u015bmy, a p\u00f3\u017aniej zacz\u0119li\u015bmy si\u0119 \u015bmia\u0107. Przypominali\u015bmy mu to wydarzenie przy ka\u017cdej okazji i na jego pogrzebie nie mo\u017ce by\u0107 inaczej &#8211; m\u00f3wi\u0142a 16-letnia Natasza. <\/p><\/blockquote>\n<p><strong>Wspomina\u0142a dzieci\u0144stwo i mi\u0142e chwile z ojcem<\/strong><\/p>\n<p>B\u0119d\u0105c w drugiej klasie, tata kupowa\u0142 jej waniliowe lody z polew\u0105, \u017ceby poprawi\u0107 jej nastr\u00f3j. Przytula\u0142, pociesza\u0142, by\u0142 obok, gdy tego potrzebowa\u0142a. Przypomnia\u0142a, \u017ce uczy\u0142 j\u0105 przechodzenia przez ulic\u0119.<\/p>\n<p>Micha\u0142 \u017burek zacz\u0105\u0142 pisa\u0107 ksi\u0105\u017ck\u0119, ale plany pokrzy\u017cowa\u0142 wyjazd na Ukrain\u0119. Chc\u0119 przeczyta\u0107 jej fragmenty, kt\u00f3re mi pokaza\u0142. <\/p>\n<p>\u2013 M\u00f3j tata by\u0142 gotowy na \u015bmier\u0107 \u2013 m\u00f3wi\u0142a dziewczynka. Cytowa\u0142a s\u0142owa, kt\u00f3re napisa\u0142 do jej m\u0142odszej siostry Lenki, \u017ce odda\u0142by wszystko, \u017ceby by\u0107 ju\u017c z nimi. \u2013 Chcia\u0142 wraca\u0107 do Polski, spotka\u0107 si\u0119 z nami, zabra\u0107 do kina. Chcia\u0142, \u017ceby wszystko by\u0142o, jak dawniej. Najbardziej boli mnie fakt, \u017ce mia\u0142 wr\u00f3ci\u0107 tydzie\u0144 po tym, jak umar\u0142. Mieli\u015bmy razem sp\u0119dzi\u0107 \u015awi\u0119ta Wielkanocne. Mia\u0142 tu by\u0107. Mieli\u015bmy si\u0119 razem \u015bmia\u0107 \u2013 opowiada\u0142a Natasza \u0142ami\u0105cym si\u0119 g\u0142osem.<\/p>\n<p>\u2013 Ja si\u0119 stara\u0142am odwlec go od tego wyjazdu. Krzycza\u0142am na niego, p\u0142aka\u0142am. By\u0142am z\u0142a, jak umar\u0142, ale potem zrozumia\u0142am, \u017ce on zawsze mi m\u00f3wi\u0142, \u017ce jak ma umrze\u0107, to tylko na wojnie \u2013 wspomina\u0142a Natasza, c\u00f3rka Micha\u0142a \u017burka. \u2013 On twierdzi\u0142, \u017ce najpi\u0119kniejsza \u015bmier\u0107 to umrze\u0107 w obronie ludzi pokrzywdzonych. Zgin\u0105\u0142 z honorem \u2013 doda\u0142a zrozpaczona matka.<\/p>\n<p>&#8211; By\u0142e\u015b moim bohaterem od czas\u00f3w dzieci\u0144stwa. Jestem dumna, \u017ce teraz ca\u0142y \u015bwiat m\u00f3g\u0142 to zobaczy\u0107. &#8211; powiedzia\u0142a Natasza<\/p>\n<p>\u2013 Odda\u0142e\u015b swoje \u017cycie za innych, kocha\u0142e\u015b nas, a my kochali\u015bmy ciebie \u2013 m\u00f3wi\u0142a, prze\u0142ykaj\u0105c \u0142zy, siostra sier\u017c. \u017burka. \u2013 Wiernie s\u0142u\u017cy\u0142 Rzeczpospolitej Polskiej, w potrzebnie krwi w\u0142asnej, ani \u017cycia nie szcz\u0119dzi\u0142. Wielu powie, \u017ce poleg\u0142 za cudz\u0105 spraw\u0119, ale od kiedy to wolno\u015b\u0107 nie jest nasz\u0105 spraw\u0105 \u2013 m\u00f3wi\u0142 Pawe\u0142 \u017burek, brat poleg\u0142ego \u017co\u0142nierza.<\/p>\n<p>Na ostatnie po\u017cegnanie przyby\u0142a delegacja z ukrai\u0144skiej ambasady, kt\u00f3rzy przyszli podzi\u0119kowa\u0107 za ofiar\u0119, kt\u00f3r\u0105 z\u0142o\u017cy\u0142 ze swojego \u017cycia. By\u0142 te\u017c wieniec od minister Marleny Mal\u0105g.<\/p>\n<p><img loading=\"lazy\" decoding=\"async\" src=\"https:\/\/ostrowskatv.pl\/wp-content\/uploads\/2023\/04\/20230414_110652-01.jpeg\" alt=\"\" width=\"1366\" height=\"1025\" class=\"alignnone size-full wp-image-24172\" srcset=\"https:\/\/ostrowskatv.pl\/wp-content\/uploads\/2023\/04\/20230414_110652-01.jpeg 1366w, https:\/\/ostrowskatv.pl\/wp-content\/uploads\/2023\/04\/20230414_110652-01-300x225.jpeg 300w, https:\/\/ostrowskatv.pl\/wp-content\/uploads\/2023\/04\/20230414_110652-01-1333x1000.jpeg 1333w\" sizes=\"auto, (max-width: 1366px) 100vw, 1366px\" \/><\/p>\n<p><img loading=\"lazy\" decoding=\"async\" src=\"https:\/\/ostrowskatv.pl\/wp-content\/uploads\/2023\/04\/20230414_110630-01.jpeg\" alt=\"\" width=\"1366\" height=\"1058\" class=\"alignnone size-full wp-image-24173\" srcset=\"https:\/\/ostrowskatv.pl\/wp-content\/uploads\/2023\/04\/20230414_110630-01.jpeg 1366w, https:\/\/ostrowskatv.pl\/wp-content\/uploads\/2023\/04\/20230414_110630-01-300x232.jpeg 300w, https:\/\/ostrowskatv.pl\/wp-content\/uploads\/2023\/04\/20230414_110630-01-1333x1032.jpeg 1333w\" sizes=\"auto, (max-width: 1366px) 100vw, 1366px\" \/><\/p>\n<p><img loading=\"lazy\" decoding=\"async\" src=\"https:\/\/ostrowskatv.pl\/wp-content\/uploads\/2023\/04\/20230414_105745-01.jpeg\" alt=\"\" width=\"1366\" height=\"1025\" class=\"alignnone size-full wp-image-24174\" srcset=\"https:\/\/ostrowskatv.pl\/wp-content\/uploads\/2023\/04\/20230414_105745-01.jpeg 1366w, https:\/\/ostrowskatv.pl\/wp-content\/uploads\/2023\/04\/20230414_105745-01-300x225.jpeg 300w, https:\/\/ostrowskatv.pl\/wp-content\/uploads\/2023\/04\/20230414_105745-01-1333x1000.jpeg 1333w\" sizes=\"auto, (max-width: 1366px) 100vw, 1366px\" \/><\/p>\n<p><img loading=\"lazy\" decoding=\"async\" src=\"https:\/\/ostrowskatv.pl\/wp-content\/uploads\/2023\/04\/20230414_105755-01.jpeg\" alt=\"\" width=\"1366\" height=\"1025\" class=\"alignnone size-full wp-image-24175\" srcset=\"https:\/\/ostrowskatv.pl\/wp-content\/uploads\/2023\/04\/20230414_105755-01.jpeg 1366w, https:\/\/ostrowskatv.pl\/wp-content\/uploads\/2023\/04\/20230414_105755-01-300x225.jpeg 300w, https:\/\/ostrowskatv.pl\/wp-content\/uploads\/2023\/04\/20230414_105755-01-1333x1000.jpeg 1333w\" sizes=\"auto, (max-width: 1366px) 100vw, 1366px\" \/><\/p>\n<p><img loading=\"lazy\" decoding=\"async\" src=\"https:\/\/ostrowskatv.pl\/wp-content\/uploads\/2023\/04\/20230414_105443-01.jpeg\" alt=\"\" width=\"1366\" height=\"893\" class=\"alignnone size-full wp-image-24176\" srcset=\"https:\/\/ostrowskatv.pl\/wp-content\/uploads\/2023\/04\/20230414_105443-01.jpeg 1366w, https:\/\/ostrowskatv.pl\/wp-content\/uploads\/2023\/04\/20230414_105443-01-300x196.jpeg 300w, https:\/\/ostrowskatv.pl\/wp-content\/uploads\/2023\/04\/20230414_105443-01-1333x871.jpeg 1333w\" sizes=\"auto, (max-width: 1366px) 100vw, 1366px\" \/><\/p>\n<p><img loading=\"lazy\" decoding=\"async\" src=\"https:\/\/ostrowskatv.pl\/wp-content\/uploads\/2023\/04\/20230414_105030-01.jpeg\" alt=\"\" width=\"1365\" height=\"818\" class=\"alignnone size-full wp-image-24177\" srcset=\"https:\/\/ostrowskatv.pl\/wp-content\/uploads\/2023\/04\/20230414_105030-01.jpeg 1365w, https:\/\/ostrowskatv.pl\/wp-content\/uploads\/2023\/04\/20230414_105030-01-300x180.jpeg 300w, https:\/\/ostrowskatv.pl\/wp-content\/uploads\/2023\/04\/20230414_105030-01-1333x799.jpeg 1333w\" sizes=\"auto, (max-width: 1365px) 100vw, 1365px\" \/><\/p>\n<p><img loading=\"lazy\" decoding=\"async\" src=\"https:\/\/ostrowskatv.pl\/wp-content\/uploads\/2023\/04\/20230414_104831-01.jpeg\" alt=\"\" width=\"1366\" height=\"769\" class=\"alignnone size-full wp-image-24178\" srcset=\"https:\/\/ostrowskatv.pl\/wp-content\/uploads\/2023\/04\/20230414_104831-01.jpeg 1366w, https:\/\/ostrowskatv.pl\/wp-content\/uploads\/2023\/04\/20230414_104831-01-300x169.jpeg 300w, https:\/\/ostrowskatv.pl\/wp-content\/uploads\/2023\/04\/20230414_104831-01-1333x750.jpeg 1333w\" sizes=\"auto, (max-width: 1366px) 100vw, 1366px\" \/><\/p>\n<p><img loading=\"lazy\" decoding=\"async\" src=\"https:\/\/ostrowskatv.pl\/wp-content\/uploads\/2023\/04\/20230414_104055-01.jpeg\" alt=\"\" width=\"1366\" height=\"723\" class=\"alignnone size-full wp-image-24179\" srcset=\"https:\/\/ostrowskatv.pl\/wp-content\/uploads\/2023\/04\/20230414_104055-01.jpeg 1366w, https:\/\/ostrowskatv.pl\/wp-content\/uploads\/2023\/04\/20230414_104055-01-300x159.jpeg 300w, https:\/\/ostrowskatv.pl\/wp-content\/uploads\/2023\/04\/20230414_104055-01-1333x706.jpeg 1333w\" sizes=\"auto, (max-width: 1366px) 100vw, 1366px\" \/><\/p>\n<p><img loading=\"lazy\" decoding=\"async\" src=\"https:\/\/ostrowskatv.pl\/wp-content\/uploads\/2023\/04\/20230414_103414-01.jpeg\" alt=\"\" width=\"1366\" height=\"1025\" class=\"alignnone size-full wp-image-24180\" srcset=\"https:\/\/ostrowskatv.pl\/wp-content\/uploads\/2023\/04\/20230414_103414-01.jpeg 1366w, https:\/\/ostrowskatv.pl\/wp-content\/uploads\/2023\/04\/20230414_103414-01-300x225.jpeg 300w, https:\/\/ostrowskatv.pl\/wp-content\/uploads\/2023\/04\/20230414_103414-01-1333x1000.jpeg 1333w\" sizes=\"auto, (max-width: 1366px) 100vw, 1366px\" \/><\/p>\n<p><img loading=\"lazy\" decoding=\"async\" src=\"https:\/\/ostrowskatv.pl\/wp-content\/uploads\/2023\/04\/20230414_103339-01.jpeg\" alt=\"\" width=\"1025\" height=\"1366\" class=\"alignnone size-full wp-image-24181\" srcset=\"https:\/\/ostrowskatv.pl\/wp-content\/uploads\/2023\/04\/20230414_103339-01.jpeg 1025w, https:\/\/ostrowskatv.pl\/wp-content\/uploads\/2023\/04\/20230414_103339-01-225x300.jpeg 225w, https:\/\/ostrowskatv.pl\/wp-content\/uploads\/2023\/04\/20230414_103339-01-1000x1333.jpeg 1000w\" sizes=\"auto, (max-width: 1025px) 100vw, 1025px\" \/><\/p>\n<p><img loading=\"lazy\" decoding=\"async\" src=\"https:\/\/ostrowskatv.pl\/wp-content\/uploads\/2023\/04\/20230414_103323-01.jpeg\" alt=\"\" width=\"1366\" height=\"1025\" class=\"alignnone size-full wp-image-24182\" srcset=\"https:\/\/ostrowskatv.pl\/wp-content\/uploads\/2023\/04\/20230414_103323-01.jpeg 1366w, https:\/\/ostrowskatv.pl\/wp-content\/uploads\/2023\/04\/20230414_103323-01-300x225.jpeg 300w, https:\/\/ostrowskatv.pl\/wp-content\/uploads\/2023\/04\/20230414_103323-01-1333x1000.jpeg 1333w\" sizes=\"auto, (max-width: 1366px) 100vw, 1366px\" \/><\/p>\n<p><img loading=\"lazy\" decoding=\"async\" src=\"https:\/\/ostrowskatv.pl\/wp-content\/uploads\/2023\/04\/20230414_103135-01.jpeg\" alt=\"\" width=\"1025\" height=\"1366\" class=\"alignnone size-full wp-image-24183\" srcset=\"https:\/\/ostrowskatv.pl\/wp-content\/uploads\/2023\/04\/20230414_103135-01.jpeg 1025w, https:\/\/ostrowskatv.pl\/wp-content\/uploads\/2023\/04\/20230414_103135-01-225x300.jpeg 225w, https:\/\/ostrowskatv.pl\/wp-content\/uploads\/2023\/04\/20230414_103135-01-1000x1333.jpeg 1000w\" sizes=\"auto, (max-width: 1025px) 100vw, 1025px\" \/><\/p>\n<p><img loading=\"lazy\" decoding=\"async\" src=\"https:\/\/ostrowskatv.pl\/wp-content\/uploads\/2023\/04\/20230414_103108-01.jpeg\" alt=\"\" width=\"1366\" height=\"1000\" class=\"alignnone size-full wp-image-24184\" srcset=\"https:\/\/ostrowskatv.pl\/wp-content\/uploads\/2023\/04\/20230414_103108-01.jpeg 1366w, https:\/\/ostrowskatv.pl\/wp-content\/uploads\/2023\/04\/20230414_103108-01-300x220.jpeg 300w, https:\/\/ostrowskatv.pl\/wp-content\/uploads\/2023\/04\/20230414_103108-01-1333x976.jpeg 1333w\" sizes=\"auto, (max-width: 1366px) 100vw, 1366px\" \/><\/p>\n<p><img loading=\"lazy\" decoding=\"async\" src=\"https:\/\/ostrowskatv.pl\/wp-content\/uploads\/2023\/04\/20230414_100436-01.jpeg\" alt=\"\" width=\"1366\" height=\"1025\" class=\"alignnone size-full wp-image-24185\" srcset=\"https:\/\/ostrowskatv.pl\/wp-content\/uploads\/2023\/04\/20230414_100436-01.jpeg 1366w, https:\/\/ostrowskatv.pl\/wp-content\/uploads\/2023\/04\/20230414_100436-01-300x225.jpeg 300w, https:\/\/ostrowskatv.pl\/wp-content\/uploads\/2023\/04\/20230414_100436-01-1333x1000.jpeg 1333w\" sizes=\"auto, (max-width: 1366px) 100vw, 1366px\" \/><\/p>\n<p><img loading=\"lazy\" decoding=\"async\" src=\"https:\/\/ostrowskatv.pl\/wp-content\/uploads\/2023\/04\/20230414_100208-01.jpeg\" alt=\"\" width=\"1366\" height=\"1025\" class=\"alignnone size-full wp-image-24186\" srcset=\"https:\/\/ostrowskatv.pl\/wp-content\/uploads\/2023\/04\/20230414_100208-01.jpeg 1366w, https:\/\/ostrowskatv.pl\/wp-content\/uploads\/2023\/04\/20230414_100208-01-300x225.jpeg 300w, https:\/\/ostrowskatv.pl\/wp-content\/uploads\/2023\/04\/20230414_100208-01-1333x1000.jpeg 1333w\" sizes=\"auto, (max-width: 1366px) 100vw, 1366px\" \/><\/p>\n<p><img loading=\"lazy\" decoding=\"async\" src=\"https:\/\/ostrowskatv.pl\/wp-content\/uploads\/2023\/04\/20230414_095624-01.jpeg\" alt=\"\" width=\"1366\" height=\"983\" class=\"alignnone size-full wp-image-24187\" srcset=\"https:\/\/ostrowskatv.pl\/wp-content\/uploads\/2023\/04\/20230414_095624-01.jpeg 1366w, https:\/\/ostrowskatv.pl\/wp-content\/uploads\/2023\/04\/20230414_095624-01-300x216.jpeg 300w, https:\/\/ostrowskatv.pl\/wp-content\/uploads\/2023\/04\/20230414_095624-01-1333x959.jpeg 1333w, https:\/\/ostrowskatv.pl\/wp-content\/uploads\/2023\/04\/20230414_095624-01-120x85.jpeg 120w\" sizes=\"auto, (max-width: 1366px) 100vw, 1366px\" \/><\/p>\n<p><img loading=\"lazy\" decoding=\"async\" src=\"https:\/\/ostrowskatv.pl\/wp-content\/uploads\/2023\/04\/20230414_094744-01.jpeg\" alt=\"\" width=\"1366\" height=\"1025\" class=\"alignnone size-full wp-image-24188\" srcset=\"https:\/\/ostrowskatv.pl\/wp-content\/uploads\/2023\/04\/20230414_094744-01.jpeg 1366w, https:\/\/ostrowskatv.pl\/wp-content\/uploads\/2023\/04\/20230414_094744-01-300x225.jpeg 300w, https:\/\/ostrowskatv.pl\/wp-content\/uploads\/2023\/04\/20230414_094744-01-1333x1000.jpeg 1333w\" sizes=\"auto, (max-width: 1366px) 100vw, 1366px\" \/><\/p>\n<p><img loading=\"lazy\" decoding=\"async\" src=\"https:\/\/ostrowskatv.pl\/wp-content\/uploads\/2023\/04\/20230414_094737-01.jpeg\" alt=\"\" width=\"1366\" height=\"1025\" class=\"alignnone size-full wp-image-24189\" srcset=\"https:\/\/ostrowskatv.pl\/wp-content\/uploads\/2023\/04\/20230414_094737-01.jpeg 1366w, https:\/\/ostrowskatv.pl\/wp-content\/uploads\/2023\/04\/20230414_094737-01-300x225.jpeg 300w, https:\/\/ostrowskatv.pl\/wp-content\/uploads\/2023\/04\/20230414_094737-01-1333x1000.jpeg 1333w\" sizes=\"auto, (max-width: 1366px) 100vw, 1366px\" \/><\/p>\n<p><img loading=\"lazy\" decoding=\"async\" src=\"https:\/\/ostrowskatv.pl\/wp-content\/uploads\/2023\/04\/20230414_094731-01.jpeg\" alt=\"\" width=\"1366\" height=\"1025\" class=\"alignnone size-full wp-image-24190\" srcset=\"https:\/\/ostrowskatv.pl\/wp-content\/uploads\/2023\/04\/20230414_094731-01.jpeg 1366w, https:\/\/ostrowskatv.pl\/wp-content\/uploads\/2023\/04\/20230414_094731-01-300x225.jpeg 300w, https:\/\/ostrowskatv.pl\/wp-content\/uploads\/2023\/04\/20230414_094731-01-1333x1000.jpeg 1333w\" sizes=\"auto, (max-width: 1366px) 100vw, 1366px\" \/><\/p>\n<p><iframe loading=\"lazy\" title=\"Po\u017cegnanie sier\u017c. Micha\u0142a \u017burka - poleg\u0142 walcz\u0105c na Ukrainie\" width=\"747\" height=\"420\" src=\"https:\/\/www.youtube.com\/embed\/aOWK3OEOZ5g?feature=oembed\" frameborder=\"0\" allow=\"accelerometer; autoplay; clipboard-write; encrypted-media; gyroscope; picture-in-picture; web-share\" referrerpolicy=\"strict-origin-when-cross-origin\" allowfullscreen><\/iframe><\/p>\n<p>Przebieg uroczysto\u015bci pogrzebowej relacjonowa\u0142y og\u00f3lnopolskie media, w tym dwie du\u017ce telewizje.<\/p>\n","protected":false},"excerpt":{"rendered":"Bardzo wzruszaj\u0105ca uroczysto\u015b\u0107 pogrzebowa odby\u0142a si\u0119 w pi\u0105tek w podk\u0119pi\u0144skim Bralinie. Tam na parafialnym cmentarzu zosta\u0142 pochowany 45-letni Micha\u0142 \u017burek, kt\u00f3ry przed \u015bwi\u0119tami \n<a class=\"moretag\" href=\"https:\/\/ostrowskatv.pl\/?p=24169\"> [...]<\/a>","protected":false},"author":1,"featured_media":24188,"comment_status":"open","ping_status":"closed","sticky":false,"template":"","format":"standard","meta":{"footnotes":""},"categories":[1],"tags":[269],"class_list":["post-24169","post","type-post","status-publish","format-standard","has-post-thumbnail","hentry","category-news","tag-ukraina"],"_links":{"self":[{"href":"https:\/\/ostrowskatv.pl\/index.php?rest_route=\/wp\/v2\/posts\/24169","targetHints":{"allow":["GET"]}}],"collection":[{"href":"https:\/\/ostrowskatv.pl\/index.php?rest_route=\/wp\/v2\/posts"}],"about":[{"href":"https:\/\/ostrowskatv.pl\/index.php?rest_route=\/wp\/v2\/types\/post"}],"author":[{"embeddable":true,"href":"https:\/\/ostrowskatv.pl\/index.php?rest_route=\/wp\/v2\/users\/1"}],"replies":[{"embeddable":true,"href":"https:\/\/ostrowskatv.pl\/index.php?rest_route=%2Fwp%2Fv2%2Fcomments&post=24169"}],"version-history":[{"count":0,"href":"https:\/\/ostrowskatv.pl\/index.php?rest_route=\/wp\/v2\/posts\/24169\/revisions"}],"wp:featuredmedia":[{"embeddable":true,"href":"https:\/\/ostrowskatv.pl\/index.php?rest_route=\/wp\/v2\/media\/24188"}],"wp:attachment":[{"href":"https:\/\/ostrowskatv.pl\/index.php?rest_route=%2Fwp%2Fv2%2Fmedia&parent=24169"}],"wp:term":[{"taxonomy":"category","embeddable":true,"href":"https:\/\/ostrowskatv.pl\/index.php?rest_route=%2Fwp%2Fv2%2Fcategories&post=24169"},{"taxonomy":"post_tag","embeddable":true,"href":"https:\/\/ostrowskatv.pl\/index.php?rest_route=%2Fwp%2Fv2%2Ftags&post=24169"}],"curies":[{"name":"wp","href":"https:\/\/api.w.org\/{rel}","templated":true}]}}