{"id":2416,"date":"2016-11-21T21:33:55","date_gmt":"2016-11-21T20:33:55","guid":{"rendered":"http:\/\/ostrowska.tv\/?p=2416"},"modified":"2016-11-21T21:50:32","modified_gmt":"2016-11-21T20:50:32","slug":"regionalny-pis-podsumowal-rok-od-wygranych-wyborow","status":"publish","type":"post","link":"https:\/\/ostrowskatv.pl\/?p=2416","title":{"rendered":"Regionalny PiS podsumowa\u0142 rok od wygranych wybor\u00f3w"},"content":{"rendered":"<p><strong>Przez 25 lat przyzwyczajano wyborc\u00f3w, \u017ce nie spe\u0142nia si\u0119 obietnic wyborczych. Tymczasem my zwyczajnie dotrzymali\u015bmy s\u0142owa &#8211; przekonywa\u0142 Jan Dziedziczak, wiceminister w MSZ na konferencji prasowej zorganizowanej w ostrowskim biurze Prawa i Sprawiedliwo\u015bci.<\/strong><\/p>\n<p>Wspomniany wcze\u015bniej Jan Dziedziczak oraz towarzysz\u0105cy mu pos\u0142owie Piotr Kaleta i Tomasz \u0141awniczak przedstawiali te rzeczy, kt\u00f3re ju\u017c uda\u0142o si\u0119 zrealizowa\u0107. Wyliczank\u0119 rozpocz\u0119li od sztandarowego programu 500+. Nast\u0119pnie wymieniono: obni\u017cenie wieku emerytalnego, bezp\u0142atne leki dla senior\u00f3w, program mieszkanie+, czy wprowadzenie p\u0142acy minimalnej przy zapewnieniu minimalnej stawki godzinowej.<\/p>\n<p>Jan Dziedziczak przypomnia\u0142, \u017ce wprowadzenie programu 500+ brzmia\u0142o nierealnie, ale zosta\u0142 on wdro\u017cony. &#8211; W tej chwili zmieniamy polskie szkolnictwo. We wszystkich sonda\u017cach wi\u0119kszo\u015b\u0107 Polak\u00f3w chce przywr\u00f3cenia starego systemu szkolnego, gdzie szko\u0142a podstawowa trwa\u0107 b\u0119dzie 8 lat.<\/p>\n<p>Piotr Kaleta poinformowa\u0142, \u017ce Jan Dziedziczak zosta\u0142 wybrany szefem regionalnego PiS-u (okr\u0119g kalisko-leszczy\u0144ski).<\/p>\n<p>Wojskowa Obrona Terytorialna, to plan utworzenia po jednej kompanii na ka\u017cdy powiat. Wiadomo, \u017ce Ostr\u00f3w Wlkp. ma tradycje wojskowe. Maj\u0105 one powsta\u0107 na prze\u0142omie 2018\/19 roku. Do tego czasu samorz\u0105du maj\u0105 mo\u017cliwo\u015b\u0107 przygotowania si\u0119. &#8211; m\u00f3wi pose\u0142 Piotra Kaleta. &#8211; WOT maj\u0105 mie\u0107 charakter dobrowolny i maj\u0105 chroni\u0107 swoich powiat\u00f3w. Maj\u0105 si\u0119 zajmowa\u0107 weekendowym szkoleniem poborowych. B\u0119d\u0105 potrzebne pomieszczenia pod magazyny broni i nie tylko. &#8211; doda\u0142 Kaleta.<\/p>\n<p>&#8211; W tej chwili mamy 3130 km dr\u00f3g ekspresowych. Ich przybywanie uzale\u017cnione jest od \u015brodk\u00f3w unijnych. W poprzednich latach budowano kolejno: 600 km (2012), 290 km (2013), 280 km (2014), w ostatnim roku rz\u0105d\u00f3w Ewy Kopacz 33,5 km (2015) &#8211; wynika\u0142o to z harmonogramu. Je\u017celi ktokolwiek zarzuca, \u017ce PiS nie buduje lub zahamowa\u0142o program budowy dr\u00f3g, to informuj\u0119, \u017ce w 2016 r. &#8211; mimo i\u017c \u015brodki europejskie ci\u0105gle nie rozwin\u0119\u0142y si\u0119 &#8211; tych dr\u00f3g powstanie 107 kilometr\u00f3w &#8211; m\u00f3wi\u0142 pose\u0142 Tomasz \u0141awniczak<\/p>\n<p>&#8211; W przysz\u0142ym roku zostanie wybudowanych 320 km, a w nast\u0119pnych latach &#8211; najpewniej, cho\u0107 nikt nie jest w stanie przes\u0105dzi\u0107 zdecydowanie o tym &#8211; ponad 400 kilometr\u00f3w rocznie w latach 2018-2020 r. W sumie w kadencji do 2019 roku na oko\u0142o 1200 kilometr\u00f3w dr\u00f3g. &#8211; doda\u0142 \u0141awniczak.<\/p>\n<p>&#8211;\u00a0 W naszym regionie Po\u0142udniowej Wielkopolski sytuacja wygl\u0105da nast\u0119puj\u0105co. Obwodnica Ostrowa zostanie oddana w lipcu 2017 r., a Jarocina miesi\u0105c p\u00f3\u017aniej. I etap K\u0119pna w 2018 roku. II etap w kolejnych dw\u00f3ch latach. 2022-2026 to lata kiedy maj\u0105 by\u0107 \u0142\u0105czone odcinki pomi\u0119dzy wybudowanymi obwodnicami. W pierwszej kolejno\u015bci Jarocin-K\u00f3rnik, a dopiero p\u00f3\u017aniej w stron\u0119 Pleszewa. &#8211; zapewnia\u0142 Tomasz \u0141awniczak. &#8211; B\u0119dziemy d\u0105\u017cy\u0107 do wybudowania obwodnicy Kalisza w pierwszej kolejno\u015bci. Na odcinku Ostr\u00f3w Wlkp. &#8211; Kalisz odnotowano 18,5 tysi\u0105ca pojazd\u00f3w na dob\u0119.<\/p>\n","protected":false},"excerpt":{"rendered":"Przez 25 lat przyzwyczajano wyborc\u00f3w, \u017ce nie spe\u0142nia si\u0119 obietnic wyborczych. Tymczasem my zwyczajnie dotrzymali\u015bmy s\u0142owa &#8211; przekonywa\u0142 Jan Dziedziczak, wiceminister w MSZ \n<a class=\"moretag\" href=\"https:\/\/ostrowskatv.pl\/?p=2416\"> [...]<\/a>","protected":false},"author":1,"featured_media":2417,"comment_status":"open","ping_status":"open","sticky":false,"template":"","format":"standard","meta":{"footnotes":""},"categories":[1],"tags":[2],"class_list":["post-2416","post","type-post","status-publish","format-standard","has-post-thumbnail","hentry","category-news","tag-ostrow-wielkopolski"],"_links":{"self":[{"href":"https:\/\/ostrowskatv.pl\/index.php?rest_route=\/wp\/v2\/posts\/2416","targetHints":{"allow":["GET"]}}],"collection":[{"href":"https:\/\/ostrowskatv.pl\/index.php?rest_route=\/wp\/v2\/posts"}],"about":[{"href":"https:\/\/ostrowskatv.pl\/index.php?rest_route=\/wp\/v2\/types\/post"}],"author":[{"embeddable":true,"href":"https:\/\/ostrowskatv.pl\/index.php?rest_route=\/wp\/v2\/users\/1"}],"replies":[{"embeddable":true,"href":"https:\/\/ostrowskatv.pl\/index.php?rest_route=%2Fwp%2Fv2%2Fcomments&post=2416"}],"version-history":[{"count":0,"href":"https:\/\/ostrowskatv.pl\/index.php?rest_route=\/wp\/v2\/posts\/2416\/revisions"}],"wp:featuredmedia":[{"embeddable":true,"href":"https:\/\/ostrowskatv.pl\/index.php?rest_route=\/wp\/v2\/media\/2417"}],"wp:attachment":[{"href":"https:\/\/ostrowskatv.pl\/index.php?rest_route=%2Fwp%2Fv2%2Fmedia&parent=2416"}],"wp:term":[{"taxonomy":"category","embeddable":true,"href":"https:\/\/ostrowskatv.pl\/index.php?rest_route=%2Fwp%2Fv2%2Fcategories&post=2416"},{"taxonomy":"post_tag","embeddable":true,"href":"https:\/\/ostrowskatv.pl\/index.php?rest_route=%2Fwp%2Fv2%2Ftags&post=2416"}],"curies":[{"name":"wp","href":"https:\/\/api.w.org\/{rel}","templated":true}]}}