{"id":24135,"date":"2023-04-14T17:45:24","date_gmt":"2023-04-14T16:45:24","guid":{"rendered":"https:\/\/ostrowskatv.pl\/?p=24135"},"modified":"2023-04-15T07:11:35","modified_gmt":"2023-04-15T06:11:35","slug":"wypadek-w-sobotce-3-osoby-ranne-zdjecia","status":"publish","type":"post","link":"https:\/\/ostrowskatv.pl\/?p=24135","title":{"rendered":"Wypadek w Sob\u00f3tce. 3 osoby ranne (ZDJ\u0118CIA)"},"content":{"rendered":"<p><strong>Chwil\u0119 przed godzin\u0105 18:00 na g\u0142\u00f3wnym skrzy\u017cowaniu w miejscowo\u015bci Sob\u00f3tka dosz\u0142o do zderzenia dw\u00f3ch aut osobowych. Trzy osoby zosta\u0142y zakwalifikowane jako ranne.<\/strong><\/p>\n<p>Ze wst\u0119pnych ustale\u0144 wynika, \u017ce Peugeot na pleszewskich tablicach rejestracyjnych wymusi\u0142 pierwsze\u0144stwo i doprowadzi\u0142 do zdarzenia z Fiatem Punto, kt\u00f3rym kierowa\u0142 m\u0119\u017cczyzna w wieku oko\u0142o 80 lat.<\/p>\n<p>Peugeotem podr\u00f3\u017cowa\u0142o mi\u0119dzy innymi troje dzieci w wieku od p\u00f3\u0142tora roku do jedenastu lat. Drugie z nich mia\u0142o 4 lata. Tylko jedno z nich odnios\u0142o obra\u017cenia.<\/p>\n<p>Dwaj starssi wiekiem m\u0119\u017cczy\u017ani z fiata zostali zabrani do szpitala.<\/p>\n<p><img loading=\"lazy\" decoding=\"async\" class=\"alignnone size-full wp-image-24136\" src=\"https:\/\/ostrowskatv.pl\/wp-content\/uploads\/2023\/04\/20230414_181502-01.jpeg\" alt=\"\" width=\"1366\" height=\"664\" srcset=\"https:\/\/ostrowskatv.pl\/wp-content\/uploads\/2023\/04\/20230414_181502-01.jpeg 1366w, https:\/\/ostrowskatv.pl\/wp-content\/uploads\/2023\/04\/20230414_181502-01-300x146.jpeg 300w, https:\/\/ostrowskatv.pl\/wp-content\/uploads\/2023\/04\/20230414_181502-01-1333x648.jpeg 1333w\" sizes=\"auto, (max-width: 1366px) 100vw, 1366px\" \/> <img loading=\"lazy\" decoding=\"async\" class=\"alignnone size-full wp-image-24137\" src=\"https:\/\/ostrowskatv.pl\/wp-content\/uploads\/2023\/04\/20230414_181523-01.jpeg\" alt=\"\" width=\"1365\" height=\"604\" srcset=\"https:\/\/ostrowskatv.pl\/wp-content\/uploads\/2023\/04\/20230414_181523-01.jpeg 1365w, https:\/\/ostrowskatv.pl\/wp-content\/uploads\/2023\/04\/20230414_181523-01-300x133.jpeg 300w, https:\/\/ostrowskatv.pl\/wp-content\/uploads\/2023\/04\/20230414_181523-01-1333x590.jpeg 1333w\" sizes=\"auto, (max-width: 1365px) 100vw, 1365px\" \/> <img loading=\"lazy\" decoding=\"async\" class=\"alignnone size-full wp-image-24138\" src=\"https:\/\/ostrowskatv.pl\/wp-content\/uploads\/2023\/04\/20230414_181553-01.jpeg\" alt=\"\" width=\"1365\" height=\"803\" srcset=\"https:\/\/ostrowskatv.pl\/wp-content\/uploads\/2023\/04\/20230414_181553-01.jpeg 1365w, https:\/\/ostrowskatv.pl\/wp-content\/uploads\/2023\/04\/20230414_181553-01-300x176.jpeg 300w, https:\/\/ostrowskatv.pl\/wp-content\/uploads\/2023\/04\/20230414_181553-01-1333x784.jpeg 1333w\" sizes=\"auto, (max-width: 1365px) 100vw, 1365px\" \/> <img loading=\"lazy\" decoding=\"async\" class=\"alignnone size-full wp-image-24139\" src=\"https:\/\/ostrowskatv.pl\/wp-content\/uploads\/2023\/04\/20230414_181559-01.jpeg\" alt=\"\" width=\"1366\" height=\"1025\" srcset=\"https:\/\/ostrowskatv.pl\/wp-content\/uploads\/2023\/04\/20230414_181559-01.jpeg 1366w, https:\/\/ostrowskatv.pl\/wp-content\/uploads\/2023\/04\/20230414_181559-01-300x225.jpeg 300w, https:\/\/ostrowskatv.pl\/wp-content\/uploads\/2023\/04\/20230414_181559-01-1333x1000.jpeg 1333w\" sizes=\"auto, (max-width: 1366px) 100vw, 1366px\" \/> <img loading=\"lazy\" decoding=\"async\" class=\"alignnone size-full wp-image-24140\" src=\"https:\/\/ostrowskatv.pl\/wp-content\/uploads\/2023\/04\/20230414_181606-01.jpeg\" alt=\"\" width=\"1366\" height=\"552\" srcset=\"https:\/\/ostrowskatv.pl\/wp-content\/uploads\/2023\/04\/20230414_181606-01.jpeg 1366w, https:\/\/ostrowskatv.pl\/wp-content\/uploads\/2023\/04\/20230414_181606-01-300x121.jpeg 300w, https:\/\/ostrowskatv.pl\/wp-content\/uploads\/2023\/04\/20230414_181606-01-1333x539.jpeg 1333w\" sizes=\"auto, (max-width: 1366px) 100vw, 1366px\" \/> <img loading=\"lazy\" decoding=\"async\" class=\"alignnone size-full wp-image-24141\" src=\"https:\/\/ostrowskatv.pl\/wp-content\/uploads\/2023\/04\/20230414_181609-01.jpeg\" alt=\"\" width=\"1366\" height=\"746\" srcset=\"https:\/\/ostrowskatv.pl\/wp-content\/uploads\/2023\/04\/20230414_181609-01.jpeg 1366w, https:\/\/ostrowskatv.pl\/wp-content\/uploads\/2023\/04\/20230414_181609-01-300x164.jpeg 300w, https:\/\/ostrowskatv.pl\/wp-content\/uploads\/2023\/04\/20230414_181609-01-1333x728.jpeg 1333w\" sizes=\"auto, (max-width: 1366px) 100vw, 1366px\" \/> <img loading=\"lazy\" decoding=\"async\" class=\"alignnone size-full wp-image-24142\" src=\"https:\/\/ostrowskatv.pl\/wp-content\/uploads\/2023\/04\/20230414_181618-01.jpeg\" alt=\"\" width=\"1366\" height=\"855\" srcset=\"https:\/\/ostrowskatv.pl\/wp-content\/uploads\/2023\/04\/20230414_181618-01.jpeg 1366w, https:\/\/ostrowskatv.pl\/wp-content\/uploads\/2023\/04\/20230414_181618-01-300x188.jpeg 300w, https:\/\/ostrowskatv.pl\/wp-content\/uploads\/2023\/04\/20230414_181618-01-1333x834.jpeg 1333w\" sizes=\"auto, (max-width: 1366px) 100vw, 1366px\" \/><\/p>\n<p style=\"text-align: left;\">\n","protected":false},"excerpt":{"rendered":"Chwil\u0119 przed godzin\u0105 18:00 na g\u0142\u00f3wnym skrzy\u017cowaniu w miejscowo\u015bci Sob\u00f3tka dosz\u0142o do zderzenia dw\u00f3ch aut osobowych. Trzy osoby zosta\u0142y zakwalifikowane jako ranne. Ze \n<a class=\"moretag\" href=\"https:\/\/ostrowskatv.pl\/?p=24135\"> [...]<\/a>","protected":false},"author":1,"featured_media":0,"comment_status":"open","ping_status":"closed","sticky":false,"template":"","format":"standard","meta":{"footnotes":""},"categories":[1],"tags":[],"class_list":["post-24135","post","type-post","status-publish","format-standard","hentry","category-news"],"_links":{"self":[{"href":"https:\/\/ostrowskatv.pl\/index.php?rest_route=\/wp\/v2\/posts\/24135","targetHints":{"allow":["GET"]}}],"collection":[{"href":"https:\/\/ostrowskatv.pl\/index.php?rest_route=\/wp\/v2\/posts"}],"about":[{"href":"https:\/\/ostrowskatv.pl\/index.php?rest_route=\/wp\/v2\/types\/post"}],"author":[{"embeddable":true,"href":"https:\/\/ostrowskatv.pl\/index.php?rest_route=\/wp\/v2\/users\/1"}],"replies":[{"embeddable":true,"href":"https:\/\/ostrowskatv.pl\/index.php?rest_route=%2Fwp%2Fv2%2Fcomments&post=24135"}],"version-history":[{"count":0,"href":"https:\/\/ostrowskatv.pl\/index.php?rest_route=\/wp\/v2\/posts\/24135\/revisions"}],"wp:attachment":[{"href":"https:\/\/ostrowskatv.pl\/index.php?rest_route=%2Fwp%2Fv2%2Fmedia&parent=24135"}],"wp:term":[{"taxonomy":"category","embeddable":true,"href":"https:\/\/ostrowskatv.pl\/index.php?rest_route=%2Fwp%2Fv2%2Fcategories&post=24135"},{"taxonomy":"post_tag","embeddable":true,"href":"https:\/\/ostrowskatv.pl\/index.php?rest_route=%2Fwp%2Fv2%2Ftags&post=24135"}],"curies":[{"name":"wp","href":"https:\/\/api.w.org\/{rel}","templated":true}]}}