{"id":24117,"date":"2023-04-11T12:58:45","date_gmt":"2023-04-11T11:58:45","guid":{"rendered":"https:\/\/ostrowskatv.pl\/?p=24117"},"modified":"2023-04-11T13:10:41","modified_gmt":"2023-04-11T12:10:41","slug":"pozar-hali-przy-ul-kamiennej","status":"publish","type":"post","link":"https:\/\/ostrowskatv.pl\/?p=24117","title":{"rendered":"Po\u017car hali przy ul. Kamiennej"},"content":{"rendered":"<p><strong>Przed godzin\u0105 14 dosz\u0142o do po\u017caru hali przy ulicy Kamiennej w Ostrowie Wielkopolskim. Trwa akcja ga\u015bnicza.<\/strong><\/p>\n<p>Po\u017car mia\u0142 si\u0119 zacz\u0105\u0107 od jednego z wyci\u0105g\u00f3w wentylacyjnych. <\/p>\n<p><img loading=\"lazy\" decoding=\"async\" src=\"https:\/\/ostrowskatv.pl\/wp-content\/uploads\/2023\/04\/20230411_135429-01.jpeg\" alt=\"\" width=\"1366\" height=\"709\" class=\"alignnone size-full wp-image-24118\" srcset=\"https:\/\/ostrowskatv.pl\/wp-content\/uploads\/2023\/04\/20230411_135429-01.jpeg 1366w, https:\/\/ostrowskatv.pl\/wp-content\/uploads\/2023\/04\/20230411_135429-01-300x156.jpeg 300w, https:\/\/ostrowskatv.pl\/wp-content\/uploads\/2023\/04\/20230411_135429-01-1333x692.jpeg 1333w\" sizes=\"auto, (max-width: 1366px) 100vw, 1366px\" \/><\/p>\n<p><img loading=\"lazy\" decoding=\"async\" src=\"https:\/\/ostrowskatv.pl\/wp-content\/uploads\/2023\/04\/20230411_135434-01.jpeg\" alt=\"\" width=\"1366\" height=\"1025\" class=\"alignnone size-full wp-image-24119\" srcset=\"https:\/\/ostrowskatv.pl\/wp-content\/uploads\/2023\/04\/20230411_135434-01.jpeg 1366w, https:\/\/ostrowskatv.pl\/wp-content\/uploads\/2023\/04\/20230411_135434-01-300x225.jpeg 300w, https:\/\/ostrowskatv.pl\/wp-content\/uploads\/2023\/04\/20230411_135434-01-1333x1000.jpeg 1333w\" sizes=\"auto, (max-width: 1366px) 100vw, 1366px\" \/><\/p>\n<p><img loading=\"lazy\" decoding=\"async\" src=\"https:\/\/ostrowskatv.pl\/wp-content\/uploads\/2023\/04\/20230411_135438-01.jpeg\" alt=\"\" width=\"1366\" height=\"1025\" class=\"alignnone size-full wp-image-24120\" srcset=\"https:\/\/ostrowskatv.pl\/wp-content\/uploads\/2023\/04\/20230411_135438-01.jpeg 1366w, https:\/\/ostrowskatv.pl\/wp-content\/uploads\/2023\/04\/20230411_135438-01-300x225.jpeg 300w, https:\/\/ostrowskatv.pl\/wp-content\/uploads\/2023\/04\/20230411_135438-01-1333x1000.jpeg 1333w\" sizes=\"auto, (max-width: 1366px) 100vw, 1366px\" \/><\/p>\n<p><img loading=\"lazy\" decoding=\"async\" src=\"https:\/\/ostrowskatv.pl\/wp-content\/uploads\/2023\/04\/20230411_135514-01.jpeg\" alt=\"\" width=\"1366\" height=\"1025\" class=\"alignnone size-full wp-image-24121\" srcset=\"https:\/\/ostrowskatv.pl\/wp-content\/uploads\/2023\/04\/20230411_135514-01.jpeg 1366w, https:\/\/ostrowskatv.pl\/wp-content\/uploads\/2023\/04\/20230411_135514-01-300x225.jpeg 300w, https:\/\/ostrowskatv.pl\/wp-content\/uploads\/2023\/04\/20230411_135514-01-1333x1000.jpeg 1333w\" sizes=\"auto, (max-width: 1366px) 100vw, 1366px\" \/><\/p>\n<p><img loading=\"lazy\" decoding=\"async\" src=\"https:\/\/ostrowskatv.pl\/wp-content\/uploads\/2023\/04\/20230411_135535-01.jpeg\" alt=\"\" width=\"1366\" height=\"1025\" class=\"alignnone size-full wp-image-24122\" srcset=\"https:\/\/ostrowskatv.pl\/wp-content\/uploads\/2023\/04\/20230411_135535-01.jpeg 1366w, https:\/\/ostrowskatv.pl\/wp-content\/uploads\/2023\/04\/20230411_135535-01-300x225.jpeg 300w, https:\/\/ostrowskatv.pl\/wp-content\/uploads\/2023\/04\/20230411_135535-01-1333x1000.jpeg 1333w\" sizes=\"auto, (max-width: 1366px) 100vw, 1366px\" \/><\/p>\n<p><img loading=\"lazy\" decoding=\"async\" src=\"https:\/\/ostrowskatv.pl\/wp-content\/uploads\/2023\/04\/20230411_135604-01.jpeg\" alt=\"\" width=\"1366\" height=\"1025\" class=\"alignnone size-full wp-image-24123\" srcset=\"https:\/\/ostrowskatv.pl\/wp-content\/uploads\/2023\/04\/20230411_135604-01.jpeg 1366w, https:\/\/ostrowskatv.pl\/wp-content\/uploads\/2023\/04\/20230411_135604-01-300x225.jpeg 300w, https:\/\/ostrowskatv.pl\/wp-content\/uploads\/2023\/04\/20230411_135604-01-1333x1000.jpeg 1333w\" sizes=\"auto, (max-width: 1366px) 100vw, 1366px\" \/><\/p>\n","protected":false},"excerpt":{"rendered":"Przed godzin\u0105 14 dosz\u0142o do po\u017caru hali przy ulicy Kamiennej w Ostrowie Wielkopolskim. Trwa akcja ga\u015bnicza. Po\u017car mia\u0142 si\u0119 zacz\u0105\u0107 od jednego z \n<a class=\"moretag\" href=\"https:\/\/ostrowskatv.pl\/?p=24117\"> [...]<\/a>","protected":false},"author":1,"featured_media":24122,"comment_status":"open","ping_status":"closed","sticky":false,"template":"","format":"standard","meta":{"footnotes":""},"categories":[1],"tags":[7],"class_list":["post-24117","post","type-post","status-publish","format-standard","has-post-thumbnail","hentry","category-news","tag-pozar"],"_links":{"self":[{"href":"https:\/\/ostrowskatv.pl\/index.php?rest_route=\/wp\/v2\/posts\/24117","targetHints":{"allow":["GET"]}}],"collection":[{"href":"https:\/\/ostrowskatv.pl\/index.php?rest_route=\/wp\/v2\/posts"}],"about":[{"href":"https:\/\/ostrowskatv.pl\/index.php?rest_route=\/wp\/v2\/types\/post"}],"author":[{"embeddable":true,"href":"https:\/\/ostrowskatv.pl\/index.php?rest_route=\/wp\/v2\/users\/1"}],"replies":[{"embeddable":true,"href":"https:\/\/ostrowskatv.pl\/index.php?rest_route=%2Fwp%2Fv2%2Fcomments&post=24117"}],"version-history":[{"count":0,"href":"https:\/\/ostrowskatv.pl\/index.php?rest_route=\/wp\/v2\/posts\/24117\/revisions"}],"wp:featuredmedia":[{"embeddable":true,"href":"https:\/\/ostrowskatv.pl\/index.php?rest_route=\/wp\/v2\/media\/24122"}],"wp:attachment":[{"href":"https:\/\/ostrowskatv.pl\/index.php?rest_route=%2Fwp%2Fv2%2Fmedia&parent=24117"}],"wp:term":[{"taxonomy":"category","embeddable":true,"href":"https:\/\/ostrowskatv.pl\/index.php?rest_route=%2Fwp%2Fv2%2Fcategories&post=24117"},{"taxonomy":"post_tag","embeddable":true,"href":"https:\/\/ostrowskatv.pl\/index.php?rest_route=%2Fwp%2Fv2%2Ftags&post=24117"}],"curies":[{"name":"wp","href":"https:\/\/api.w.org\/{rel}","templated":true}]}}