{"id":24103,"date":"2023-04-10T14:45:36","date_gmt":"2023-04-10T13:45:36","guid":{"rendered":"https:\/\/ostrowskatv.pl\/?p=24103"},"modified":"2023-04-10T14:45:36","modified_gmt":"2023-04-10T13:45:36","slug":"auto-wjechalo-w-przystanek-4-osoby-ranne","status":"publish","type":"post","link":"https:\/\/ostrowskatv.pl\/?p=24103","title":{"rendered":"Auto wjecha\u0142o w przystanek. 4 osoby ranne"},"content":{"rendered":"<p><strong>Oko\u0142o godziny 14.30 dosz\u0142o do wypadku w miejscowo\u015bci Skalmierzyce\/Osada. 4 osoby zosta\u0142y poszkodowane. <\/strong><\/p>\n<p>M\u0142ody kierowca Alfy Romeo, mieszkaniec Skalmierzyc, zje\u017cd\u017caj\u0105c z drogi krajowej straci\u0142 panowanie nad autem (podczas redukcji bieg\u00f3w) i wjecha\u0142 w betonowy przystanek autobusowy. Osob\u00f3wk\u0105 jecha\u0142y cztery m\u0142ode osoby, z czego ostatecznie 3 wymaga\u0142y hospitalizacji. Najci\u0119\u017cej ranna zosta\u0142a oko\u0142o 20-letnia dziewczyna, u kt\u00f3rej podejrzewano uraz nogi i miednicy. <\/p>\n<p>Na miejscu l\u0105dowa\u0142 \u015bmig\u0142owiec LPR. Nie jest prawd\u0105 co poda\u0142 jeden z kaliskich portali, \u017ce ktokolwiek by\u0142 reanimowany.<\/p>\n<p><img loading=\"lazy\" decoding=\"async\" src=\"https:\/\/ostrowskatv.pl\/wp-content\/uploads\/2023\/04\/20230410_153917-01.jpeg\" alt=\"\" width=\"1366\" height=\"1025\" class=\"alignnone size-full wp-image-24104\" srcset=\"https:\/\/ostrowskatv.pl\/wp-content\/uploads\/2023\/04\/20230410_153917-01.jpeg 1366w, https:\/\/ostrowskatv.pl\/wp-content\/uploads\/2023\/04\/20230410_153917-01-300x225.jpeg 300w, https:\/\/ostrowskatv.pl\/wp-content\/uploads\/2023\/04\/20230410_153917-01-1333x1000.jpeg 1333w\" sizes=\"auto, (max-width: 1366px) 100vw, 1366px\" \/><\/p>\n<p><img loading=\"lazy\" decoding=\"async\" src=\"https:\/\/ostrowskatv.pl\/wp-content\/uploads\/2023\/04\/20230410_145715-01.jpeg\" alt=\"\" width=\"1366\" height=\"566\" class=\"alignnone size-full wp-image-24105\" srcset=\"https:\/\/ostrowskatv.pl\/wp-content\/uploads\/2023\/04\/20230410_145715-01.jpeg 1366w, https:\/\/ostrowskatv.pl\/wp-content\/uploads\/2023\/04\/20230410_145715-01-300x124.jpeg 300w, https:\/\/ostrowskatv.pl\/wp-content\/uploads\/2023\/04\/20230410_145715-01-1333x552.jpeg 1333w\" sizes=\"auto, (max-width: 1366px) 100vw, 1366px\" \/><\/p>\n<p><img loading=\"lazy\" decoding=\"async\" src=\"https:\/\/ostrowskatv.pl\/wp-content\/uploads\/2023\/04\/20230410_145718-01.jpeg\" alt=\"\" width=\"1366\" height=\"844\" class=\"alignnone size-full wp-image-24106\" srcset=\"https:\/\/ostrowskatv.pl\/wp-content\/uploads\/2023\/04\/20230410_145718-01.jpeg 1366w, https:\/\/ostrowskatv.pl\/wp-content\/uploads\/2023\/04\/20230410_145718-01-300x185.jpeg 300w, https:\/\/ostrowskatv.pl\/wp-content\/uploads\/2023\/04\/20230410_145718-01-1333x824.jpeg 1333w\" sizes=\"auto, (max-width: 1366px) 100vw, 1366px\" \/><\/p>\n<p><img loading=\"lazy\" decoding=\"async\" src=\"https:\/\/ostrowskatv.pl\/wp-content\/uploads\/2023\/04\/20230410_145722-01.jpeg\" alt=\"\" width=\"1366\" height=\"1025\" class=\"alignnone size-full wp-image-24107\" srcset=\"https:\/\/ostrowskatv.pl\/wp-content\/uploads\/2023\/04\/20230410_145722-01.jpeg 1366w, https:\/\/ostrowskatv.pl\/wp-content\/uploads\/2023\/04\/20230410_145722-01-300x225.jpeg 300w, https:\/\/ostrowskatv.pl\/wp-content\/uploads\/2023\/04\/20230410_145722-01-1333x1000.jpeg 1333w\" sizes=\"auto, (max-width: 1366px) 100vw, 1366px\" \/><\/p>\n<p><img loading=\"lazy\" decoding=\"async\" src=\"https:\/\/ostrowskatv.pl\/wp-content\/uploads\/2023\/04\/20230410_145725-01.jpeg\" alt=\"\" width=\"1366\" height=\"1025\" class=\"alignnone size-full wp-image-24108\" srcset=\"https:\/\/ostrowskatv.pl\/wp-content\/uploads\/2023\/04\/20230410_145725-01.jpeg 1366w, https:\/\/ostrowskatv.pl\/wp-content\/uploads\/2023\/04\/20230410_145725-01-300x225.jpeg 300w, https:\/\/ostrowskatv.pl\/wp-content\/uploads\/2023\/04\/20230410_145725-01-1333x1000.jpeg 1333w\" sizes=\"auto, (max-width: 1366px) 100vw, 1366px\" \/><\/p>\n<p><img loading=\"lazy\" decoding=\"async\" src=\"https:\/\/ostrowskatv.pl\/wp-content\/uploads\/2023\/04\/20230410_145909-01.jpeg\" alt=\"\" width=\"1366\" height=\"1025\" class=\"alignnone size-full wp-image-24109\" srcset=\"https:\/\/ostrowskatv.pl\/wp-content\/uploads\/2023\/04\/20230410_145909-01.jpeg 1366w, https:\/\/ostrowskatv.pl\/wp-content\/uploads\/2023\/04\/20230410_145909-01-300x225.jpeg 300w, https:\/\/ostrowskatv.pl\/wp-content\/uploads\/2023\/04\/20230410_145909-01-1333x1000.jpeg 1333w\" sizes=\"auto, (max-width: 1366px) 100vw, 1366px\" \/><\/p>\n<p><img loading=\"lazy\" decoding=\"async\" src=\"https:\/\/ostrowskatv.pl\/wp-content\/uploads\/2023\/04\/20230410_150151-01.jpeg\" alt=\"\" width=\"1366\" height=\"1025\" class=\"alignnone size-full wp-image-24110\" srcset=\"https:\/\/ostrowskatv.pl\/wp-content\/uploads\/2023\/04\/20230410_150151-01.jpeg 1366w, https:\/\/ostrowskatv.pl\/wp-content\/uploads\/2023\/04\/20230410_150151-01-300x225.jpeg 300w, https:\/\/ostrowskatv.pl\/wp-content\/uploads\/2023\/04\/20230410_150151-01-1333x1000.jpeg 1333w\" sizes=\"auto, (max-width: 1366px) 100vw, 1366px\" \/><\/p>\n<p><img loading=\"lazy\" decoding=\"async\" src=\"https:\/\/ostrowskatv.pl\/wp-content\/uploads\/2023\/04\/20230410_150153-01.jpeg\" alt=\"\" width=\"1366\" height=\"1025\" class=\"alignnone size-full wp-image-24111\" srcset=\"https:\/\/ostrowskatv.pl\/wp-content\/uploads\/2023\/04\/20230410_150153-01.jpeg 1366w, https:\/\/ostrowskatv.pl\/wp-content\/uploads\/2023\/04\/20230410_150153-01-300x225.jpeg 300w, https:\/\/ostrowskatv.pl\/wp-content\/uploads\/2023\/04\/20230410_150153-01-1333x1000.jpeg 1333w\" sizes=\"auto, (max-width: 1366px) 100vw, 1366px\" \/><\/p>\n<p><img loading=\"lazy\" decoding=\"async\" src=\"https:\/\/ostrowskatv.pl\/wp-content\/uploads\/2023\/04\/Osada1.jpeg\" alt=\"\" width=\"1366\" height=\"602\" class=\"alignnone size-full wp-image-24112\" srcset=\"https:\/\/ostrowskatv.pl\/wp-content\/uploads\/2023\/04\/Osada1.jpeg 1366w, https:\/\/ostrowskatv.pl\/wp-content\/uploads\/2023\/04\/Osada1-300x132.jpeg 300w, https:\/\/ostrowskatv.pl\/wp-content\/uploads\/2023\/04\/Osada1-1333x587.jpeg 1333w\" sizes=\"auto, (max-width: 1366px) 100vw, 1366px\" \/><\/p>\n<p><img loading=\"lazy\" decoding=\"async\" src=\"https:\/\/ostrowskatv.pl\/wp-content\/uploads\/2023\/04\/Osada2.jpeg\" alt=\"\" width=\"800\" height=\"368\" class=\"alignnone size-full wp-image-24113\" srcset=\"https:\/\/ostrowskatv.pl\/wp-content\/uploads\/2023\/04\/Osada2.jpeg 800w, https:\/\/ostrowskatv.pl\/wp-content\/uploads\/2023\/04\/Osada2-300x138.jpeg 300w\" sizes=\"auto, (max-width: 800px) 100vw, 800px\" \/><\/p>\n<p><img loading=\"lazy\" decoding=\"async\" src=\"https:\/\/ostrowskatv.pl\/wp-content\/uploads\/2023\/04\/Osada4.jpeg\" alt=\"\" width=\"903\" height=\"495\" class=\"alignnone size-full wp-image-24114\" srcset=\"https:\/\/ostrowskatv.pl\/wp-content\/uploads\/2023\/04\/Osada4.jpeg 903w, https:\/\/ostrowskatv.pl\/wp-content\/uploads\/2023\/04\/Osada4-300x164.jpeg 300w\" sizes=\"auto, (max-width: 903px) 100vw, 903px\" \/><\/p>\n<p><img loading=\"lazy\" decoding=\"async\" src=\"https:\/\/ostrowskatv.pl\/wp-content\/uploads\/2023\/04\/Osada5.jpeg\" alt=\"\" width=\"1366\" height=\"690\" class=\"alignnone size-full wp-image-24115\" srcset=\"https:\/\/ostrowskatv.pl\/wp-content\/uploads\/2023\/04\/Osada5.jpeg 1366w, https:\/\/ostrowskatv.pl\/wp-content\/uploads\/2023\/04\/Osada5-300x152.jpeg 300w, https:\/\/ostrowskatv.pl\/wp-content\/uploads\/2023\/04\/Osada5-1333x673.jpeg 1333w\" sizes=\"auto, (max-width: 1366px) 100vw, 1366px\" \/><\/p>\n","protected":false},"excerpt":{"rendered":"Oko\u0142o godziny 14.30 dosz\u0142o do wypadku w miejscowo\u015bci Skalmierzyce\/Osada. 4 osoby zosta\u0142y poszkodowane. M\u0142ody kierowca Alfy Romeo, mieszkaniec Skalmierzyc, zje\u017cd\u017caj\u0105c z drogi krajowej \n<a class=\"moretag\" href=\"https:\/\/ostrowskatv.pl\/?p=24103\"> [...]<\/a>","protected":false},"author":1,"featured_media":24109,"comment_status":"open","ping_status":"closed","sticky":false,"template":"","format":"standard","meta":{"footnotes":""},"categories":[1],"tags":[90],"class_list":["post-24103","post","type-post","status-publish","format-standard","has-post-thumbnail","hentry","category-news","tag-skalmierzyce"],"_links":{"self":[{"href":"https:\/\/ostrowskatv.pl\/index.php?rest_route=\/wp\/v2\/posts\/24103","targetHints":{"allow":["GET"]}}],"collection":[{"href":"https:\/\/ostrowskatv.pl\/index.php?rest_route=\/wp\/v2\/posts"}],"about":[{"href":"https:\/\/ostrowskatv.pl\/index.php?rest_route=\/wp\/v2\/types\/post"}],"author":[{"embeddable":true,"href":"https:\/\/ostrowskatv.pl\/index.php?rest_route=\/wp\/v2\/users\/1"}],"replies":[{"embeddable":true,"href":"https:\/\/ostrowskatv.pl\/index.php?rest_route=%2Fwp%2Fv2%2Fcomments&post=24103"}],"version-history":[{"count":0,"href":"https:\/\/ostrowskatv.pl\/index.php?rest_route=\/wp\/v2\/posts\/24103\/revisions"}],"wp:featuredmedia":[{"embeddable":true,"href":"https:\/\/ostrowskatv.pl\/index.php?rest_route=\/wp\/v2\/media\/24109"}],"wp:attachment":[{"href":"https:\/\/ostrowskatv.pl\/index.php?rest_route=%2Fwp%2Fv2%2Fmedia&parent=24103"}],"wp:term":[{"taxonomy":"category","embeddable":true,"href":"https:\/\/ostrowskatv.pl\/index.php?rest_route=%2Fwp%2Fv2%2Fcategories&post=24103"},{"taxonomy":"post_tag","embeddable":true,"href":"https:\/\/ostrowskatv.pl\/index.php?rest_route=%2Fwp%2Fv2%2Ftags&post=24103"}],"curies":[{"name":"wp","href":"https:\/\/api.w.org\/{rel}","templated":true}]}}