{"id":24044,"date":"2023-04-08T09:36:30","date_gmt":"2023-04-08T08:36:30","guid":{"rendered":"https:\/\/ostrowskatv.pl\/?p=24044"},"modified":"2023-04-08T09:36:30","modified_gmt":"2023-04-08T08:36:30","slug":"splonela-naczepa-od-ciezarowki-zdjecia","status":"publish","type":"post","link":"https:\/\/ostrowskatv.pl\/?p=24044","title":{"rendered":"Sp\u0142on\u0119\u0142a naczepa od ci\u0119\u017car\u00f3wki (ZDJ\u0118CIA)"},"content":{"rendered":"<p><strong>O p\u00f3\u0142nocy zauwa\u017cono po\u017car na terenie jednej z firm w rejonie ulic D\u0142ugiej i Odolanowskiej w Ostrowie Wielkopolskim. Pocz\u0105tkowo nie by\u0142o wiadomo co si\u0119 pali z powodu du\u017cego zadymienia.<\/strong><\/p>\n<p>Ostatecznie okaza\u0142o si\u0119, \u017ce ogie\u0144 obejmowa\u0142 naczep\u0119 od pojazdu ci\u0119\u017carowego, s\u0142u\u017c\u0105c\u0105 za magazyn cz\u0119\u015bci do aut ci\u0119\u017carowych.<\/p>\n<p>Pierwszy zast\u0119p widz\u0105c rozmiar po\u017caru poprosi\u0142 o przyjazd drugiego wozu. W\u00f3wczas uda\u0142o si\u0119 skutecznie doko\u0144czy\u0107 akcj\u0119 ga\u015bnicz\u0105. <\/p>\n<p>Policja prowadzi czynno\u015bci zmierzaj\u0105ce do ustalenia przyczyny powstania po\u017caru.<\/p>\n<p><img loading=\"lazy\" decoding=\"async\" src=\"https:\/\/ostrowskatv.pl\/wp-content\/uploads\/2023\/04\/20230408_093949-01.jpeg\" alt=\"\" width=\"1366\" height=\"1025\" class=\"alignnone size-full wp-image-24046\" srcset=\"https:\/\/ostrowskatv.pl\/wp-content\/uploads\/2023\/04\/20230408_093949-01.jpeg 1366w, https:\/\/ostrowskatv.pl\/wp-content\/uploads\/2023\/04\/20230408_093949-01-300x225.jpeg 300w, https:\/\/ostrowskatv.pl\/wp-content\/uploads\/2023\/04\/20230408_093949-01-1333x1000.jpeg 1333w\" sizes=\"auto, (max-width: 1366px) 100vw, 1366px\" \/><\/p>\n<p><img loading=\"lazy\" decoding=\"async\" src=\"https:\/\/ostrowskatv.pl\/wp-content\/uploads\/2023\/04\/20230408_093930-01.jpeg\" alt=\"\" width=\"1306\" height=\"1366\" class=\"alignnone size-full wp-image-24047\" srcset=\"https:\/\/ostrowskatv.pl\/wp-content\/uploads\/2023\/04\/20230408_093930-01.jpeg 1306w, https:\/\/ostrowskatv.pl\/wp-content\/uploads\/2023\/04\/20230408_093930-01-287x300.jpeg 287w, https:\/\/ostrowskatv.pl\/wp-content\/uploads\/2023\/04\/20230408_093930-01-1274x1333.jpeg 1274w\" sizes=\"auto, (max-width: 1306px) 100vw, 1306px\" \/><\/p>\n<p><img loading=\"lazy\" decoding=\"async\" src=\"https:\/\/ostrowskatv.pl\/wp-content\/uploads\/2023\/04\/20230408_093918-01.jpeg\" alt=\"\" width=\"1366\" height=\"1025\" class=\"alignnone size-full wp-image-24048\" srcset=\"https:\/\/ostrowskatv.pl\/wp-content\/uploads\/2023\/04\/20230408_093918-01.jpeg 1366w, https:\/\/ostrowskatv.pl\/wp-content\/uploads\/2023\/04\/20230408_093918-01-300x225.jpeg 300w, https:\/\/ostrowskatv.pl\/wp-content\/uploads\/2023\/04\/20230408_093918-01-1333x1000.jpeg 1333w\" sizes=\"auto, (max-width: 1366px) 100vw, 1366px\" \/><\/p>\n<p><img loading=\"lazy\" decoding=\"async\" src=\"https:\/\/ostrowskatv.pl\/wp-content\/uploads\/2023\/04\/20230408_093911-01.jpeg\" alt=\"\" width=\"1366\" height=\"1101\" class=\"alignnone size-full wp-image-24049\" srcset=\"https:\/\/ostrowskatv.pl\/wp-content\/uploads\/2023\/04\/20230408_093911-01.jpeg 1366w, https:\/\/ostrowskatv.pl\/wp-content\/uploads\/2023\/04\/20230408_093911-01-300x242.jpeg 300w, https:\/\/ostrowskatv.pl\/wp-content\/uploads\/2023\/04\/20230408_093911-01-1333x1074.jpeg 1333w\" sizes=\"auto, (max-width: 1366px) 100vw, 1366px\" \/><\/p>\n","protected":false},"excerpt":{"rendered":"O p\u00f3\u0142nocy zauwa\u017cono po\u017car na terenie jednej z firm w rejonie ulic D\u0142ugiej i Odolanowskiej w Ostrowie Wielkopolskim. Pocz\u0105tkowo nie by\u0142o wiadomo co \n<a class=\"moretag\" href=\"https:\/\/ostrowskatv.pl\/?p=24044\"> [...]<\/a>","protected":false},"author":1,"featured_media":5489,"comment_status":"open","ping_status":"closed","sticky":false,"template":"","format":"standard","meta":{"footnotes":""},"categories":[1],"tags":[7],"class_list":["post-24044","post","type-post","status-publish","format-standard","has-post-thumbnail","hentry","category-news","tag-pozar"],"_links":{"self":[{"href":"https:\/\/ostrowskatv.pl\/index.php?rest_route=\/wp\/v2\/posts\/24044","targetHints":{"allow":["GET"]}}],"collection":[{"href":"https:\/\/ostrowskatv.pl\/index.php?rest_route=\/wp\/v2\/posts"}],"about":[{"href":"https:\/\/ostrowskatv.pl\/index.php?rest_route=\/wp\/v2\/types\/post"}],"author":[{"embeddable":true,"href":"https:\/\/ostrowskatv.pl\/index.php?rest_route=\/wp\/v2\/users\/1"}],"replies":[{"embeddable":true,"href":"https:\/\/ostrowskatv.pl\/index.php?rest_route=%2Fwp%2Fv2%2Fcomments&post=24044"}],"version-history":[{"count":0,"href":"https:\/\/ostrowskatv.pl\/index.php?rest_route=\/wp\/v2\/posts\/24044\/revisions"}],"wp:featuredmedia":[{"embeddable":true,"href":"https:\/\/ostrowskatv.pl\/index.php?rest_route=\/wp\/v2\/media\/5489"}],"wp:attachment":[{"href":"https:\/\/ostrowskatv.pl\/index.php?rest_route=%2Fwp%2Fv2%2Fmedia&parent=24044"}],"wp:term":[{"taxonomy":"category","embeddable":true,"href":"https:\/\/ostrowskatv.pl\/index.php?rest_route=%2Fwp%2Fv2%2Fcategories&post=24044"},{"taxonomy":"post_tag","embeddable":true,"href":"https:\/\/ostrowskatv.pl\/index.php?rest_route=%2Fwp%2Fv2%2Ftags&post=24044"}],"curies":[{"name":"wp","href":"https:\/\/api.w.org\/{rel}","templated":true}]}}