{"id":24037,"date":"2023-04-07T06:46:38","date_gmt":"2023-04-07T05:46:38","guid":{"rendered":"https:\/\/ostrowskatv.pl\/?p=24037"},"modified":"2023-04-07T06:47:31","modified_gmt":"2023-04-07T05:47:31","slug":"zderzyli-sie-pod-kauflandem","status":"publish","type":"post","link":"https:\/\/ostrowskatv.pl\/?p=24037","title":{"rendered":"Zderzyli si\u0119 pod Kauflandem. Mandat by\u0142 konkretny"},"content":{"rendered":"<p><strong>Ostrowianin pracuj\u0105cy w Holandii przyjecha\u0142 do rodzinnego miasta. W przed\u015bwi\u0105tecznym okresie cz\u0119sto jeste\u015bmy zamy\u015bleni i w\u0142a\u015bnie ten brak skupienia na drodze mia\u0142 si\u0119 przyczyni\u0107 do kolizji.<\/strong><\/p>\n<p>Kierowca audi jad\u0105c od strony hali Arena nie ust\u0105pi\u0142 pierwsze\u0144stwa fordowi jad\u0105cemu od Kauflandu najszersz\u0105 drog\u0105. Co najwa\u017cniejsze ford nadje\u017cd\u017ca\u0142 z prawej strony audi.<\/p>\n<p>Audi uderzy\u0142o w lewy bok forda. Bia\u0142a osob\u00f3wka obr\u00f3ci\u0142a si\u0119. \u017badnej z os\u00f3b nic si\u0119 nie sta\u0142o. Wezwana na miejsce policja ukara\u0142a sprawc\u0119 mandatem w wysoko\u015bci 1500 z\u0142.<\/p>\n<p><img loading=\"lazy\" decoding=\"async\" src=\"https:\/\/ostrowskatv.pl\/wp-content\/uploads\/2023\/04\/20230406_191031-01.jpeg\" alt=\"\" width=\"1366\" height=\"878\" class=\"alignnone size-full wp-image-24038\" srcset=\"https:\/\/ostrowskatv.pl\/wp-content\/uploads\/2023\/04\/20230406_191031-01.jpeg 1366w, https:\/\/ostrowskatv.pl\/wp-content\/uploads\/2023\/04\/20230406_191031-01-300x193.jpeg 300w, https:\/\/ostrowskatv.pl\/wp-content\/uploads\/2023\/04\/20230406_191031-01-1333x857.jpeg 1333w\" sizes=\"auto, (max-width: 1366px) 100vw, 1366px\" \/><\/p>\n<p><img loading=\"lazy\" decoding=\"async\" src=\"https:\/\/ostrowskatv.pl\/wp-content\/uploads\/2023\/04\/20230406_191033-01.jpeg\" alt=\"\" width=\"1366\" height=\"1025\" class=\"alignnone size-full wp-image-24039\" srcset=\"https:\/\/ostrowskatv.pl\/wp-content\/uploads\/2023\/04\/20230406_191033-01.jpeg 1366w, https:\/\/ostrowskatv.pl\/wp-content\/uploads\/2023\/04\/20230406_191033-01-300x225.jpeg 300w, https:\/\/ostrowskatv.pl\/wp-content\/uploads\/2023\/04\/20230406_191033-01-1333x1000.jpeg 1333w\" sizes=\"auto, (max-width: 1366px) 100vw, 1366px\" \/><\/p>\n<p><img loading=\"lazy\" decoding=\"async\" src=\"https:\/\/ostrowskatv.pl\/wp-content\/uploads\/2023\/04\/20230406_191038-01.jpeg\" alt=\"\" width=\"1366\" height=\"1025\" class=\"alignnone size-full wp-image-24040\" srcset=\"https:\/\/ostrowskatv.pl\/wp-content\/uploads\/2023\/04\/20230406_191038-01.jpeg 1366w, https:\/\/ostrowskatv.pl\/wp-content\/uploads\/2023\/04\/20230406_191038-01-300x225.jpeg 300w, https:\/\/ostrowskatv.pl\/wp-content\/uploads\/2023\/04\/20230406_191038-01-1333x1000.jpeg 1333w\" sizes=\"auto, (max-width: 1366px) 100vw, 1366px\" \/><\/p>\n<p><img loading=\"lazy\" decoding=\"async\" src=\"https:\/\/ostrowskatv.pl\/wp-content\/uploads\/2023\/04\/20230406_191054-01.jpeg\" alt=\"\" width=\"1366\" height=\"708\" class=\"alignnone size-full wp-image-24041\" srcset=\"https:\/\/ostrowskatv.pl\/wp-content\/uploads\/2023\/04\/20230406_191054-01.jpeg 1366w, https:\/\/ostrowskatv.pl\/wp-content\/uploads\/2023\/04\/20230406_191054-01-300x155.jpeg 300w, https:\/\/ostrowskatv.pl\/wp-content\/uploads\/2023\/04\/20230406_191054-01-1333x691.jpeg 1333w\" sizes=\"auto, (max-width: 1366px) 100vw, 1366px\" \/><\/p>\n","protected":false},"excerpt":{"rendered":"Ostrowianin pracuj\u0105cy w Holandii przyjecha\u0142 do rodzinnego miasta. W przed\u015bwi\u0105tecznym okresie cz\u0119sto jeste\u015bmy zamy\u015bleni i w\u0142a\u015bnie ten brak skupienia na drodze mia\u0142 si\u0119 \n<a class=\"moretag\" href=\"https:\/\/ostrowskatv.pl\/?p=24037\"> [...]<\/a>","protected":false},"author":1,"featured_media":24041,"comment_status":"open","ping_status":"closed","sticky":false,"template":"","format":"standard","meta":{"footnotes":""},"categories":[1],"tags":[2],"class_list":["post-24037","post","type-post","status-publish","format-standard","has-post-thumbnail","hentry","category-news","tag-ostrow-wielkopolski"],"_links":{"self":[{"href":"https:\/\/ostrowskatv.pl\/index.php?rest_route=\/wp\/v2\/posts\/24037","targetHints":{"allow":["GET"]}}],"collection":[{"href":"https:\/\/ostrowskatv.pl\/index.php?rest_route=\/wp\/v2\/posts"}],"about":[{"href":"https:\/\/ostrowskatv.pl\/index.php?rest_route=\/wp\/v2\/types\/post"}],"author":[{"embeddable":true,"href":"https:\/\/ostrowskatv.pl\/index.php?rest_route=\/wp\/v2\/users\/1"}],"replies":[{"embeddable":true,"href":"https:\/\/ostrowskatv.pl\/index.php?rest_route=%2Fwp%2Fv2%2Fcomments&post=24037"}],"version-history":[{"count":0,"href":"https:\/\/ostrowskatv.pl\/index.php?rest_route=\/wp\/v2\/posts\/24037\/revisions"}],"wp:featuredmedia":[{"embeddable":true,"href":"https:\/\/ostrowskatv.pl\/index.php?rest_route=\/wp\/v2\/media\/24041"}],"wp:attachment":[{"href":"https:\/\/ostrowskatv.pl\/index.php?rest_route=%2Fwp%2Fv2%2Fmedia&parent=24037"}],"wp:term":[{"taxonomy":"category","embeddable":true,"href":"https:\/\/ostrowskatv.pl\/index.php?rest_route=%2Fwp%2Fv2%2Fcategories&post=24037"},{"taxonomy":"post_tag","embeddable":true,"href":"https:\/\/ostrowskatv.pl\/index.php?rest_route=%2Fwp%2Fv2%2Ftags&post=24037"}],"curies":[{"name":"wp","href":"https:\/\/api.w.org\/{rel}","templated":true}]}}