{"id":24005,"date":"2023-04-04T10:18:02","date_gmt":"2023-04-04T09:18:02","guid":{"rendered":"https:\/\/ostrowskatv.pl\/?p=24005"},"modified":"2023-04-04T10:18:18","modified_gmt":"2023-04-04T09:18:18","slug":"zmarl-nagle-podczas-pracy","status":"publish","type":"post","link":"https:\/\/ostrowskatv.pl\/?p=24005","title":{"rendered":"Zmar\u0142 nagle podczas pracy (ZDJ\u0118CIA)"},"content":{"rendered":"<p><strong>Wtorek rozpocz\u0105\u0142 si\u0119 od dramatu na terenie jednej z firm kolejowych w Ostrowie Wielkopolskim. Przy poje\u017adzie kolejowym technicznym zmar\u0142 59-letni m\u0119\u017cczyzna. Na teren firmy przy ulicy S\u0142onecznej skierowano lekarza oraz policj\u0119. Wst\u0119pnie nic nie wskazuje na udzia\u0142 os\u00f3b trzecich.<\/strong><\/p>\n<p><img loading=\"lazy\" decoding=\"async\" src=\"https:\/\/ostrowskatv.pl\/wp-content\/uploads\/2023\/04\/Sloneczna03.jpeg\" alt=\"\" width=\"1366\" height=\"769\" class=\"alignnone size-full wp-image-24008\" srcset=\"https:\/\/ostrowskatv.pl\/wp-content\/uploads\/2023\/04\/Sloneczna03.jpeg 1366w, https:\/\/ostrowskatv.pl\/wp-content\/uploads\/2023\/04\/Sloneczna03-300x169.jpeg 300w, https:\/\/ostrowskatv.pl\/wp-content\/uploads\/2023\/04\/Sloneczna03-1333x750.jpeg 1333w\" sizes=\"auto, (max-width: 1366px) 100vw, 1366px\" \/><\/p>\n<p><img loading=\"lazy\" decoding=\"async\" src=\"https:\/\/ostrowskatv.pl\/wp-content\/uploads\/2023\/04\/Sloneczna02.jpeg\" alt=\"\" width=\"1366\" height=\"1025\" class=\"alignnone size-full wp-image-24007\" srcset=\"https:\/\/ostrowskatv.pl\/wp-content\/uploads\/2023\/04\/Sloneczna02.jpeg 1366w, https:\/\/ostrowskatv.pl\/wp-content\/uploads\/2023\/04\/Sloneczna02-300x225.jpeg 300w, https:\/\/ostrowskatv.pl\/wp-content\/uploads\/2023\/04\/Sloneczna02-1333x1000.jpeg 1333w\" sizes=\"auto, (max-width: 1366px) 100vw, 1366px\" \/><\/p>\n<p><img loading=\"lazy\" decoding=\"async\" src=\"https:\/\/ostrowskatv.pl\/wp-content\/uploads\/2023\/04\/Sloneczna01.jpeg\" alt=\"\" width=\"1366\" height=\"920\" class=\"alignnone size-full wp-image-24006\" srcset=\"https:\/\/ostrowskatv.pl\/wp-content\/uploads\/2023\/04\/Sloneczna01.jpeg 1366w, https:\/\/ostrowskatv.pl\/wp-content\/uploads\/2023\/04\/Sloneczna01-300x202.jpeg 300w, https:\/\/ostrowskatv.pl\/wp-content\/uploads\/2023\/04\/Sloneczna01-1333x898.jpeg 1333w\" sizes=\"auto, (max-width: 1366px) 100vw, 1366px\" \/><\/p>\n","protected":false},"excerpt":{"rendered":"Wtorek rozpocz\u0105\u0142 si\u0119 od dramatu na terenie jednej z firm kolejowych w Ostrowie Wielkopolskim. Przy poje\u017adzie kolejowym technicznym zmar\u0142 59-letni m\u0119\u017cczyzna. Na teren \n<a class=\"moretag\" href=\"https:\/\/ostrowskatv.pl\/?p=24005\"> [...]<\/a>","protected":false},"author":1,"featured_media":24008,"comment_status":"open","ping_status":"closed","sticky":false,"template":"","format":"standard","meta":{"footnotes":""},"categories":[1],"tags":[2],"class_list":["post-24005","post","type-post","status-publish","format-standard","has-post-thumbnail","hentry","category-news","tag-ostrow-wielkopolski"],"_links":{"self":[{"href":"https:\/\/ostrowskatv.pl\/index.php?rest_route=\/wp\/v2\/posts\/24005","targetHints":{"allow":["GET"]}}],"collection":[{"href":"https:\/\/ostrowskatv.pl\/index.php?rest_route=\/wp\/v2\/posts"}],"about":[{"href":"https:\/\/ostrowskatv.pl\/index.php?rest_route=\/wp\/v2\/types\/post"}],"author":[{"embeddable":true,"href":"https:\/\/ostrowskatv.pl\/index.php?rest_route=\/wp\/v2\/users\/1"}],"replies":[{"embeddable":true,"href":"https:\/\/ostrowskatv.pl\/index.php?rest_route=%2Fwp%2Fv2%2Fcomments&post=24005"}],"version-history":[{"count":0,"href":"https:\/\/ostrowskatv.pl\/index.php?rest_route=\/wp\/v2\/posts\/24005\/revisions"}],"wp:featuredmedia":[{"embeddable":true,"href":"https:\/\/ostrowskatv.pl\/index.php?rest_route=\/wp\/v2\/media\/24008"}],"wp:attachment":[{"href":"https:\/\/ostrowskatv.pl\/index.php?rest_route=%2Fwp%2Fv2%2Fmedia&parent=24005"}],"wp:term":[{"taxonomy":"category","embeddable":true,"href":"https:\/\/ostrowskatv.pl\/index.php?rest_route=%2Fwp%2Fv2%2Fcategories&post=24005"},{"taxonomy":"post_tag","embeddable":true,"href":"https:\/\/ostrowskatv.pl\/index.php?rest_route=%2Fwp%2Fv2%2Ftags&post=24005"}],"curies":[{"name":"wp","href":"https:\/\/api.w.org\/{rel}","templated":true}]}}