{"id":23894,"date":"2023-03-29T08:52:44","date_gmt":"2023-03-29T07:52:44","guid":{"rendered":"https:\/\/ostrowskatv.pl\/?p=23894"},"modified":"2023-03-29T08:52:44","modified_gmt":"2023-03-29T07:52:44","slug":"cialo-mezczyzny-odkryte-w-garazu","status":"publish","type":"post","link":"https:\/\/ostrowskatv.pl\/?p=23894","title":{"rendered":"Cia\u0142o m\u0119\u017cczyzny odkryte w gara\u017cu"},"content":{"rendered":"<p><strong>W jednym z gara\u017cy przy ulicy Prostej w Ostrowie Wielkopolskim odkryto cia\u0142o m\u0119\u017cczyzny. By\u0142o ono w daleko posuni\u0119tym rozk\u0142adzie. Na ten moment \u015bledczy nie wiedz\u0105 kim by\u0142 zmar\u0142y, ale wst\u0119pnie wyklucza si\u0119 obra\u017cenia zewn\u0119trzne.<\/strong><\/p>\n<p>Na dzi\u015b zosta\u0142a zaplanowana sekcja zw\u0142ok. Je\u015bli dzia\u0142ania operacyjne nie pomog\u0105 ustali\u0107 to\u017csamo\u015bci, w\u00f3wczas zostan\u0105 zlecone badania DNA. Z nieoficjalnych informacji wynika, \u017ce m\u0119\u017cczyzna najprawdopodobniej wchodzi\u0142 do tego gara\u017cu przez odchylan\u0105 blach\u0119. <\/p>\n","protected":false},"excerpt":{"rendered":"W jednym z gara\u017cy przy ulicy Prostej w Ostrowie Wielkopolskim odkryto cia\u0142o m\u0119\u017cczyzny. By\u0142o ono w daleko posuni\u0119tym rozk\u0142adzie. Na ten moment \u015bledczy \n<a class=\"moretag\" href=\"https:\/\/ostrowskatv.pl\/?p=23894\"> [...]<\/a>","protected":false},"author":1,"featured_media":17803,"comment_status":"open","ping_status":"closed","sticky":false,"template":"","format":"standard","meta":{"footnotes":""},"categories":[1],"tags":[2],"class_list":["post-23894","post","type-post","status-publish","format-standard","has-post-thumbnail","hentry","category-news","tag-ostrow-wielkopolski"],"_links":{"self":[{"href":"https:\/\/ostrowskatv.pl\/index.php?rest_route=\/wp\/v2\/posts\/23894","targetHints":{"allow":["GET"]}}],"collection":[{"href":"https:\/\/ostrowskatv.pl\/index.php?rest_route=\/wp\/v2\/posts"}],"about":[{"href":"https:\/\/ostrowskatv.pl\/index.php?rest_route=\/wp\/v2\/types\/post"}],"author":[{"embeddable":true,"href":"https:\/\/ostrowskatv.pl\/index.php?rest_route=\/wp\/v2\/users\/1"}],"replies":[{"embeddable":true,"href":"https:\/\/ostrowskatv.pl\/index.php?rest_route=%2Fwp%2Fv2%2Fcomments&post=23894"}],"version-history":[{"count":0,"href":"https:\/\/ostrowskatv.pl\/index.php?rest_route=\/wp\/v2\/posts\/23894\/revisions"}],"wp:featuredmedia":[{"embeddable":true,"href":"https:\/\/ostrowskatv.pl\/index.php?rest_route=\/wp\/v2\/media\/17803"}],"wp:attachment":[{"href":"https:\/\/ostrowskatv.pl\/index.php?rest_route=%2Fwp%2Fv2%2Fmedia&parent=23894"}],"wp:term":[{"taxonomy":"category","embeddable":true,"href":"https:\/\/ostrowskatv.pl\/index.php?rest_route=%2Fwp%2Fv2%2Fcategories&post=23894"},{"taxonomy":"post_tag","embeddable":true,"href":"https:\/\/ostrowskatv.pl\/index.php?rest_route=%2Fwp%2Fv2%2Ftags&post=23894"}],"curies":[{"name":"wp","href":"https:\/\/api.w.org\/{rel}","templated":true}]}}