{"id":23890,"date":"2023-03-28T06:37:26","date_gmt":"2023-03-28T05:37:26","guid":{"rendered":"https:\/\/ostrowskatv.pl\/?p=23890"},"modified":"2023-03-28T06:37:26","modified_gmt":"2023-03-28T05:37:26","slug":"klotnia-malzonkow-auto-w-rowie","status":"publish","type":"post","link":"https:\/\/ostrowskatv.pl\/?p=23890","title":{"rendered":"K\u0142\u00f3tnia ma\u0142\u017conk\u00f3w, auto w rowie"},"content":{"rendered":"<p><strong>Po godzinie 1 w nocy dosz\u0142o do ma\u0142\u017ce\u0144skiej k\u0142\u00f3tni w rejonie marketu przy ulicy Konopnickiej w Ostrowie Wielkopolskim. Jak si\u0119 okaza\u0142o chwil\u0119 wcze\u015bniej samoch\u00f3d marki volvo wjecha\u0142 do rowu pomi\u0119dzy piaskami, a Karskami. <\/strong><\/p>\n<p>Jeden radiow\u00f3z pojecha\u0142 do interwencji zwi\u0105zanej z porzuconym przy drodze autem, a drugi do k\u0142\u00f3tni ma\u0142\u017ce\u0144skiej. Przy aucie nikogo nie by\u0142o. Drugi patrol ustali\u0142, \u017ce uczestnicy k\u0142\u00f3tni maj\u0105 zwi\u0105zek z autem.<\/p>\n<p>Do spowodowania kolizji przyzna\u0142a si\u0119 kobieta za co dosta\u0142a 1050 z\u0142 mandatu i 12 punkt\u00f3w karnych.<\/p>\n<p><img loading=\"lazy\" decoding=\"async\" src=\"https:\/\/ostrowskatv.pl\/wp-content\/uploads\/2023\/03\/20230328_014825-01.jpeg\" alt=\"\" width=\"1366\" height=\"635\" class=\"alignnone size-full wp-image-23892\" srcset=\"https:\/\/ostrowskatv.pl\/wp-content\/uploads\/2023\/03\/20230328_014825-01.jpeg 1366w, https:\/\/ostrowskatv.pl\/wp-content\/uploads\/2023\/03\/20230328_014825-01-300x139.jpeg 300w, https:\/\/ostrowskatv.pl\/wp-content\/uploads\/2023\/03\/20230328_014825-01-1333x620.jpeg 1333w\" sizes=\"auto, (max-width: 1366px) 100vw, 1366px\" \/><\/p>\n","protected":false},"excerpt":{"rendered":"Po godzinie 1 w nocy dosz\u0142o do ma\u0142\u017ce\u0144skiej k\u0142\u00f3tni w rejonie marketu przy ulicy Konopnickiej w Ostrowie Wielkopolskim. Jak si\u0119 okaza\u0142o chwil\u0119 wcze\u015bniej \n<a class=\"moretag\" href=\"https:\/\/ostrowskatv.pl\/?p=23890\"> [...]<\/a>","protected":false},"author":1,"featured_media":23891,"comment_status":"open","ping_status":"closed","sticky":false,"template":"","format":"standard","meta":{"footnotes":""},"categories":[1],"tags":[48,2,72],"class_list":["post-23890","post","type-post","status-publish","format-standard","has-post-thumbnail","hentry","category-news","tag-kolizja","tag-ostrow-wielkopolski","tag-samochod"],"_links":{"self":[{"href":"https:\/\/ostrowskatv.pl\/index.php?rest_route=\/wp\/v2\/posts\/23890","targetHints":{"allow":["GET"]}}],"collection":[{"href":"https:\/\/ostrowskatv.pl\/index.php?rest_route=\/wp\/v2\/posts"}],"about":[{"href":"https:\/\/ostrowskatv.pl\/index.php?rest_route=\/wp\/v2\/types\/post"}],"author":[{"embeddable":true,"href":"https:\/\/ostrowskatv.pl\/index.php?rest_route=\/wp\/v2\/users\/1"}],"replies":[{"embeddable":true,"href":"https:\/\/ostrowskatv.pl\/index.php?rest_route=%2Fwp%2Fv2%2Fcomments&post=23890"}],"version-history":[{"count":0,"href":"https:\/\/ostrowskatv.pl\/index.php?rest_route=\/wp\/v2\/posts\/23890\/revisions"}],"wp:featuredmedia":[{"embeddable":true,"href":"https:\/\/ostrowskatv.pl\/index.php?rest_route=\/wp\/v2\/media\/23891"}],"wp:attachment":[{"href":"https:\/\/ostrowskatv.pl\/index.php?rest_route=%2Fwp%2Fv2%2Fmedia&parent=23890"}],"wp:term":[{"taxonomy":"category","embeddable":true,"href":"https:\/\/ostrowskatv.pl\/index.php?rest_route=%2Fwp%2Fv2%2Fcategories&post=23890"},{"taxonomy":"post_tag","embeddable":true,"href":"https:\/\/ostrowskatv.pl\/index.php?rest_route=%2Fwp%2Fv2%2Ftags&post=23890"}],"curies":[{"name":"wp","href":"https:\/\/api.w.org\/{rel}","templated":true}]}}