{"id":2388,"date":"2016-11-17T18:44:44","date_gmt":"2016-11-17T17:44:44","guid":{"rendered":"http:\/\/ostrowska.tv\/?p=2388"},"modified":"2016-11-17T18:44:44","modified_gmt":"2016-11-17T17:44:44","slug":"zderzenie-tir-a-z-osobowka","status":"publish","type":"post","link":"https:\/\/ostrowskatv.pl\/?p=2388","title":{"rendered":"Zderzenie TIR-a z osob\u00f3wk\u0105"},"content":{"rendered":"<p><strong>W czwartek tu\u017c po godzinie 12:00 dosz\u0142o do niebezpiecznego zdarzenia drogowego. Na drodze krajowej nr 11, odcinek Franklin\u00f3w-Szczury zderzy\u0142y si\u0119 TIR z osob\u00f3wk\u0105. Jak uda\u0142o si\u0119 ustali\u0107, auta jad\u0105ce od strony Pleszewa zacz\u0119\u0142y zwalnia\u0107. Spowodowane to by\u0142o skr\u0119caj\u0105cym autem z g\u0142\u00f3wnej drogi na le\u015bny parking. Kobieta kieruj\u0105ca VW Golfem gwa\u0142townie zahamowa\u0142a, ale jej samoch\u00f3d zjecha\u0142 w lewo i uderzy\u0142 w bok naczepy od samochodu ci\u0119\u017carowego.<\/strong><\/p>\n<p>W osob\u00f3wce uszkodzony zosta\u0142 lewy naro\u017cnik z przodu, natomiast w ci\u0119\u017car\u00f3wce trzy opony. Na szcz\u0119\u015bcie ani kieruj\u0105cej kobiecie ani jej dziecku jad\u0105cemu z ty\u0142u w foteliku nic si\u0119 nie sta\u0142o.<\/p>\n<p>Jak si\u0119 uda\u0142o dowiedzie\u0107, samoch\u00f3d zosta\u0142 zakupiony przez rodzin\u0119 11 listopada za 800 z\u0142. M\u0105\u017c kobiety dwa dni wcze\u015bniej naprawi\u0142 poduszki powietrzne. Ich wcze\u015bniejsza usterka polega\u0142a na niestykaniu przewod\u00f3w. Mo\u017cna powiedzie\u0107, \u017ce m\u0119\u017cczyzna mia\u0142 du\u017ce wyczucie albowiem poduszki mocno zamortyzowa\u0142y skutki wypadku.<\/p>\n<div id='gallery-1' class='gallery galleryid-2388 gallery-columns-3 gallery-size-thumbnail'><figure class='gallery-item'>\n\t\t\t<div class='gallery-icon landscape'>\n\t\t\t\t<a href='https:\/\/ostrowskatv.pl\/?attachment_id=2390'><img loading=\"lazy\" decoding=\"async\" width=\"150\" height=\"150\" src=\"https:\/\/ostrowskatv.pl\/wp-content\/uploads\/2016\/11\/20161117_121921-150x150.jpg\" class=\"attachment-thumbnail size-thumbnail\" alt=\"\" \/><\/a>\n\t\t\t<\/div><\/figure><figure class='gallery-item'>\n\t\t\t<div class='gallery-icon landscape'>\n\t\t\t\t<a href='https:\/\/ostrowskatv.pl\/?attachment_id=2391'><img loading=\"lazy\" decoding=\"async\" width=\"150\" height=\"150\" src=\"https:\/\/ostrowskatv.pl\/wp-content\/uploads\/2016\/11\/20161117_122357-150x150.jpg\" class=\"attachment-thumbnail size-thumbnail\" alt=\"\" \/><\/a>\n\t\t\t<\/div><\/figure><figure class='gallery-item'>\n\t\t\t<div class='gallery-icon landscape'>\n\t\t\t\t<a href='https:\/\/ostrowskatv.pl\/?attachment_id=2392'><img loading=\"lazy\" decoding=\"async\" width=\"150\" height=\"150\" src=\"https:\/\/ostrowskatv.pl\/wp-content\/uploads\/2016\/11\/20161117_122641-150x150.jpg\" class=\"attachment-thumbnail size-thumbnail\" alt=\"\" \/><\/a>\n\t\t\t<\/div><\/figure>\n\t\t<\/div>\n\n","protected":false},"excerpt":{"rendered":"W czwartek tu\u017c po godzinie 12:00 dosz\u0142o do niebezpiecznego zdarzenia drogowego. Na drodze krajowej nr 11, odcinek Franklin\u00f3w-Szczury zderzy\u0142y si\u0119 TIR z osob\u00f3wk\u0105. \n<a class=\"moretag\" href=\"https:\/\/ostrowskatv.pl\/?p=2388\"> [...]<\/a>","protected":false},"author":1,"featured_media":2390,"comment_status":"open","ping_status":"open","sticky":false,"template":"","format":"standard","meta":{"footnotes":""},"categories":[1],"tags":[87],"class_list":["post-2388","post","type-post","status-publish","format-standard","has-post-thumbnail","hentry","category-news","tag-franklinow"],"_links":{"self":[{"href":"https:\/\/ostrowskatv.pl\/index.php?rest_route=\/wp\/v2\/posts\/2388","targetHints":{"allow":["GET"]}}],"collection":[{"href":"https:\/\/ostrowskatv.pl\/index.php?rest_route=\/wp\/v2\/posts"}],"about":[{"href":"https:\/\/ostrowskatv.pl\/index.php?rest_route=\/wp\/v2\/types\/post"}],"author":[{"embeddable":true,"href":"https:\/\/ostrowskatv.pl\/index.php?rest_route=\/wp\/v2\/users\/1"}],"replies":[{"embeddable":true,"href":"https:\/\/ostrowskatv.pl\/index.php?rest_route=%2Fwp%2Fv2%2Fcomments&post=2388"}],"version-history":[{"count":0,"href":"https:\/\/ostrowskatv.pl\/index.php?rest_route=\/wp\/v2\/posts\/2388\/revisions"}],"wp:featuredmedia":[{"embeddable":true,"href":"https:\/\/ostrowskatv.pl\/index.php?rest_route=\/wp\/v2\/media\/2390"}],"wp:attachment":[{"href":"https:\/\/ostrowskatv.pl\/index.php?rest_route=%2Fwp%2Fv2%2Fmedia&parent=2388"}],"wp:term":[{"taxonomy":"category","embeddable":true,"href":"https:\/\/ostrowskatv.pl\/index.php?rest_route=%2Fwp%2Fv2%2Fcategories&post=2388"},{"taxonomy":"post_tag","embeddable":true,"href":"https:\/\/ostrowskatv.pl\/index.php?rest_route=%2Fwp%2Fv2%2Ftags&post=2388"}],"curies":[{"name":"wp","href":"https:\/\/api.w.org\/{rel}","templated":true}]}}