{"id":23800,"date":"2023-03-25T09:11:53","date_gmt":"2023-03-25T08:11:53","guid":{"rendered":"https:\/\/ostrowskatv.pl\/?p=23800"},"modified":"2023-03-25T10:01:25","modified_gmt":"2023-03-25T09:01:25","slug":"kolizja-z-radiowozem-pedzacym-na-interwencje","status":"publish","type":"post","link":"https:\/\/ostrowskatv.pl\/?p=23800","title":{"rendered":"Kolizja z radiowozem p\u0119dz\u0105cym na interwencj\u0119"},"content":{"rendered":"<p><strong>Przed godzin\u0105 22 ostrowscy policjanci zostali powiadomieni o pilnej interwencji na terenie gminy Nowe Skalmierzyce. Radiow\u00f3z p\u0119dzi\u0142 na sygna\u0142ach ulic\u0105 Kalisk\u0105.<\/strong><\/p>\n<p>Doje\u017cd\u017caj\u0105c do skrzy\u017cowania przy galerii zacz\u0119\u0142a zmienia\u0107 si\u0119 sygnalizacja zmieniaj\u0105ca pierwsze\u0144stwo. Ulic\u0105 Ofierskiego od strony galerii wyje\u017cd\u017ca\u0142a kobieta peugeotem (mieszkanka gm. Odolan\u00f3w).<\/p>\n<p>Na szcz\u0119\u015bcie oba auta tylko si\u0119 przetar\u0142y i nie dosz\u0142o do powa\u017cnego wypadku. Sprawca kolizji ma by\u0107 ustalony na wszcz\u0119tego dochodzenia.<\/p>\n<p><img loading=\"lazy\" decoding=\"async\" class=\"alignnone size-full wp-image-23802\" src=\"https:\/\/ostrowskatv.pl\/wp-content\/uploads\/2023\/03\/Radiowoz05.jpg\" alt=\"\" width=\"921\" height=\"417\" srcset=\"https:\/\/ostrowskatv.pl\/wp-content\/uploads\/2023\/03\/Radiowoz05.jpg 921w, https:\/\/ostrowskatv.pl\/wp-content\/uploads\/2023\/03\/Radiowoz05-300x136.jpg 300w\" sizes=\"auto, (max-width: 921px) 100vw, 921px\" \/><\/p>\n<p><img loading=\"lazy\" decoding=\"async\" class=\"alignnone size-full wp-image-23803\" src=\"https:\/\/ostrowskatv.pl\/wp-content\/uploads\/2023\/03\/Radiowoz01.jpg\" alt=\"\" width=\"1080\" height=\"861\" srcset=\"https:\/\/ostrowskatv.pl\/wp-content\/uploads\/2023\/03\/Radiowoz01.jpg 1080w, https:\/\/ostrowskatv.pl\/wp-content\/uploads\/2023\/03\/Radiowoz01-300x239.jpg 300w\" sizes=\"auto, (max-width: 1080px) 100vw, 1080px\" \/><\/p>\n<p><img loading=\"lazy\" decoding=\"async\" class=\"alignnone size-full wp-image-23804\" src=\"https:\/\/ostrowskatv.pl\/wp-content\/uploads\/2023\/03\/Radiowoz02.jpg\" alt=\"\" width=\"1080\" height=\"625\" srcset=\"https:\/\/ostrowskatv.pl\/wp-content\/uploads\/2023\/03\/Radiowoz02.jpg 1080w, https:\/\/ostrowskatv.pl\/wp-content\/uploads\/2023\/03\/Radiowoz02-300x174.jpg 300w\" sizes=\"auto, (max-width: 1080px) 100vw, 1080px\" \/><\/p>\n","protected":false},"excerpt":{"rendered":"Przed godzin\u0105 22 ostrowscy policjanci zostali powiadomieni o pilnej interwencji na terenie gminy Nowe Skalmierzyce. Radiow\u00f3z p\u0119dzi\u0142 na sygna\u0142ach ulic\u0105 Kalisk\u0105. Doje\u017cd\u017caj\u0105c do \n<a class=\"moretag\" href=\"https:\/\/ostrowskatv.pl\/?p=23800\"> [...]<\/a>","protected":false},"author":1,"featured_media":23804,"comment_status":"open","ping_status":"closed","sticky":false,"template":"","format":"standard","meta":{"footnotes":""},"categories":[1],"tags":[48],"class_list":["post-23800","post","type-post","status-publish","format-standard","has-post-thumbnail","hentry","category-news","tag-kolizja"],"_links":{"self":[{"href":"https:\/\/ostrowskatv.pl\/index.php?rest_route=\/wp\/v2\/posts\/23800","targetHints":{"allow":["GET"]}}],"collection":[{"href":"https:\/\/ostrowskatv.pl\/index.php?rest_route=\/wp\/v2\/posts"}],"about":[{"href":"https:\/\/ostrowskatv.pl\/index.php?rest_route=\/wp\/v2\/types\/post"}],"author":[{"embeddable":true,"href":"https:\/\/ostrowskatv.pl\/index.php?rest_route=\/wp\/v2\/users\/1"}],"replies":[{"embeddable":true,"href":"https:\/\/ostrowskatv.pl\/index.php?rest_route=%2Fwp%2Fv2%2Fcomments&post=23800"}],"version-history":[{"count":0,"href":"https:\/\/ostrowskatv.pl\/index.php?rest_route=\/wp\/v2\/posts\/23800\/revisions"}],"wp:featuredmedia":[{"embeddable":true,"href":"https:\/\/ostrowskatv.pl\/index.php?rest_route=\/wp\/v2\/media\/23804"}],"wp:attachment":[{"href":"https:\/\/ostrowskatv.pl\/index.php?rest_route=%2Fwp%2Fv2%2Fmedia&parent=23800"}],"wp:term":[{"taxonomy":"category","embeddable":true,"href":"https:\/\/ostrowskatv.pl\/index.php?rest_route=%2Fwp%2Fv2%2Fcategories&post=23800"},{"taxonomy":"post_tag","embeddable":true,"href":"https:\/\/ostrowskatv.pl\/index.php?rest_route=%2Fwp%2Fv2%2Ftags&post=23800"}],"curies":[{"name":"wp","href":"https:\/\/api.w.org\/{rel}","templated":true}]}}