{"id":23737,"date":"2023-03-20T15:57:32","date_gmt":"2023-03-20T14:57:32","guid":{"rendered":"https:\/\/ostrowskatv.pl\/?p=23737"},"modified":"2023-03-20T15:57:32","modified_gmt":"2023-03-20T14:57:32","slug":"senior-nie-widzial-swojej-winy-zderzenie-na-ledochowskiego","status":"publish","type":"post","link":"https:\/\/ostrowskatv.pl\/?p=23737","title":{"rendered":"Senior nie widzia\u0142 swojej winy. Zderzenie na Led\u00f3chowskiego"},"content":{"rendered":"<p><strong>O godzinie 14.30 na skrzy\u017cowaniu ulic Led\u00f3chowskiego\/Witosa\/Strzelecka w Ostrowie Wlkp. dosz\u0142o do zderzenia dw\u00f3ch aut osobowych. Niezb\u0119dna by\u0142a interwencja medyczna, stra\u017cak\u00f3w oraz policji.<\/strong><\/p>\n<p>Senior jecha\u0142 oplem ulic\u0105 Led\u00f3chowskiego i rozpocz\u0105\u0142 manewr skr\u0119tu w lewo w ulic\u0119 Witosa. Na jego sygnalizatorze \u015bwieci\u0142o si\u0119 zielonego \u015bwiat\u0142o.<\/p>\n<p>Z przeciwka volkswagenem jecha\u0142a kobieta w \u015brednim wieku.\u00a0 Opel podczas skr\u0119cania w lewo zosta\u0142 uderzony przez volkswagena. W wyniku zderzenia opel ma mocne wgniecenie na wysoko\u015bci przedniego, prawego ko\u0142a, a volkswagen ma zgnieciony prz\u00f3d.<\/p>\n<p>Senior z opla przekonywa\u0142, \u017ce skoro on mia\u0142 zielone, to auto jad\u0105ce z przeciwka musia\u0142o mie\u0107 \u017c\u00f3\u0142te i \u015bwiadczy to o winie kieruj\u0105cej volkswagenem. Funkcjonariusz z drog\u00f3wki przekonywa\u0142 go, \u017ce z przeciwka pewnie te\u017c by\u0142o zielone i to on zajecha\u0142 drog\u0119 volkswagenowi.<\/p>\n<p>Kobieta z volkswagena trafi\u0142a najpierw pod opiek\u0119 do radiowozu stra\u017cy miejskiej, a stamt\u0105d zosta\u0142a przekazana za\u0142odze karetki pogotowia ratunkowego.<\/p>\n<p><img loading=\"lazy\" decoding=\"async\" src=\"https:\/\/ostrowskatv.pl\/wp-content\/uploads\/2023\/03\/20230320_144059-01.jpeg\" alt=\"\" width=\"1366\" height=\"814\" class=\"alignnone size-full wp-image-23739\" srcset=\"https:\/\/ostrowskatv.pl\/wp-content\/uploads\/2023\/03\/20230320_144059-01.jpeg 1366w, https:\/\/ostrowskatv.pl\/wp-content\/uploads\/2023\/03\/20230320_144059-01-300x179.jpeg 300w, https:\/\/ostrowskatv.pl\/wp-content\/uploads\/2023\/03\/20230320_144059-01-1333x794.jpeg 1333w\" sizes=\"auto, (max-width: 1366px) 100vw, 1366px\" \/><\/p>\n<p><img loading=\"lazy\" decoding=\"async\" src=\"https:\/\/ostrowskatv.pl\/wp-content\/uploads\/2023\/03\/20230320_144107-01.jpeg\" alt=\"\" width=\"1366\" height=\"651\" class=\"alignnone size-full wp-image-23740\" srcset=\"https:\/\/ostrowskatv.pl\/wp-content\/uploads\/2023\/03\/20230320_144107-01.jpeg 1366w, https:\/\/ostrowskatv.pl\/wp-content\/uploads\/2023\/03\/20230320_144107-01-300x143.jpeg 300w, https:\/\/ostrowskatv.pl\/wp-content\/uploads\/2023\/03\/20230320_144107-01-1333x635.jpeg 1333w\" sizes=\"auto, (max-width: 1366px) 100vw, 1366px\" \/><\/p>\n<p><img loading=\"lazy\" decoding=\"async\" src=\"https:\/\/ostrowskatv.pl\/wp-content\/uploads\/2023\/03\/20230320_144119-01.jpeg\" alt=\"\" width=\"1366\" height=\"991\" class=\"alignnone size-full wp-image-23741\" srcset=\"https:\/\/ostrowskatv.pl\/wp-content\/uploads\/2023\/03\/20230320_144119-01.jpeg 1366w, https:\/\/ostrowskatv.pl\/wp-content\/uploads\/2023\/03\/20230320_144119-01-300x218.jpeg 300w, https:\/\/ostrowskatv.pl\/wp-content\/uploads\/2023\/03\/20230320_144119-01-1333x967.jpeg 1333w\" sizes=\"auto, (max-width: 1366px) 100vw, 1366px\" \/><\/p>\n<p><img loading=\"lazy\" decoding=\"async\" src=\"https:\/\/ostrowskatv.pl\/wp-content\/uploads\/2023\/03\/20230320_144258-01.jpeg\" alt=\"\" width=\"1366\" height=\"1025\" class=\"alignnone size-full wp-image-23742\" srcset=\"https:\/\/ostrowskatv.pl\/wp-content\/uploads\/2023\/03\/20230320_144258-01.jpeg 1366w, https:\/\/ostrowskatv.pl\/wp-content\/uploads\/2023\/03\/20230320_144258-01-300x225.jpeg 300w, https:\/\/ostrowskatv.pl\/wp-content\/uploads\/2023\/03\/20230320_144258-01-1333x1000.jpeg 1333w\" sizes=\"auto, (max-width: 1366px) 100vw, 1366px\" \/><\/p>\n<p><img loading=\"lazy\" decoding=\"async\" src=\"https:\/\/ostrowskatv.pl\/wp-content\/uploads\/2023\/03\/20230320_144128-01.jpeg\" alt=\"\" width=\"1366\" height=\"874\" class=\"alignnone size-full wp-image-23743\" srcset=\"https:\/\/ostrowskatv.pl\/wp-content\/uploads\/2023\/03\/20230320_144128-01.jpeg 1366w, https:\/\/ostrowskatv.pl\/wp-content\/uploads\/2023\/03\/20230320_144128-01-300x192.jpeg 300w, https:\/\/ostrowskatv.pl\/wp-content\/uploads\/2023\/03\/20230320_144128-01-1333x853.jpeg 1333w\" sizes=\"auto, (max-width: 1366px) 100vw, 1366px\" \/><\/p>\n","protected":false},"excerpt":{"rendered":"O godzinie 14.30 na skrzy\u017cowaniu ulic Led\u00f3chowskiego\/Witosa\/Strzelecka w Ostrowie Wlkp. dosz\u0142o do zderzenia dw\u00f3ch aut osobowych. Niezb\u0119dna by\u0142a interwencja medyczna, stra\u017cak\u00f3w oraz policji. \n<a class=\"moretag\" href=\"https:\/\/ostrowskatv.pl\/?p=23737\"> [...]<\/a>","protected":false},"author":1,"featured_media":23739,"comment_status":"open","ping_status":"closed","sticky":false,"template":"","format":"standard","meta":{"footnotes":""},"categories":[1],"tags":[11],"class_list":["post-23737","post","type-post","status-publish","format-standard","has-post-thumbnail","hentry","category-news","tag-wypadek"],"_links":{"self":[{"href":"https:\/\/ostrowskatv.pl\/index.php?rest_route=\/wp\/v2\/posts\/23737","targetHints":{"allow":["GET"]}}],"collection":[{"href":"https:\/\/ostrowskatv.pl\/index.php?rest_route=\/wp\/v2\/posts"}],"about":[{"href":"https:\/\/ostrowskatv.pl\/index.php?rest_route=\/wp\/v2\/types\/post"}],"author":[{"embeddable":true,"href":"https:\/\/ostrowskatv.pl\/index.php?rest_route=\/wp\/v2\/users\/1"}],"replies":[{"embeddable":true,"href":"https:\/\/ostrowskatv.pl\/index.php?rest_route=%2Fwp%2Fv2%2Fcomments&post=23737"}],"version-history":[{"count":0,"href":"https:\/\/ostrowskatv.pl\/index.php?rest_route=\/wp\/v2\/posts\/23737\/revisions"}],"wp:featuredmedia":[{"embeddable":true,"href":"https:\/\/ostrowskatv.pl\/index.php?rest_route=\/wp\/v2\/media\/23739"}],"wp:attachment":[{"href":"https:\/\/ostrowskatv.pl\/index.php?rest_route=%2Fwp%2Fv2%2Fmedia&parent=23737"}],"wp:term":[{"taxonomy":"category","embeddable":true,"href":"https:\/\/ostrowskatv.pl\/index.php?rest_route=%2Fwp%2Fv2%2Fcategories&post=23737"},{"taxonomy":"post_tag","embeddable":true,"href":"https:\/\/ostrowskatv.pl\/index.php?rest_route=%2Fwp%2Fv2%2Ftags&post=23737"}],"curies":[{"name":"wp","href":"https:\/\/api.w.org\/{rel}","templated":true}]}}