{"id":23723,"date":"2023-03-20T14:08:30","date_gmt":"2023-03-20T13:08:30","guid":{"rendered":"https:\/\/ostrowskatv.pl\/?p=23723"},"modified":"2023-03-22T19:50:12","modified_gmt":"2023-03-22T18:50:12","slug":"przedsiebiorca-oblany-kwasem-ruszyl-proces-zdjecia","status":"publish","type":"post","link":"https:\/\/ostrowskatv.pl\/?p=23723","title":{"rendered":"Przedsi\u0119biorca oblany kwasem. Ruszy\u0142 proces (ZDJ\u0118CIA)"},"content":{"rendered":"<p>W S\u0105dzie Okr\u0119gowym w Kaliszu ruszy\u0142 proces w sprawie oblania kwasem przedsi\u0119biorcy pochodz\u0105cego z Nowych Skalmierzyc. Na \u0142awie oskar\u017conych zasiad\u0142o dw\u00f3ch m\u0119\u017cczyzn.<\/p>\n<p>M\u0142odszy z nich Gracjan I. przyzna\u0142 si\u0119 do oblania kwasem pokrzywdzonego, ale nie zdradza dlaczego to zrobi\u0142 i kto by\u0142 zleceniodawc\u0105.<\/p>\n<p>Starszy z m\u0119\u017cczyzn to prywatnie szwagier pokrzywdzonego. Obaj m\u0119\u017cczy\u017ani byli ze sob\u0105 skonfliktowani od wielu lat. Oskar\u017cony Zdzis\u0142aw O. nie przyznaje si\u0119 do \u017cadnego z zarzut\u00f3w i twierdzi, \u017ce pokrzywdzony m\u015bci si\u0119 na nim.<\/p>\n<p>Przypomnijmy, \u017ce poszkodowany prowadzi firm\u0119 zajmuj\u0105c\u0105 si\u0119 obs\u0142ug\u0105 basen\u00f3w oraz sprzeda\u017c\u0105 aut terenowych. Jednym z klient\u00f3w by\u0142 znany z telewizji Kuba Wojew\u00f3dzki. To jednak nie pod\u0142o\u017ce biznesowe by\u0142o prawdopodobn\u0105 przyczyn\u0105 ataku za pomoc\u0105 \u017cr\u0105cej substancji.<\/p>\n<p>Prokuratura oskar\u017cy\u0142a dw\u00f3ch m\u0119\u017cczyzn. 23 &#8211; latek us\u0142ysza\u0142 zarzut, \u017ce w dniu 18 stycznia dzia\u0142aj\u0105c z bezpo\u015brednim zamiarem spowodowania u pokrzywdzonego ci\u0119\u017ckiego uszczerbku na zdrowiu obla\u0142 go kwasem siarkowym. Skutkiem by\u0142y bardzo powa\u017cne oparzenia cia\u0142a III i IV stopnia. Ustalono, \u017ce to zdarzenie zagra\u017ca\u0142o utrat\u0105 \u017cycia.<\/p>\n<p>61-letni m\u0119\u017cczyzna us\u0142ysza\u0142 trzy zarzuty. Pierwsze dwa dotycz\u0105 kierowania gr\u00f3\u017ab karalnych wobec pokrzywdzonego w pa\u017adzierniku 2021 roku i sierpnia 2022 roku. Trzeci zwi\u0105zany jest z nak\u0142anianiem 23-latka do oblania twarzy i innej cz\u0119\u015bci cia\u0142a \u017cr\u0105c\u0105 substancj\u0105 \u2013 kwasem siarkowym.<\/p>\n<p>&nbsp;<\/p>\n<p>&nbsp;<\/p>\n<p><img loading=\"lazy\" decoding=\"async\" class=\"alignnone size-full wp-image-23727\" src=\"https:\/\/ostrowskatv.pl\/wp-content\/uploads\/2023\/03\/20230320_090339-01.jpg\" alt=\"\" width=\"1366\" height=\"711\" srcset=\"https:\/\/ostrowskatv.pl\/wp-content\/uploads\/2023\/03\/20230320_090339-01.jpg 1366w, https:\/\/ostrowskatv.pl\/wp-content\/uploads\/2023\/03\/20230320_090339-01-300x156.jpg 300w, https:\/\/ostrowskatv.pl\/wp-content\/uploads\/2023\/03\/20230320_090339-01-1333x694.jpg 1333w\" sizes=\"auto, (max-width: 1366px) 100vw, 1366px\" \/><\/p>\n<p><img loading=\"lazy\" decoding=\"async\" class=\"alignnone size-full wp-image-23728\" src=\"https:\/\/ostrowskatv.pl\/wp-content\/uploads\/2023\/03\/20230320_090638-01.jpg\" alt=\"\" width=\"1366\" height=\"1025\" srcset=\"https:\/\/ostrowskatv.pl\/wp-content\/uploads\/2023\/03\/20230320_090638-01.jpg 1366w, https:\/\/ostrowskatv.pl\/wp-content\/uploads\/2023\/03\/20230320_090638-01-300x225.jpg 300w, https:\/\/ostrowskatv.pl\/wp-content\/uploads\/2023\/03\/20230320_090638-01-1333x1000.jpg 1333w\" sizes=\"auto, (max-width: 1366px) 100vw, 1366px\" \/><\/p>\n<p><img loading=\"lazy\" decoding=\"async\" class=\"alignnone size-full wp-image-23730\" src=\"https:\/\/ostrowskatv.pl\/wp-content\/uploads\/2023\/03\/20230320_090346-01.jpeg\" alt=\"\" width=\"1366\" height=\"841\" srcset=\"https:\/\/ostrowskatv.pl\/wp-content\/uploads\/2023\/03\/20230320_090346-01.jpeg 1366w, https:\/\/ostrowskatv.pl\/wp-content\/uploads\/2023\/03\/20230320_090346-01-300x185.jpeg 300w, https:\/\/ostrowskatv.pl\/wp-content\/uploads\/2023\/03\/20230320_090346-01-1333x821.jpeg 1333w\" sizes=\"auto, (max-width: 1366px) 100vw, 1366px\" \/><\/p>\n<p>&nbsp;<\/p>\n<p>&nbsp;<\/p>\n<p>&nbsp;<\/p>\n","protected":false},"excerpt":{"rendered":"W S\u0105dzie Okr\u0119gowym w Kaliszu ruszy\u0142 proces w sprawie oblania kwasem przedsi\u0119biorcy pochodz\u0105cego z Nowych Skalmierzyc. Na \u0142awie oskar\u017conych zasiad\u0142o dw\u00f3ch m\u0119\u017cczyzn. M\u0142odszy \n<a class=\"moretag\" href=\"https:\/\/ostrowskatv.pl\/?p=23723\"> [...]<\/a>","protected":false},"author":1,"featured_media":23727,"comment_status":"open","ping_status":"closed","sticky":false,"template":"","format":"standard","meta":{"footnotes":""},"categories":[1],"tags":[175],"class_list":["post-23723","post","type-post","status-publish","format-standard","has-post-thumbnail","hentry","category-news","tag-powiat-kaliski"],"_links":{"self":[{"href":"https:\/\/ostrowskatv.pl\/index.php?rest_route=\/wp\/v2\/posts\/23723","targetHints":{"allow":["GET"]}}],"collection":[{"href":"https:\/\/ostrowskatv.pl\/index.php?rest_route=\/wp\/v2\/posts"}],"about":[{"href":"https:\/\/ostrowskatv.pl\/index.php?rest_route=\/wp\/v2\/types\/post"}],"author":[{"embeddable":true,"href":"https:\/\/ostrowskatv.pl\/index.php?rest_route=\/wp\/v2\/users\/1"}],"replies":[{"embeddable":true,"href":"https:\/\/ostrowskatv.pl\/index.php?rest_route=%2Fwp%2Fv2%2Fcomments&post=23723"}],"version-history":[{"count":0,"href":"https:\/\/ostrowskatv.pl\/index.php?rest_route=\/wp\/v2\/posts\/23723\/revisions"}],"wp:featuredmedia":[{"embeddable":true,"href":"https:\/\/ostrowskatv.pl\/index.php?rest_route=\/wp\/v2\/media\/23727"}],"wp:attachment":[{"href":"https:\/\/ostrowskatv.pl\/index.php?rest_route=%2Fwp%2Fv2%2Fmedia&parent=23723"}],"wp:term":[{"taxonomy":"category","embeddable":true,"href":"https:\/\/ostrowskatv.pl\/index.php?rest_route=%2Fwp%2Fv2%2Fcategories&post=23723"},{"taxonomy":"post_tag","embeddable":true,"href":"https:\/\/ostrowskatv.pl\/index.php?rest_route=%2Fwp%2Fv2%2Ftags&post=23723"}],"curies":[{"name":"wp","href":"https:\/\/api.w.org\/{rel}","templated":true}]}}