{"id":23682,"date":"2023-03-18T08:59:01","date_gmt":"2023-03-18T07:59:01","guid":{"rendered":"https:\/\/ostrowskatv.pl\/?p=23682"},"modified":"2023-03-18T09:45:57","modified_gmt":"2023-03-18T08:45:57","slug":"citroen-z-impetem-wypadl-z-obwodnicy","status":"publish","type":"post","link":"https:\/\/ostrowskatv.pl\/?p=23682","title":{"rendered":"Z impetem wypad\u0142 z obwodnicy (ZDJ\u0118CIA)"},"content":{"rendered":"<p><strong>Przed godzin\u0105 8 rano na obwodnicy Ostrowa dosz\u0142o do gro\u017anie wygl\u0105daj\u0105cego dachowania. Samoch\u00f3d osobowy wypad\u0142 z drogi i zatrzyma\u0142 si\u0119 na dachu.<\/strong><\/p>\n<p>Kobieta straci\u0142a panowanie nad citroenem, ten przelecia\u0142 przez barier\u0119 energoch\u0142onn\u0105, kozio\u0142kuj\u0105c zatrzyma\u0142 si\u0119 na dachu.<\/p>\n<p>Na szcz\u0119\u015bcie kobieta z Ostrowa Wlkp. w \u015brednim wieku nie odnios\u0142a \u017cadnych obra\u017ce\u0144 cia\u0142a.<\/p>\n<p>Na miejsce wezwano policj\u0119 z wydzia\u0142u drogowego oraz osp do uprz\u0105tni\u0119cia pozosta\u0142o\u015bci po kolizji.<\/p>\n<p><img loading=\"lazy\" decoding=\"async\" src=\"https:\/\/ostrowskatv.pl\/wp-content\/uploads\/2023\/03\/20230318_081420-01.jpeg\" alt=\"\" width=\"1365\" height=\"834\" class=\"alignnone size-full wp-image-23683\" srcset=\"https:\/\/ostrowskatv.pl\/wp-content\/uploads\/2023\/03\/20230318_081420-01.jpeg 1365w, https:\/\/ostrowskatv.pl\/wp-content\/uploads\/2023\/03\/20230318_081420-01-300x183.jpeg 300w, https:\/\/ostrowskatv.pl\/wp-content\/uploads\/2023\/03\/20230318_081420-01-1333x814.jpeg 1333w\" sizes=\"auto, (max-width: 1365px) 100vw, 1365px\" \/><\/p>\n<p><img loading=\"lazy\" decoding=\"async\" src=\"https:\/\/ostrowskatv.pl\/wp-content\/uploads\/2023\/03\/20230318_082019-01.jpeg\" alt=\"\" width=\"1366\" height=\"776\" class=\"alignnone size-full wp-image-23684\" srcset=\"https:\/\/ostrowskatv.pl\/wp-content\/uploads\/2023\/03\/20230318_082019-01.jpeg 1366w, https:\/\/ostrowskatv.pl\/wp-content\/uploads\/2023\/03\/20230318_082019-01-300x170.jpeg 300w, https:\/\/ostrowskatv.pl\/wp-content\/uploads\/2023\/03\/20230318_082019-01-1333x757.jpeg 1333w, https:\/\/ostrowskatv.pl\/wp-content\/uploads\/2023\/03\/20230318_082019-01-388x220.jpeg 388w\" sizes=\"auto, (max-width: 1366px) 100vw, 1366px\" \/><\/p>\n<p><img loading=\"lazy\" decoding=\"async\" src=\"https:\/\/ostrowskatv.pl\/wp-content\/uploads\/2023\/03\/20230318_082023-02.jpeg\" alt=\"\" width=\"1366\" height=\"1025\" class=\"alignnone size-full wp-image-23685\" srcset=\"https:\/\/ostrowskatv.pl\/wp-content\/uploads\/2023\/03\/20230318_082023-02.jpeg 1366w, https:\/\/ostrowskatv.pl\/wp-content\/uploads\/2023\/03\/20230318_082023-02-300x225.jpeg 300w, https:\/\/ostrowskatv.pl\/wp-content\/uploads\/2023\/03\/20230318_082023-02-1333x1000.jpeg 1333w\" sizes=\"auto, (max-width: 1366px) 100vw, 1366px\" \/><\/p>\n<p><img loading=\"lazy\" decoding=\"async\" src=\"https:\/\/ostrowskatv.pl\/wp-content\/uploads\/2023\/03\/20230318_082023-01.jpeg\" alt=\"\" width=\"1366\" height=\"1025\" class=\"alignnone size-full wp-image-23686\" srcset=\"https:\/\/ostrowskatv.pl\/wp-content\/uploads\/2023\/03\/20230318_082023-01.jpeg 1366w, https:\/\/ostrowskatv.pl\/wp-content\/uploads\/2023\/03\/20230318_082023-01-300x225.jpeg 300w, https:\/\/ostrowskatv.pl\/wp-content\/uploads\/2023\/03\/20230318_082023-01-1333x1000.jpeg 1333w\" sizes=\"auto, (max-width: 1366px) 100vw, 1366px\" \/><\/p>\n<p><img loading=\"lazy\" decoding=\"async\" src=\"https:\/\/ostrowskatv.pl\/wp-content\/uploads\/2023\/03\/20230318_082026-01.jpeg\" alt=\"\" width=\"1366\" height=\"1025\" class=\"alignnone size-full wp-image-23687\" srcset=\"https:\/\/ostrowskatv.pl\/wp-content\/uploads\/2023\/03\/20230318_082026-01.jpeg 1366w, https:\/\/ostrowskatv.pl\/wp-content\/uploads\/2023\/03\/20230318_082026-01-300x225.jpeg 300w, https:\/\/ostrowskatv.pl\/wp-content\/uploads\/2023\/03\/20230318_082026-01-1333x1000.jpeg 1333w\" sizes=\"auto, (max-width: 1366px) 100vw, 1366px\" \/><\/p>\n<p><img loading=\"lazy\" decoding=\"async\" src=\"https:\/\/ostrowskatv.pl\/wp-content\/uploads\/2023\/03\/20230318_082104-01.jpeg\" alt=\"\" width=\"1366\" height=\"680\" class=\"alignnone size-full wp-image-23688\" srcset=\"https:\/\/ostrowskatv.pl\/wp-content\/uploads\/2023\/03\/20230318_082104-01.jpeg 1366w, https:\/\/ostrowskatv.pl\/wp-content\/uploads\/2023\/03\/20230318_082104-01-300x149.jpeg 300w, https:\/\/ostrowskatv.pl\/wp-content\/uploads\/2023\/03\/20230318_082104-01-1333x664.jpeg 1333w\" sizes=\"auto, (max-width: 1366px) 100vw, 1366px\" \/><\/p>\n<p><img loading=\"lazy\" decoding=\"async\" src=\"https:\/\/ostrowskatv.pl\/wp-content\/uploads\/2023\/03\/20230318_082122-01.jpeg\" alt=\"\" width=\"1366\" height=\"945\" class=\"alignnone size-full wp-image-23689\" srcset=\"https:\/\/ostrowskatv.pl\/wp-content\/uploads\/2023\/03\/20230318_082122-01.jpeg 1366w, https:\/\/ostrowskatv.pl\/wp-content\/uploads\/2023\/03\/20230318_082122-01-300x208.jpeg 300w, https:\/\/ostrowskatv.pl\/wp-content\/uploads\/2023\/03\/20230318_082122-01-1333x922.jpeg 1333w\" sizes=\"auto, (max-width: 1366px) 100vw, 1366px\" \/><\/p>\n<p><img loading=\"lazy\" decoding=\"async\" src=\"https:\/\/ostrowskatv.pl\/wp-content\/uploads\/2023\/03\/20230318_082205-01.jpeg\" alt=\"\" width=\"1366\" height=\"1025\" class=\"alignnone size-full wp-image-23690\" srcset=\"https:\/\/ostrowskatv.pl\/wp-content\/uploads\/2023\/03\/20230318_082205-01.jpeg 1366w, https:\/\/ostrowskatv.pl\/wp-content\/uploads\/2023\/03\/20230318_082205-01-300x225.jpeg 300w, https:\/\/ostrowskatv.pl\/wp-content\/uploads\/2023\/03\/20230318_082205-01-1333x1000.jpeg 1333w\" sizes=\"auto, (max-width: 1366px) 100vw, 1366px\" \/><\/p>\n","protected":false},"excerpt":{"rendered":"Przed godzin\u0105 8 rano na obwodnicy Ostrowa dosz\u0142o do gro\u017anie wygl\u0105daj\u0105cego dachowania. Samoch\u00f3d osobowy wypad\u0142 z drogi i zatrzyma\u0142 si\u0119 na dachu. Kobieta \n<a class=\"moretag\" href=\"https:\/\/ostrowskatv.pl\/?p=23682\"> [...]<\/a>","protected":false},"author":1,"featured_media":23687,"comment_status":"open","ping_status":"closed","sticky":false,"template":"","format":"standard","meta":{"footnotes":""},"categories":[1],"tags":[139],"class_list":["post-23682","post","type-post","status-publish","format-standard","has-post-thumbnail","hentry","category-news","tag-obwodnica-ostrowa"],"_links":{"self":[{"href":"https:\/\/ostrowskatv.pl\/index.php?rest_route=\/wp\/v2\/posts\/23682","targetHints":{"allow":["GET"]}}],"collection":[{"href":"https:\/\/ostrowskatv.pl\/index.php?rest_route=\/wp\/v2\/posts"}],"about":[{"href":"https:\/\/ostrowskatv.pl\/index.php?rest_route=\/wp\/v2\/types\/post"}],"author":[{"embeddable":true,"href":"https:\/\/ostrowskatv.pl\/index.php?rest_route=\/wp\/v2\/users\/1"}],"replies":[{"embeddable":true,"href":"https:\/\/ostrowskatv.pl\/index.php?rest_route=%2Fwp%2Fv2%2Fcomments&post=23682"}],"version-history":[{"count":0,"href":"https:\/\/ostrowskatv.pl\/index.php?rest_route=\/wp\/v2\/posts\/23682\/revisions"}],"wp:featuredmedia":[{"embeddable":true,"href":"https:\/\/ostrowskatv.pl\/index.php?rest_route=\/wp\/v2\/media\/23687"}],"wp:attachment":[{"href":"https:\/\/ostrowskatv.pl\/index.php?rest_route=%2Fwp%2Fv2%2Fmedia&parent=23682"}],"wp:term":[{"taxonomy":"category","embeddable":true,"href":"https:\/\/ostrowskatv.pl\/index.php?rest_route=%2Fwp%2Fv2%2Fcategories&post=23682"},{"taxonomy":"post_tag","embeddable":true,"href":"https:\/\/ostrowskatv.pl\/index.php?rest_route=%2Fwp%2Fv2%2Ftags&post=23682"}],"curies":[{"name":"wp","href":"https:\/\/api.w.org\/{rel}","templated":true}]}}