{"id":23668,"date":"2023-03-16T09:34:11","date_gmt":"2023-03-16T08:34:11","guid":{"rendered":"https:\/\/ostrowskatv.pl\/?p=23668"},"modified":"2023-03-16T09:34:11","modified_gmt":"2023-03-16T08:34:11","slug":"pozar-domu-przy-gorzyckiej-2","status":"publish","type":"post","link":"https:\/\/ostrowskatv.pl\/?p=23668","title":{"rendered":"Po\u017car domu przy Gorzyckiej"},"content":{"rendered":"<p><strong>Do po\u017caru domu dosz\u0142o w \u015brod\u0119 po godzinie 22:30. Domownik\u00f3w zaalarmowa\u0142 dym wydobywaj\u0105cy si\u0119 z jednej z pomieszcze\u0144. Powiadomiono stra\u017c po\u017carn\u0105.<\/strong><\/p>\n<p>Na ulic\u0119 Gorzyck\u0105 w Ostrowie Wlkp. wys\u0142ano 5 zast\u0119p\u00f3w stra\u017cy po\u017carnej. Jak si\u0119 okaza\u0142o po\u017carem obj\u0119te by\u0142o jedno pomieszczenie. Wewn\u0105trz panowa\u0142o du\u017ce zadymienie. Jedna z mieszkanek sugerowa\u0142a, \u017ce w tym pokoju mo\u017ce znajdowa\u0107 si\u0119 cz\u0142onek jej rodziny. <\/p>\n<p>Te obawy na szcz\u0119\u015bcie nie potwierdzi\u0142y si\u0119. Wst\u0119pne ustalenia wskazuj\u0105, \u017ce przyczyn\u0105 po\u017caru mog\u0142o by\u0107 zwarcie w instalacji elektrycznej, a konkretnie w przed\u0142u\u017caczu.<\/p>\n","protected":false},"excerpt":{"rendered":"Do po\u017caru domu dosz\u0142o w \u015brod\u0119 po godzinie 22:30. Domownik\u00f3w zaalarmowa\u0142 dym wydobywaj\u0105cy si\u0119 z jednej z pomieszcze\u0144. Powiadomiono stra\u017c po\u017carn\u0105. Na ulic\u0119 \n<a class=\"moretag\" href=\"https:\/\/ostrowskatv.pl\/?p=23668\"> [...]<\/a>","protected":false},"author":1,"featured_media":17521,"comment_status":"open","ping_status":"closed","sticky":false,"template":"","format":"standard","meta":{"footnotes":""},"categories":[1],"tags":[2],"class_list":["post-23668","post","type-post","status-publish","format-standard","has-post-thumbnail","hentry","category-news","tag-ostrow-wielkopolski"],"_links":{"self":[{"href":"https:\/\/ostrowskatv.pl\/index.php?rest_route=\/wp\/v2\/posts\/23668","targetHints":{"allow":["GET"]}}],"collection":[{"href":"https:\/\/ostrowskatv.pl\/index.php?rest_route=\/wp\/v2\/posts"}],"about":[{"href":"https:\/\/ostrowskatv.pl\/index.php?rest_route=\/wp\/v2\/types\/post"}],"author":[{"embeddable":true,"href":"https:\/\/ostrowskatv.pl\/index.php?rest_route=\/wp\/v2\/users\/1"}],"replies":[{"embeddable":true,"href":"https:\/\/ostrowskatv.pl\/index.php?rest_route=%2Fwp%2Fv2%2Fcomments&post=23668"}],"version-history":[{"count":0,"href":"https:\/\/ostrowskatv.pl\/index.php?rest_route=\/wp\/v2\/posts\/23668\/revisions"}],"wp:featuredmedia":[{"embeddable":true,"href":"https:\/\/ostrowskatv.pl\/index.php?rest_route=\/wp\/v2\/media\/17521"}],"wp:attachment":[{"href":"https:\/\/ostrowskatv.pl\/index.php?rest_route=%2Fwp%2Fv2%2Fmedia&parent=23668"}],"wp:term":[{"taxonomy":"category","embeddable":true,"href":"https:\/\/ostrowskatv.pl\/index.php?rest_route=%2Fwp%2Fv2%2Fcategories&post=23668"},{"taxonomy":"post_tag","embeddable":true,"href":"https:\/\/ostrowskatv.pl\/index.php?rest_route=%2Fwp%2Fv2%2Ftags&post=23668"}],"curies":[{"name":"wp","href":"https:\/\/api.w.org\/{rel}","templated":true}]}}