{"id":23629,"date":"2023-03-13T16:21:45","date_gmt":"2023-03-13T15:21:45","guid":{"rendered":"https:\/\/ostrowskatv.pl\/?p=23629"},"modified":"2023-03-13T16:22:27","modified_gmt":"2023-03-13T15:22:27","slug":"pan-nie-widzial-a-pani-nie-byla-pewna","status":"publish","type":"post","link":"https:\/\/ostrowskatv.pl\/?p=23629","title":{"rendered":"Pan nie widzia\u0142, a pani nie by\u0142a pewna"},"content":{"rendered":"<p><strong>Oko\u0142o godziny 8:40 na skrzy\u017cowaniu ulic Limanowskiego\/\u017beromskiego\/Szczeci\u0144skiej w Ostrowie Wlkp. dosz\u0142o do kolizji dw\u00f3ch aut osobowych. <\/strong><\/p>\n<p>M\u0119\u017cczyzna kieruj\u0105c volkswagenem polo wyje\u017cd\u017ca\u0142 z ulicy \u017beromskiego i nie widzia\u0142 nadje\u017cd\u017caj\u0105cego od strony Piask\u00f3w samochodu marki hyundai. Polo zosta\u0142o uderzone w tylne, lewe ko\u0142o. Niespe\u0142na 30-letnia kobieta widzia\u0142a, \u017ce polo wyje\u017cd\u017ca, ale nie by\u0142a pewna czy si\u0119 ostatecznie zatrzyma.<\/p>\n<p>Szcz\u0119\u015bliwie w zdarzeniu nikt nie ucierpia\u0142. Na miejsce wezwano policj\u0119, kt\u00f3ra dojrza\u0142ego wiekiem mieszka\u0144ca jednej z podostrowskich wsi ukara\u0142a za spowodowanie kolizji.<\/p>\n<p>Poszkodowana z s\u0105siedniej wsi wykaza\u0142a si\u0119 du\u017c\u0105 empati\u0105 wobec sprawcy zdarzenia.<\/p>\n<p><img loading=\"lazy\" decoding=\"async\" class=\"alignnone size-full wp-image-23628\" src=\"https:\/\/ostrowskatv.pl\/wp-content\/uploads\/2023\/03\/20230313_084731-01.jpeg\" alt=\"\" width=\"1366\" height=\"1025\" srcset=\"https:\/\/ostrowskatv.pl\/wp-content\/uploads\/2023\/03\/20230313_084731-01.jpeg 1366w, https:\/\/ostrowskatv.pl\/wp-content\/uploads\/2023\/03\/20230313_084731-01-300x225.jpeg 300w, https:\/\/ostrowskatv.pl\/wp-content\/uploads\/2023\/03\/20230313_084731-01-1333x1000.jpeg 1333w\" sizes=\"auto, (max-width: 1366px) 100vw, 1366px\" \/> <img loading=\"lazy\" decoding=\"async\" class=\"alignnone size-full wp-image-23627\" src=\"https:\/\/ostrowskatv.pl\/wp-content\/uploads\/2023\/03\/20230313_084929-01.jpeg\" alt=\"\" width=\"1366\" height=\"813\" srcset=\"https:\/\/ostrowskatv.pl\/wp-content\/uploads\/2023\/03\/20230313_084929-01.jpeg 1366w, https:\/\/ostrowskatv.pl\/wp-content\/uploads\/2023\/03\/20230313_084929-01-300x179.jpeg 300w, https:\/\/ostrowskatv.pl\/wp-content\/uploads\/2023\/03\/20230313_084929-01-1333x793.jpeg 1333w\" sizes=\"auto, (max-width: 1366px) 100vw, 1366px\" \/> <img loading=\"lazy\" decoding=\"async\" class=\"alignnone size-full wp-image-23626\" src=\"https:\/\/ostrowskatv.pl\/wp-content\/uploads\/2023\/03\/20230313_090211-01.jpeg\" alt=\"\" width=\"1366\" height=\"1025\" srcset=\"https:\/\/ostrowskatv.pl\/wp-content\/uploads\/2023\/03\/20230313_090211-01.jpeg 1366w, https:\/\/ostrowskatv.pl\/wp-content\/uploads\/2023\/03\/20230313_090211-01-300x225.jpeg 300w, https:\/\/ostrowskatv.pl\/wp-content\/uploads\/2023\/03\/20230313_090211-01-1333x1000.jpeg 1333w\" sizes=\"auto, (max-width: 1366px) 100vw, 1366px\" \/> <img loading=\"lazy\" decoding=\"async\" class=\"alignnone size-full wp-image-23624\" src=\"https:\/\/ostrowskatv.pl\/wp-content\/uploads\/2023\/03\/20230313_090336-01.jpeg\" alt=\"\" width=\"1366\" height=\"1025\" srcset=\"https:\/\/ostrowskatv.pl\/wp-content\/uploads\/2023\/03\/20230313_090336-01.jpeg 1366w, https:\/\/ostrowskatv.pl\/wp-content\/uploads\/2023\/03\/20230313_090336-01-300x225.jpeg 300w, https:\/\/ostrowskatv.pl\/wp-content\/uploads\/2023\/03\/20230313_090336-01-1333x1000.jpeg 1333w\" sizes=\"auto, (max-width: 1366px) 100vw, 1366px\" \/><\/p>\n","protected":false},"excerpt":{"rendered":"Oko\u0142o godziny 8:40 na skrzy\u017cowaniu ulic Limanowskiego\/\u017beromskiego\/Szczeci\u0144skiej w Ostrowie Wlkp. dosz\u0142o do kolizji dw\u00f3ch aut osobowych. M\u0119\u017cczyzna kieruj\u0105c volkswagenem polo wyje\u017cd\u017ca\u0142 z ulicy \n<a class=\"moretag\" href=\"https:\/\/ostrowskatv.pl\/?p=23629\"> [...]<\/a>","protected":false},"author":1,"featured_media":23626,"comment_status":"open","ping_status":"closed","sticky":false,"template":"","format":"standard","meta":{"footnotes":""},"categories":[1],"tags":[2],"class_list":["post-23629","post","type-post","status-publish","format-standard","has-post-thumbnail","hentry","category-news","tag-ostrow-wielkopolski"],"_links":{"self":[{"href":"https:\/\/ostrowskatv.pl\/index.php?rest_route=\/wp\/v2\/posts\/23629","targetHints":{"allow":["GET"]}}],"collection":[{"href":"https:\/\/ostrowskatv.pl\/index.php?rest_route=\/wp\/v2\/posts"}],"about":[{"href":"https:\/\/ostrowskatv.pl\/index.php?rest_route=\/wp\/v2\/types\/post"}],"author":[{"embeddable":true,"href":"https:\/\/ostrowskatv.pl\/index.php?rest_route=\/wp\/v2\/users\/1"}],"replies":[{"embeddable":true,"href":"https:\/\/ostrowskatv.pl\/index.php?rest_route=%2Fwp%2Fv2%2Fcomments&post=23629"}],"version-history":[{"count":0,"href":"https:\/\/ostrowskatv.pl\/index.php?rest_route=\/wp\/v2\/posts\/23629\/revisions"}],"wp:featuredmedia":[{"embeddable":true,"href":"https:\/\/ostrowskatv.pl\/index.php?rest_route=\/wp\/v2\/media\/23626"}],"wp:attachment":[{"href":"https:\/\/ostrowskatv.pl\/index.php?rest_route=%2Fwp%2Fv2%2Fmedia&parent=23629"}],"wp:term":[{"taxonomy":"category","embeddable":true,"href":"https:\/\/ostrowskatv.pl\/index.php?rest_route=%2Fwp%2Fv2%2Fcategories&post=23629"},{"taxonomy":"post_tag","embeddable":true,"href":"https:\/\/ostrowskatv.pl\/index.php?rest_route=%2Fwp%2Fv2%2Ftags&post=23629"}],"curies":[{"name":"wp","href":"https:\/\/api.w.org\/{rel}","templated":true}]}}