{"id":23617,"date":"2023-03-12T09:20:57","date_gmt":"2023-03-12T08:20:57","guid":{"rendered":"https:\/\/ostrowskatv.pl\/?p=23617"},"modified":"2023-03-12T09:20:57","modified_gmt":"2023-03-12T08:20:57","slug":"84-latka-przeszla-sama-siebie-ale-prawa-jazdy-nie-stracila","status":"publish","type":"post","link":"https:\/\/ostrowskatv.pl\/?p=23617","title":{"rendered":"84-latka przesz\u0142a sam\u0105 siebie, ale prawa jazdy nie straci\u0142a"},"content":{"rendered":"<p><strong>W sobotni wiecz\u00f3r na skrzy\u017cowaniu ulic Raszkowskiej i alei S\u0142owackiego w Ostrowie Wlkp. dosz\u0142o do zderzenia dw\u00f3ch aut osobowych. Szczeg\u00f3\u0142y wprawiaj\u0105 w os\u0142upienie.<\/strong><\/p>\n<p>84-letnia kobieta jecha\u0142a czerwon\u0105 toyot\u0105 yaris od strony wiaduktu krotoszy\u0144skiego w stron\u0119 centrum miasta. Dzi\u0119ki nagraniu z kamerki wiadomo, \u017ce seniorka wjecha\u0142a na skrzy\u017cowanie 9 (DZIEWI\u0118\u0106) sekund po zapaleniu si\u0119 czerwonego \u015bwiat\u0142a.<\/p>\n<p>W tym czasie od alei S\u0142owackiego rusza\u0142 peugeot, kt\u00f3rym kierowa\u0142a m\u0142oda kobieta, a pasa\u017cerk\u0105 by\u0142a jej matka. Auta zderzy\u0142y si\u0119 na \u015brodku skrzy\u017cowania.<\/p>\n<p>Bezpo\u015brednio po zdarzeniu seniorka wysz\u0142a z auta i zacz\u0119\u0142a krzycze\u0107 na m\u0142od\u0105 kobiet\u0119 z peugeota dlaczego wjecha\u0142a na czerwonym \u015bwietle. 84-latka pr\u00f3bowa\u0142a wm\u00f3wi\u0107 poszkodowanej win\u0119 za spowodowanie kolizji. Ale to nie by\u0142 koniec historii.<\/p>\n<p>Szcz\u0119\u015bliwie dla kobiet z peugeota bezpo\u015brednio po zdarzeniu zatrzyma\u0142a si\u0119 \u015bwiadek &#8211; adwokatka &#8211; kt\u00f3ra zostawi\u0142a wizyt\u00f3wk\u0119 i zapewni\u0142a, \u017ce jest w stanie po\u015bwiadczy\u0107 przebieg zdarzenia. Ponadto udost\u0119pniono poszkodowanym nagranie, z kt\u00f3rego jasno wynika\u0142o co si\u0119 wydarzy\u0142o.<\/p>\n<p>Seniorka po przyje\u017adzie policji spu\u015bci\u0142a z tonu. Z nagraniem trudno dyskutowa\u0107 &#8211; tu te\u017c warto przypomnie\u0107 o zakupie kamerki cho\u0107by za 150-200 z\u0142. W przeciwnym razie czeka was co najmniej p\u00f3\u0142roczna batalia w s\u0105dzie z nieznanym wynikiem.<\/p>\n<p>84-letnia kobieta zosta\u0142a poinformowana przez policjanta, \u017ce nie mo\u017ce dalej porusza\u0107 si\u0119 tym rozbitym autem. Seniorka zacz\u0119\u0142a m\u00f3wi\u0107, \u017ce auto jest sprawne, bo silnik si\u0119 uruchamia i mo\u017ce kr\u0119ci\u0107 ko\u0142ami. Obmy\u015bli\u0142a ju\u017c nawet plan dotarcia na koniec Ostrowa gdzie mieszka. Po chwili sprawdza\u0142a czy radiow\u00f3z z policjantami ju\u017c odjecha\u0142.<\/p>\n<p>Na szcz\u0119\u015bcie na miejsce przyby\u0142 cz\u0142onek rodziny, kt\u00f3ry wybi\u0142 jej pomys\u0142 z g\u0142owy. Auto trafi\u0142o na lawet\u0119.  Mo\u017ce niepokoi\u0107 fakt, \u017ce kobieta nie utraci\u0142a uprawnie\u0144 do kierowania pojazdami, a policjanci maj\u0105 takie prawo za &#8222;stworzenie zagro\u017cenia w ruchu l\u0105dowym&#8221;. Najcz\u0119\u015bciej w ostrowskiej policji za takowe uznaje si\u0119 spowodowanie kolizji w wyniku wjechania na czerwonym \u015bwietle. Ten przypadek trudno nawet t\u0142umaczy\u0107 &#8222;zielon\u0105 strza\u0142k\u0105&#8221;, bo takowej nie by\u0142o.<\/p>\n<p>Nie trzeba chyba nikogo przekonywa\u0107 jakim zagro\u017ceniem mo\u017ce by\u0107 kierowca w s\u0119dziwym wieku, kt\u00f3rego motoryka mocno odbiega od tej z m\u0142odzie\u0144czych lat. Miejmy nadziej\u0119, \u017ce najbli\u017csi zadbaj\u0105 o wykluczenie kobiety z mo\u017cliwo\u015bci prowadzenia pojazd\u00f3w.<\/p>\n<p>Teoretycznie za spowodowanie kolizji po wjechaniu na czerwonym \u015bwietle powinna otrzyma\u0107 co najmniej 2 500 z\u0142 i 15 punkt\u00f3w karnych.<\/p>\n<p><img loading=\"lazy\" decoding=\"async\" src=\"https:\/\/ostrowskatv.pl\/wp-content\/uploads\/2023\/03\/20230311_183840-01.jpeg\" alt=\"\" width=\"1366\" height=\"1025\" class=\"alignnone size-full wp-image-23620\" srcset=\"https:\/\/ostrowskatv.pl\/wp-content\/uploads\/2023\/03\/20230311_183840-01.jpeg 1366w, https:\/\/ostrowskatv.pl\/wp-content\/uploads\/2023\/03\/20230311_183840-01-300x225.jpeg 300w, https:\/\/ostrowskatv.pl\/wp-content\/uploads\/2023\/03\/20230311_183840-01-1333x1000.jpeg 1333w\" sizes=\"auto, (max-width: 1366px) 100vw, 1366px\" \/><\/p>\n<p><img loading=\"lazy\" decoding=\"async\" src=\"https:\/\/ostrowskatv.pl\/wp-content\/uploads\/2023\/03\/20230311_183829-01.jpeg\" alt=\"\" width=\"1366\" height=\"963\" class=\"alignnone size-full wp-image-23621\" srcset=\"https:\/\/ostrowskatv.pl\/wp-content\/uploads\/2023\/03\/20230311_183829-01.jpeg 1366w, https:\/\/ostrowskatv.pl\/wp-content\/uploads\/2023\/03\/20230311_183829-01-300x211.jpeg 300w, https:\/\/ostrowskatv.pl\/wp-content\/uploads\/2023\/03\/20230311_183829-01-1333x940.jpeg 1333w, https:\/\/ostrowskatv.pl\/wp-content\/uploads\/2023\/03\/20230311_183829-01-120x85.jpeg 120w\" sizes=\"auto, (max-width: 1366px) 100vw, 1366px\" \/><\/p>\n","protected":false},"excerpt":{"rendered":"W sobotni wiecz\u00f3r na skrzy\u017cowaniu ulic Raszkowskiej i alei S\u0142owackiego w Ostrowie Wlkp. dosz\u0142o do zderzenia dw\u00f3ch aut osobowych. Szczeg\u00f3\u0142y wprawiaj\u0105 w os\u0142upienie. \n<a class=\"moretag\" href=\"https:\/\/ostrowskatv.pl\/?p=23617\"> [...]<\/a>","protected":false},"author":1,"featured_media":23619,"comment_status":"open","ping_status":"closed","sticky":false,"template":"","format":"standard","meta":{"footnotes":""},"categories":[1],"tags":[2],"class_list":["post-23617","post","type-post","status-publish","format-standard","has-post-thumbnail","hentry","category-news","tag-ostrow-wielkopolski"],"_links":{"self":[{"href":"https:\/\/ostrowskatv.pl\/index.php?rest_route=\/wp\/v2\/posts\/23617","targetHints":{"allow":["GET"]}}],"collection":[{"href":"https:\/\/ostrowskatv.pl\/index.php?rest_route=\/wp\/v2\/posts"}],"about":[{"href":"https:\/\/ostrowskatv.pl\/index.php?rest_route=\/wp\/v2\/types\/post"}],"author":[{"embeddable":true,"href":"https:\/\/ostrowskatv.pl\/index.php?rest_route=\/wp\/v2\/users\/1"}],"replies":[{"embeddable":true,"href":"https:\/\/ostrowskatv.pl\/index.php?rest_route=%2Fwp%2Fv2%2Fcomments&post=23617"}],"version-history":[{"count":0,"href":"https:\/\/ostrowskatv.pl\/index.php?rest_route=\/wp\/v2\/posts\/23617\/revisions"}],"wp:featuredmedia":[{"embeddable":true,"href":"https:\/\/ostrowskatv.pl\/index.php?rest_route=\/wp\/v2\/media\/23619"}],"wp:attachment":[{"href":"https:\/\/ostrowskatv.pl\/index.php?rest_route=%2Fwp%2Fv2%2Fmedia&parent=23617"}],"wp:term":[{"taxonomy":"category","embeddable":true,"href":"https:\/\/ostrowskatv.pl\/index.php?rest_route=%2Fwp%2Fv2%2Fcategories&post=23617"},{"taxonomy":"post_tag","embeddable":true,"href":"https:\/\/ostrowskatv.pl\/index.php?rest_route=%2Fwp%2Fv2%2Ftags&post=23617"}],"curies":[{"name":"wp","href":"https:\/\/api.w.org\/{rel}","templated":true}]}}