{"id":23611,"date":"2023-03-11T11:54:53","date_gmt":"2023-03-11T10:54:53","guid":{"rendered":"https:\/\/ostrowskatv.pl\/?p=23611"},"modified":"2023-03-11T11:54:53","modified_gmt":"2023-03-11T10:54:53","slug":"poscig-za-fiatem-policjanci-dali-rade","status":"publish","type":"post","link":"https:\/\/ostrowskatv.pl\/?p=23611","title":{"rendered":"Po\u015bcig za fiatem. Policjanci dali rad\u0119"},"content":{"rendered":"<p><strong>Sukcesem zako\u0144czy\u0142 si\u0119 nied\u0142ugi po\u015bcig za fiatem stilo na ulicach Ostrowa Wielkopolskiego. Policjanci pr\u00f3bowali zatrzyma\u0107 do kontroli na ulicy Wysockiej samoch\u00f3d.<\/strong><\/p>\n<p>Jego kierowca zignorowa\u0142 wyra\u017ane sygna\u0142y \u015bwietlno-d\u017awi\u0119kowe. Pod\u0105\u017ca\u0142 dalej w stron\u0119 Wysocka. Po wjechaniu na ulic\u0119 Kamienn\u0105, a przed dojechaniem do skrzy\u017cowania z ulic\u0105 Sadow\u0105 samoch\u00f3d zosta\u0142 zatrzymany.<\/p>\n<p>Okaza\u0142o si\u0119, \u017ce 46-letni ostrowianin posiada\u0142 aktywny zakaz kierowania pojazdami. Uciekaj\u0105c przed policj\u0105 pope\u0142nia si\u0119 przest\u0119pstwo. Mo\u017ce si\u0119 zdarzy\u0107, \u017ce m\u0119\u017cczyzna mo\u017ce gorzko po\u017ca\u0142owa\u0107 nieprzestrzegania prawa.<\/p>\n<p><img loading=\"lazy\" decoding=\"async\" src=\"https:\/\/ostrowskatv.pl\/wp-content\/uploads\/2023\/03\/Poscig3.jpeg\" alt=\"\" width=\"1270\" height=\"713\" class=\"alignnone size-full wp-image-23612\" srcset=\"https:\/\/ostrowskatv.pl\/wp-content\/uploads\/2023\/03\/Poscig3.jpeg 1270w, https:\/\/ostrowskatv.pl\/wp-content\/uploads\/2023\/03\/Poscig3-300x168.jpeg 300w\" sizes=\"auto, (max-width: 1270px) 100vw, 1270px\" \/><\/p>\n<p><img loading=\"lazy\" decoding=\"async\" src=\"https:\/\/ostrowskatv.pl\/wp-content\/uploads\/2023\/03\/Poscig.jpeg\" alt=\"\" width=\"1366\" height=\"618\" class=\"alignnone size-full wp-image-23613\" srcset=\"https:\/\/ostrowskatv.pl\/wp-content\/uploads\/2023\/03\/Poscig.jpeg 1366w, https:\/\/ostrowskatv.pl\/wp-content\/uploads\/2023\/03\/Poscig-300x136.jpeg 300w, https:\/\/ostrowskatv.pl\/wp-content\/uploads\/2023\/03\/Poscig-1333x603.jpeg 1333w\" sizes=\"auto, (max-width: 1366px) 100vw, 1366px\" \/><\/p>\n<p><img loading=\"lazy\" decoding=\"async\" src=\"https:\/\/ostrowskatv.pl\/wp-content\/uploads\/2023\/03\/Poscig2.jpeg\" alt=\"\" width=\"1156\" height=\"692\" class=\"alignnone size-full wp-image-23614\" srcset=\"https:\/\/ostrowskatv.pl\/wp-content\/uploads\/2023\/03\/Poscig2.jpeg 1156w, https:\/\/ostrowskatv.pl\/wp-content\/uploads\/2023\/03\/Poscig2-300x180.jpeg 300w\" sizes=\"auto, (max-width: 1156px) 100vw, 1156px\" \/><\/p>\n","protected":false},"excerpt":{"rendered":"Sukcesem zako\u0144czy\u0142 si\u0119 nied\u0142ugi po\u015bcig za fiatem stilo na ulicach Ostrowa Wielkopolskiego. Policjanci pr\u00f3bowali zatrzyma\u0107 do kontroli na ulicy Wysockiej samoch\u00f3d. Jego kierowca \n<a class=\"moretag\" href=\"https:\/\/ostrowskatv.pl\/?p=23611\"> [...]<\/a>","protected":false},"author":1,"featured_media":23612,"comment_status":"open","ping_status":"closed","sticky":false,"template":"","format":"standard","meta":{"footnotes":""},"categories":[1],"tags":[2],"class_list":["post-23611","post","type-post","status-publish","format-standard","has-post-thumbnail","hentry","category-news","tag-ostrow-wielkopolski"],"_links":{"self":[{"href":"https:\/\/ostrowskatv.pl\/index.php?rest_route=\/wp\/v2\/posts\/23611","targetHints":{"allow":["GET"]}}],"collection":[{"href":"https:\/\/ostrowskatv.pl\/index.php?rest_route=\/wp\/v2\/posts"}],"about":[{"href":"https:\/\/ostrowskatv.pl\/index.php?rest_route=\/wp\/v2\/types\/post"}],"author":[{"embeddable":true,"href":"https:\/\/ostrowskatv.pl\/index.php?rest_route=\/wp\/v2\/users\/1"}],"replies":[{"embeddable":true,"href":"https:\/\/ostrowskatv.pl\/index.php?rest_route=%2Fwp%2Fv2%2Fcomments&post=23611"}],"version-history":[{"count":0,"href":"https:\/\/ostrowskatv.pl\/index.php?rest_route=\/wp\/v2\/posts\/23611\/revisions"}],"wp:featuredmedia":[{"embeddable":true,"href":"https:\/\/ostrowskatv.pl\/index.php?rest_route=\/wp\/v2\/media\/23612"}],"wp:attachment":[{"href":"https:\/\/ostrowskatv.pl\/index.php?rest_route=%2Fwp%2Fv2%2Fmedia&parent=23611"}],"wp:term":[{"taxonomy":"category","embeddable":true,"href":"https:\/\/ostrowskatv.pl\/index.php?rest_route=%2Fwp%2Fv2%2Fcategories&post=23611"},{"taxonomy":"post_tag","embeddable":true,"href":"https:\/\/ostrowskatv.pl\/index.php?rest_route=%2Fwp%2Fv2%2Ftags&post=23611"}],"curies":[{"name":"wp","href":"https:\/\/api.w.org\/{rel}","templated":true}]}}