{"id":2358,"date":"2016-11-13T09:33:39","date_gmt":"2016-11-13T08:33:39","guid":{"rendered":"http:\/\/ostrowska.tv\/?p=2358"},"modified":"2016-11-13T09:43:59","modified_gmt":"2016-11-13T08:43:59","slug":"czekanow-audi-roztrzaskalo-sie-na-drzewie","status":"publish","type":"post","link":"https:\/\/ostrowskatv.pl\/?p=2358","title":{"rendered":"Czekan\u00f3w &#8211; Audi roztrzaska\u0142o si\u0119 na drzewie"},"content":{"rendered":"<p><strong>Dwie zosta\u0142y powa\u017cnie ranne po wypadku samochodu osobowego, do kt\u00f3rego dosz\u0142o w miejscowo\u015bci Czekan\u00f3w. Najprawdopodobniej kierowca nie dostosowa\u0142 pr\u0119dko\u015bci do warunk\u00f3w na drodze.<\/strong><\/p>\n<p>W nocy z soboty na niedziel\u0119 w miejscowo\u015bci Czekan\u00f3w dosz\u0142o do wypadku. Ulica \u015arodkowa, prowadz\u0105ca do Pa\u0142acu Bagatela, ma nier\u00f3wn\u0105 powierzchni\u0119, a w miejscu gdzie dosz\u0142o do zdarzenia, jest dodatkowo kr\u0119ta.<\/p>\n<p>Pomimo panuj\u0105cego na dworze zimna -5 st. Celsjusza, 21-letni kierowca nie dostosowa\u0142 pr\u0119dko\u015bci do warunk\u00f3w panuj\u0105cych na drodze. Najpierw uderzy\u0142 w bram\u0119 przy jednej z posesji wyrywaj\u0105c j\u0105, nast\u0119pnie wyrwa\u0142 wielki kamie\u0144 z ziemi, by roztrzaska\u0107 drewniane ogrodzenie. Kilka metr\u00f3w dalej Audi uderzy\u0142o z impetem w przydro\u017cne drzewo.<\/p>\n<p>21-letni m\u0119\u017cczyzna dozna\u0142 ci\u0119\u017ckiego urazu czaszkowo-m\u00f3zgowego, a 20-latka sko\u0144czy\u0142a ze st\u0142uczeniem g\u0142owy. M\u0142odzi ludzie i tak mog\u0105 m\u00f3wi\u0107 o wielkim szcz\u0119\u015bciu, poniewa\u017c gdyby auto trafi\u0142o w drzewo p\u00f3\u0142 metra obok, w\u00f3wczas w dw\u00f3ch rodzinach panowa\u0142aby \u017ca\u0142oba.<\/p>\n<div id='gallery-1' class='gallery galleryid-2358 gallery-columns-3 gallery-size-thumbnail'><figure class='gallery-item'>\n\t\t\t<div class='gallery-icon landscape'>\n\t\t\t\t<a href='https:\/\/ostrowskatv.pl\/?attachment_id=2360'><img loading=\"lazy\" decoding=\"async\" width=\"150\" height=\"150\" src=\"https:\/\/ostrowskatv.pl\/wp-content\/uploads\/2016\/11\/czekanow-02-150x150.jpg\" class=\"attachment-thumbnail size-thumbnail\" alt=\"\" \/><\/a>\n\t\t\t<\/div><\/figure><figure class='gallery-item'>\n\t\t\t<div class='gallery-icon portrait'>\n\t\t\t\t<a href='https:\/\/ostrowskatv.pl\/?attachment_id=2361'><img loading=\"lazy\" decoding=\"async\" width=\"150\" height=\"150\" src=\"https:\/\/ostrowskatv.pl\/wp-content\/uploads\/2016\/11\/czekanow-03-150x150.jpg\" class=\"attachment-thumbnail size-thumbnail\" alt=\"\" \/><\/a>\n\t\t\t<\/div><\/figure><figure class='gallery-item'>\n\t\t\t<div class='gallery-icon landscape'>\n\t\t\t\t<a href='https:\/\/ostrowskatv.pl\/?attachment_id=2362'><img loading=\"lazy\" decoding=\"async\" width=\"150\" height=\"150\" src=\"https:\/\/ostrowskatv.pl\/wp-content\/uploads\/2016\/11\/czekanow-04-150x150.jpg\" class=\"attachment-thumbnail size-thumbnail\" alt=\"\" \/><\/a>\n\t\t\t<\/div><\/figure><figure class='gallery-item'>\n\t\t\t<div class='gallery-icon landscape'>\n\t\t\t\t<a href='https:\/\/ostrowskatv.pl\/?attachment_id=2363'><img loading=\"lazy\" decoding=\"async\" width=\"150\" height=\"150\" src=\"https:\/\/ostrowskatv.pl\/wp-content\/uploads\/2016\/11\/czekanow-05-150x150.jpg\" class=\"attachment-thumbnail size-thumbnail\" alt=\"\" \/><\/a>\n\t\t\t<\/div><\/figure><figure class='gallery-item'>\n\t\t\t<div class='gallery-icon landscape'>\n\t\t\t\t<a href='https:\/\/ostrowskatv.pl\/?attachment_id=2364'><img loading=\"lazy\" decoding=\"async\" width=\"150\" height=\"150\" src=\"https:\/\/ostrowskatv.pl\/wp-content\/uploads\/2016\/11\/czekanow-06-150x150.jpg\" class=\"attachment-thumbnail size-thumbnail\" alt=\"\" \/><\/a>\n\t\t\t<\/div><\/figure><figure class='gallery-item'>\n\t\t\t<div class='gallery-icon landscape'>\n\t\t\t\t<a href='https:\/\/ostrowskatv.pl\/?attachment_id=2365'><img loading=\"lazy\" decoding=\"async\" width=\"150\" height=\"150\" src=\"https:\/\/ostrowskatv.pl\/wp-content\/uploads\/2016\/11\/czekanow-07-150x150.jpg\" class=\"attachment-thumbnail size-thumbnail\" alt=\"\" \/><\/a>\n\t\t\t<\/div><\/figure><figure class='gallery-item'>\n\t\t\t<div class='gallery-icon landscape'>\n\t\t\t\t<a href='https:\/\/ostrowskatv.pl\/?attachment_id=2359'><img loading=\"lazy\" decoding=\"async\" width=\"150\" height=\"150\" src=\"https:\/\/ostrowskatv.pl\/wp-content\/uploads\/2016\/11\/czekanow-01-150x150.jpg\" class=\"attachment-thumbnail size-thumbnail\" alt=\"\" \/><\/a>\n\t\t\t<\/div><\/figure>\n\t\t<\/div>\n\n","protected":false},"excerpt":{"rendered":"Dwie zosta\u0142y powa\u017cnie ranne po wypadku samochodu osobowego, do kt\u00f3rego dosz\u0142o w miejscowo\u015bci Czekan\u00f3w. Najprawdopodobniej kierowca nie dostosowa\u0142 pr\u0119dko\u015bci do warunk\u00f3w na drodze. \n<a class=\"moretag\" href=\"https:\/\/ostrowskatv.pl\/?p=2358\"> [...]<\/a>","protected":false},"author":1,"featured_media":2359,"comment_status":"open","ping_status":"open","sticky":false,"template":"","format":"standard","meta":{"footnotes":""},"categories":[1],"tags":[98],"class_list":["post-2358","post","type-post","status-publish","format-standard","has-post-thumbnail","hentry","category-news","tag-czekanow"],"_links":{"self":[{"href":"https:\/\/ostrowskatv.pl\/index.php?rest_route=\/wp\/v2\/posts\/2358","targetHints":{"allow":["GET"]}}],"collection":[{"href":"https:\/\/ostrowskatv.pl\/index.php?rest_route=\/wp\/v2\/posts"}],"about":[{"href":"https:\/\/ostrowskatv.pl\/index.php?rest_route=\/wp\/v2\/types\/post"}],"author":[{"embeddable":true,"href":"https:\/\/ostrowskatv.pl\/index.php?rest_route=\/wp\/v2\/users\/1"}],"replies":[{"embeddable":true,"href":"https:\/\/ostrowskatv.pl\/index.php?rest_route=%2Fwp%2Fv2%2Fcomments&post=2358"}],"version-history":[{"count":0,"href":"https:\/\/ostrowskatv.pl\/index.php?rest_route=\/wp\/v2\/posts\/2358\/revisions"}],"wp:featuredmedia":[{"embeddable":true,"href":"https:\/\/ostrowskatv.pl\/index.php?rest_route=\/wp\/v2\/media\/2359"}],"wp:attachment":[{"href":"https:\/\/ostrowskatv.pl\/index.php?rest_route=%2Fwp%2Fv2%2Fmedia&parent=2358"}],"wp:term":[{"taxonomy":"category","embeddable":true,"href":"https:\/\/ostrowskatv.pl\/index.php?rest_route=%2Fwp%2Fv2%2Fcategories&post=2358"},{"taxonomy":"post_tag","embeddable":true,"href":"https:\/\/ostrowskatv.pl\/index.php?rest_route=%2Fwp%2Fv2%2Ftags&post=2358"}],"curies":[{"name":"wp","href":"https:\/\/api.w.org\/{rel}","templated":true}]}}