{"id":2352,"date":"2016-11-07T22:24:46","date_gmt":"2016-11-07T21:24:46","guid":{"rendered":"http:\/\/ostrowska.tv\/?p=2352"},"modified":"2016-11-07T22:24:46","modified_gmt":"2016-11-07T21:24:46","slug":"wypadek-krotoszynskawybickiego","status":"publish","type":"post","link":"https:\/\/ostrowskatv.pl\/?p=2352","title":{"rendered":"Wypadek Krotoszy\u0144ska\/Wybickiego"},"content":{"rendered":"<p><strong>W poniedzia\u0142ek tu\u017c po godzinie 21:00 dosz\u0142o do wypadku na skrzy\u017cowaniu ulic Krotoszy\u0144ska\/Wybickiego w Ostrowie Wlkp. W zdarzeniu bra\u0142y udzia\u0142 dwa samochody, osobowy Opel Vectra (czerwony) i bus Renault Trafic (bia\u0142y). Jedna osoba zosta\u0142a poszkodowana.<\/strong><\/p>\n<p>Ze wst\u0119pnych ustale\u0144 wynika, \u017ce kobieta z powiatu krotoszy\u0144skiego kieruj\u0105c Oplem nie ust\u0105pi\u0142a pierwsze\u0144stwa i zderzy\u0142a si\u0119 z prawid\u0142owo jad\u0105cym busem. Poszkodowany zosta\u0142 pasa\u017cer z Renault, kt\u00f3ry pomimo jechania w zapi\u0119tych pasach, ucierpia\u0142 po uderzeniu w bok.<\/p>\n<p>Na miejsce wezwano pogotowie ratunkowe.<\/p>\n<div id='gallery-1' class='gallery galleryid-2352 gallery-columns-3 gallery-size-thumbnail'><figure class='gallery-item'>\n\t\t\t<div class='gallery-icon landscape'>\n\t\t\t\t<a href='https:\/\/ostrowskatv.pl\/?attachment_id=2356'><img loading=\"lazy\" decoding=\"async\" width=\"150\" height=\"150\" src=\"https:\/\/ostrowskatv.pl\/wp-content\/uploads\/2016\/11\/kroto-vectra-04-150x150.jpg\" class=\"attachment-thumbnail size-thumbnail\" alt=\"\" \/><\/a>\n\t\t\t<\/div><\/figure><figure class='gallery-item'>\n\t\t\t<div class='gallery-icon landscape'>\n\t\t\t\t<a href='https:\/\/ostrowskatv.pl\/?attachment_id=2355'><img loading=\"lazy\" decoding=\"async\" width=\"150\" height=\"150\" src=\"https:\/\/ostrowskatv.pl\/wp-content\/uploads\/2016\/11\/kroto-vectra-03-150x150.jpg\" class=\"attachment-thumbnail size-thumbnail\" alt=\"\" \/><\/a>\n\t\t\t<\/div><\/figure><figure class='gallery-item'>\n\t\t\t<div class='gallery-icon landscape'>\n\t\t\t\t<a href='https:\/\/ostrowskatv.pl\/?attachment_id=2354'><img loading=\"lazy\" decoding=\"async\" width=\"150\" height=\"150\" src=\"https:\/\/ostrowskatv.pl\/wp-content\/uploads\/2016\/11\/kroto-vectra-02-150x150.jpg\" class=\"attachment-thumbnail size-thumbnail\" alt=\"\" \/><\/a>\n\t\t\t<\/div><\/figure><figure class='gallery-item'>\n\t\t\t<div class='gallery-icon landscape'>\n\t\t\t\t<a href='https:\/\/ostrowskatv.pl\/?attachment_id=2353'><img loading=\"lazy\" decoding=\"async\" width=\"150\" height=\"150\" src=\"https:\/\/ostrowskatv.pl\/wp-content\/uploads\/2016\/11\/krotosz-vectra-01-150x150.jpg\" class=\"attachment-thumbnail size-thumbnail\" alt=\"\" \/><\/a>\n\t\t\t<\/div><\/figure>\n\t\t<\/div>\n\n","protected":false},"excerpt":{"rendered":"W poniedzia\u0142ek tu\u017c po godzinie 21:00 dosz\u0142o do wypadku na skrzy\u017cowaniu ulic Krotoszy\u0144ska\/Wybickiego w Ostrowie Wlkp. W zdarzeniu bra\u0142y udzia\u0142 dwa samochody, osobowy \n<a class=\"moretag\" href=\"https:\/\/ostrowskatv.pl\/?p=2352\"> [...]<\/a>","protected":false},"author":1,"featured_media":2354,"comment_status":"open","ping_status":"open","sticky":false,"template":"","format":"standard","meta":{"footnotes":""},"categories":[1],"tags":[2],"class_list":["post-2352","post","type-post","status-publish","format-standard","has-post-thumbnail","hentry","category-news","tag-ostrow-wielkopolski"],"_links":{"self":[{"href":"https:\/\/ostrowskatv.pl\/index.php?rest_route=\/wp\/v2\/posts\/2352","targetHints":{"allow":["GET"]}}],"collection":[{"href":"https:\/\/ostrowskatv.pl\/index.php?rest_route=\/wp\/v2\/posts"}],"about":[{"href":"https:\/\/ostrowskatv.pl\/index.php?rest_route=\/wp\/v2\/types\/post"}],"author":[{"embeddable":true,"href":"https:\/\/ostrowskatv.pl\/index.php?rest_route=\/wp\/v2\/users\/1"}],"replies":[{"embeddable":true,"href":"https:\/\/ostrowskatv.pl\/index.php?rest_route=%2Fwp%2Fv2%2Fcomments&post=2352"}],"version-history":[{"count":0,"href":"https:\/\/ostrowskatv.pl\/index.php?rest_route=\/wp\/v2\/posts\/2352\/revisions"}],"wp:featuredmedia":[{"embeddable":true,"href":"https:\/\/ostrowskatv.pl\/index.php?rest_route=\/wp\/v2\/media\/2354"}],"wp:attachment":[{"href":"https:\/\/ostrowskatv.pl\/index.php?rest_route=%2Fwp%2Fv2%2Fmedia&parent=2352"}],"wp:term":[{"taxonomy":"category","embeddable":true,"href":"https:\/\/ostrowskatv.pl\/index.php?rest_route=%2Fwp%2Fv2%2Fcategories&post=2352"},{"taxonomy":"post_tag","embeddable":true,"href":"https:\/\/ostrowskatv.pl\/index.php?rest_route=%2Fwp%2Fv2%2Ftags&post=2352"}],"curies":[{"name":"wp","href":"https:\/\/api.w.org\/{rel}","templated":true}]}}