{"id":23517,"date":"2023-03-07T09:06:56","date_gmt":"2023-03-07T08:06:56","guid":{"rendered":"https:\/\/ostrowskatv.pl\/?p=23517"},"modified":"2023-03-07T09:06:56","modified_gmt":"2023-03-07T08:06:56","slug":"mial-wykorzystac-seksualnie-7-miesieczne-dziecko","status":"publish","type":"post","link":"https:\/\/ostrowskatv.pl\/?p=23517","title":{"rendered":"Mia\u0142 wykorzysta\u0107 seksualnie 7-miesi\u0119czne dziecko"},"content":{"rendered":"<p><strong>Prokuratura rejonowa w Pleszewie prowadzi \u015bledztwo w sprawie dopuszczenia si\u0119 przest\u0119pstwa o charakterze seksualnym na szkod\u0119 7-miesi\u0119cznego dziecka. M\u0119\u017cczyzn\u0119 przes\u0142uchano w charakterze podejrzano, ale nie przyzna\u0142 si\u0119 do postawionego mu zarzutu.<\/strong><\/p>\n<p>Z uwagi na dobro prowadzonego \u015bledztwa i gro\u017c\u0105c\u0105 kar\u0119 nie ni\u017csz\u0105 ni\u017c 3 lata pozbawienia wolno\u015bci prokurator skierowa\u0142 do s\u0105du w Pleszewie wniosek o zastosowanie tymczasowego aresztowania. S\u0105d przychyli\u0142 si\u0119 i zas\u0105dzi\u0142 na ten moment 3-miesi\u0119czny okres aresztowania.<\/p>\n<p>Z uwagi na charakter sprawy i dobro dziecka prokuratura nie udziela bli\u017cszych informacji.<\/p>\n","protected":false},"excerpt":{"rendered":"Prokuratura rejonowa w Pleszewie prowadzi \u015bledztwo w sprawie dopuszczenia si\u0119 przest\u0119pstwa o charakterze seksualnym na szkod\u0119 7-miesi\u0119cznego dziecka. M\u0119\u017cczyzn\u0119 przes\u0142uchano w charakterze podejrzano, \n<a class=\"moretag\" href=\"https:\/\/ostrowskatv.pl\/?p=23517\"> [...]<\/a>","protected":false},"author":1,"featured_media":18202,"comment_status":"open","ping_status":"closed","sticky":false,"template":"","format":"standard","meta":{"footnotes":""},"categories":[1],"tags":[33],"class_list":["post-23517","post","type-post","status-publish","format-standard","has-post-thumbnail","hentry","category-news","tag-prokuratura"],"_links":{"self":[{"href":"https:\/\/ostrowskatv.pl\/index.php?rest_route=\/wp\/v2\/posts\/23517","targetHints":{"allow":["GET"]}}],"collection":[{"href":"https:\/\/ostrowskatv.pl\/index.php?rest_route=\/wp\/v2\/posts"}],"about":[{"href":"https:\/\/ostrowskatv.pl\/index.php?rest_route=\/wp\/v2\/types\/post"}],"author":[{"embeddable":true,"href":"https:\/\/ostrowskatv.pl\/index.php?rest_route=\/wp\/v2\/users\/1"}],"replies":[{"embeddable":true,"href":"https:\/\/ostrowskatv.pl\/index.php?rest_route=%2Fwp%2Fv2%2Fcomments&post=23517"}],"version-history":[{"count":0,"href":"https:\/\/ostrowskatv.pl\/index.php?rest_route=\/wp\/v2\/posts\/23517\/revisions"}],"wp:featuredmedia":[{"embeddable":true,"href":"https:\/\/ostrowskatv.pl\/index.php?rest_route=\/wp\/v2\/media\/18202"}],"wp:attachment":[{"href":"https:\/\/ostrowskatv.pl\/index.php?rest_route=%2Fwp%2Fv2%2Fmedia&parent=23517"}],"wp:term":[{"taxonomy":"category","embeddable":true,"href":"https:\/\/ostrowskatv.pl\/index.php?rest_route=%2Fwp%2Fv2%2Fcategories&post=23517"},{"taxonomy":"post_tag","embeddable":true,"href":"https:\/\/ostrowskatv.pl\/index.php?rest_route=%2Fwp%2Fv2%2Ftags&post=23517"}],"curies":[{"name":"wp","href":"https:\/\/api.w.org\/{rel}","templated":true}]}}