{"id":2348,"date":"2016-11-04T20:30:14","date_gmt":"2016-11-04T19:30:14","guid":{"rendered":"http:\/\/ostrowska.tv\/?p=2348"},"modified":"2016-11-04T20:31:16","modified_gmt":"2016-11-04T19:31:16","slug":"masowe-zatrucie-uczniow-gimnazjum","status":"publish","type":"post","link":"https:\/\/ostrowskatv.pl\/?p=2348","title":{"rendered":"Masowe zatrucie uczni\u00f3w gimnazjum"},"content":{"rendered":"<p><strong>W miniony czwartek, grupa uczni\u00f3w z czterech klas wraz z rodzicami i nauczycielami zorganizowali sobie party przy s\u0142odkich tortach. Wszystko to z okazji \u015blubowania uczni\u00f3w klas pierwszych.<\/strong><\/p>\n<p>Na stronie Gimnazjum nr 1 w Ostrowie Wlkp. (ul. Wroc\u0142awska) mo\u017cemy wyczyta\u0107, \u017ce to &#8222;rodzice zaprosili na s\u0142odki pocz\u0119stunek i naprawd\u0119 ciep\u0142e spotkanie, podczas kt\u00f3rego wszyscy czuli, \u017ce zatrzymali si\u0119 na chwil\u0119 w tej jesiennej zadumie&#8230;&#8221;. Gorzej by\u0142o gdy po trzech dniach pojawi\u0142y si\u0119 objawy u uczni\u00f3w.<\/p>\n<p>Okaza\u0142o si\u0119, \u017ce torty i pieczywo pochodzi\u0142y z w\u0142asnych wypiek\u00f3w, przez osob\u0119 nie posiadaj\u0105c\u0105 \u017cadnych zezwole\u0144 do dzia\u0142ania z artyku\u0142ami spo\u017cywczymi. Tym samym nie zosta\u0142y one kupione w sklepie czy ciastkarniach.<\/p>\n<p>Jak ustali\u0142 ostrowski Sanepid, osoby odpowiedzialne za organizacj\u0119 tej imprezy, prywatnie zakupi\u0142y s\u0142odko\u015bci od osoby prywatnej.<br \/>\nOstatecznie w niedziel\u0119 z objawami zatrucia trafi\u0142o kilkana\u015bcie os\u00f3b, z czego 3 musiano podleczy\u0107 przez tydzie\u0144. Mo\u017cna m\u00f3wi\u0107 o du\u017cym szcz\u0119\u015bciu, poniewa\u017c w sumie na imprezie przebywa\u0142o 200 os\u00f3b.<\/p>\n<p>Nad czym ubolewa ostrowski Sanepid, nie zachowa\u0142y si\u0119 \u017cadne pr\u00f3bki jedzenia, kt\u00f3re pozwoli\u0142yby jednoznacznie stwierdzi\u0107 \u017ar\u00f3d\u0142o zatrucia. Jednak\u017ce przeprowadzono rozmowy z uczestnikami pocz\u0119stunku. Wynika\u0142o z nich jednoznacznie, \u017ce zatrucie spowodowa\u0142y serwowane tego wieczoru torty. Wytwarza\u0142a je we w\u0142asnym domu, kt\u00f3re nie by\u0142o przygotowane do tego typu produkcji.<\/p>\n<p>Zbadano r\u00f3wnie\u017c ka\u0142 zatrutych os\u00f3b i stwierdzono wyst\u0119powanie u nich bakterii Salmonelli S. enteritidis. S\u0105 to bakterie, kt\u00f3re wywo\u0142uj\u0105 zapalenie jelita cienkiego oraz grubego. W Polsce stanowi\u0105 one g\u0142\u00f3wn\u0105 przyczyn\u0119 bakteryjnych zatru\u0107 pokarmowych. Zmiany chorobowe dotycz\u0105 najcz\u0119\u015bciej przewodu pokarmowego, jednak\u017ce mo\u017cliwe jest r\u00f3wnie\u017c uog\u00f3lnienie procesu chorobowego. Mowa w\u00f3wczas o tak zwanej posocznicy, znanej tak\u017ce jako sepsa, zaka\u017ceniu narz\u0105d\u00f3w wewn\u0119trznych, b\u0105d\u017a staw\u00f3w.<\/p>\n<p>Kobieta, jak sama przyzna\u0142a, wykonuje torty &#8222;okoliczno\u015bciowo&#8221;. Sanepid przeprowadza post\u0119powanie administracyjne, kt\u00f3re w najlepszym wypadku zako\u0144czy si\u0119 kar\u0105 finansow\u0105. Jednak\u017ce dyrektor Sanepidu rozwa\u017ca skierowanie sprawy do prokuratury.<\/p>\n<p>Zastanawiaj\u0105ce jest, \u017ce dyrekcja szko\u0142y dopu\u015bci\u0142a serwowanie potraw na terenie szko\u0142y z nielegalnych \u017ar\u00f3de\u0142. Sprawie b\u0119dziemy si\u0119 przygl\u0105da\u0107.<\/p>\n","protected":false},"excerpt":{"rendered":"W miniony czwartek, grupa uczni\u00f3w z czterech klas wraz z rodzicami i nauczycielami zorganizowali sobie party przy s\u0142odkich tortach. Wszystko to z okazji \n<a class=\"moretag\" href=\"https:\/\/ostrowskatv.pl\/?p=2348\"> [...]<\/a>","protected":false},"author":1,"featured_media":2349,"comment_status":"open","ping_status":"open","sticky":false,"template":"","format":"standard","meta":{"footnotes":""},"categories":[1],"tags":[2],"class_list":["post-2348","post","type-post","status-publish","format-standard","has-post-thumbnail","hentry","category-news","tag-ostrow-wielkopolski"],"_links":{"self":[{"href":"https:\/\/ostrowskatv.pl\/index.php?rest_route=\/wp\/v2\/posts\/2348","targetHints":{"allow":["GET"]}}],"collection":[{"href":"https:\/\/ostrowskatv.pl\/index.php?rest_route=\/wp\/v2\/posts"}],"about":[{"href":"https:\/\/ostrowskatv.pl\/index.php?rest_route=\/wp\/v2\/types\/post"}],"author":[{"embeddable":true,"href":"https:\/\/ostrowskatv.pl\/index.php?rest_route=\/wp\/v2\/users\/1"}],"replies":[{"embeddable":true,"href":"https:\/\/ostrowskatv.pl\/index.php?rest_route=%2Fwp%2Fv2%2Fcomments&post=2348"}],"version-history":[{"count":0,"href":"https:\/\/ostrowskatv.pl\/index.php?rest_route=\/wp\/v2\/posts\/2348\/revisions"}],"wp:featuredmedia":[{"embeddable":true,"href":"https:\/\/ostrowskatv.pl\/index.php?rest_route=\/wp\/v2\/media\/2349"}],"wp:attachment":[{"href":"https:\/\/ostrowskatv.pl\/index.php?rest_route=%2Fwp%2Fv2%2Fmedia&parent=2348"}],"wp:term":[{"taxonomy":"category","embeddable":true,"href":"https:\/\/ostrowskatv.pl\/index.php?rest_route=%2Fwp%2Fv2%2Fcategories&post=2348"},{"taxonomy":"post_tag","embeddable":true,"href":"https:\/\/ostrowskatv.pl\/index.php?rest_route=%2Fwp%2Fv2%2Ftags&post=2348"}],"curies":[{"name":"wp","href":"https:\/\/api.w.org\/{rel}","templated":true}]}}