{"id":23479,"date":"2023-03-01T15:41:15","date_gmt":"2023-03-01T14:41:15","guid":{"rendered":"https:\/\/ostrowskatv.pl\/?p=23479"},"modified":"2023-03-01T15:41:15","modified_gmt":"2023-03-01T14:41:15","slug":"zawodowy-kierowca-nie-byl-zbyt-ostrozny","status":"publish","type":"post","link":"https:\/\/ostrowskatv.pl\/?p=23479","title":{"rendered":"Zawodowy kierowca nie by\u0142 zbyt ostro\u017cny"},"content":{"rendered":"<p><strong>Zawodowy kierowca w wieku oko\u0142o 30 lat nie jecha\u0142 zbyt ostro\u017cnie za\u0142adowanym samochodem ci\u0119\u017carowym i doprowadzi\u0142 do kolizji z hond\u0105. <\/strong><\/p>\n<p>W miejscowo\u015bci Szczury na wysoko\u015bci ko\u015bcio\u0142a dosz\u0142o do zderzenia samochodu ci\u0119\u017carowego z osobowym.<\/p>\n<p>Kierowca samochodu ci\u0119\u017carowego jecha\u0142 z wojew\u00f3dztwa kujawsko-pomorskiego w kierunku na Ostr\u00f3w. Naczepa by\u0142a za\u0142adowana 24-tonami wody, co wp\u0142ywa\u0142o na d\u0142ugo\u015b\u0107 drogi hamowania.<\/p>\n<p>Na przej\u015bcie dla pieszych wchodzi\u0142a osoba. Kierowca Hondy zatrzyma\u0142 si\u0119. Niestety zawodowy kierowca za p\u00f3\u017ano zorientowa\u0142 si\u0119 w sytuacji i zatrzyma\u0142 si\u0119 dopiero na hondzie.<\/p>\n<p>Do kolizji wezwano drog\u00f3wk\u0119 i 1 zast\u0119p stra\u017cy po\u017carnej do posprz\u0105tania szk\u0142a i plastik\u00f3w.<\/p>\n<p><img loading=\"lazy\" decoding=\"async\" src=\"https:\/\/ostrowskatv.pl\/wp-content\/uploads\/2023\/03\/20230301_122157-01.jpeg\" alt=\"\" width=\"1366\" height=\"810\" class=\"alignnone size-full wp-image-23480\" srcset=\"https:\/\/ostrowskatv.pl\/wp-content\/uploads\/2023\/03\/20230301_122157-01.jpeg 1366w, https:\/\/ostrowskatv.pl\/wp-content\/uploads\/2023\/03\/20230301_122157-01-300x178.jpeg 300w, https:\/\/ostrowskatv.pl\/wp-content\/uploads\/2023\/03\/20230301_122157-01-1333x790.jpeg 1333w\" sizes=\"auto, (max-width: 1366px) 100vw, 1366px\" \/><\/p>\n<p><img loading=\"lazy\" decoding=\"async\" src=\"https:\/\/ostrowskatv.pl\/wp-content\/uploads\/2023\/03\/20230301_121933-01.jpeg\" alt=\"\" width=\"1366\" height=\"1025\" class=\"alignnone size-full wp-image-23481\" srcset=\"https:\/\/ostrowskatv.pl\/wp-content\/uploads\/2023\/03\/20230301_121933-01.jpeg 1366w, https:\/\/ostrowskatv.pl\/wp-content\/uploads\/2023\/03\/20230301_121933-01-300x225.jpeg 300w, https:\/\/ostrowskatv.pl\/wp-content\/uploads\/2023\/03\/20230301_121933-01-1333x1000.jpeg 1333w\" sizes=\"auto, (max-width: 1366px) 100vw, 1366px\" \/><\/p>\n<p><img loading=\"lazy\" decoding=\"async\" src=\"https:\/\/ostrowskatv.pl\/wp-content\/uploads\/2023\/03\/20230301_121921-01.jpeg\" alt=\"\" width=\"977\" height=\"1366\" class=\"alignnone size-full wp-image-23482\" srcset=\"https:\/\/ostrowskatv.pl\/wp-content\/uploads\/2023\/03\/20230301_121921-01.jpeg 977w, https:\/\/ostrowskatv.pl\/wp-content\/uploads\/2023\/03\/20230301_121921-01-215x300.jpeg 215w, https:\/\/ostrowskatv.pl\/wp-content\/uploads\/2023\/03\/20230301_121921-01-953x1333.jpeg 953w\" sizes=\"auto, (max-width: 977px) 100vw, 977px\" \/><\/p>\n<p><img loading=\"lazy\" decoding=\"async\" src=\"https:\/\/ostrowskatv.pl\/wp-content\/uploads\/2023\/03\/20230301_121559-01.jpeg\" alt=\"\" width=\"1366\" height=\"924\" class=\"alignnone size-full wp-image-23483\" srcset=\"https:\/\/ostrowskatv.pl\/wp-content\/uploads\/2023\/03\/20230301_121559-01.jpeg 1366w, https:\/\/ostrowskatv.pl\/wp-content\/uploads\/2023\/03\/20230301_121559-01-300x203.jpeg 300w, https:\/\/ostrowskatv.pl\/wp-content\/uploads\/2023\/03\/20230301_121559-01-1333x902.jpeg 1333w\" sizes=\"auto, (max-width: 1366px) 100vw, 1366px\" \/><\/p>\n","protected":false},"excerpt":{"rendered":"Zawodowy kierowca w wieku oko\u0142o 30 lat nie jecha\u0142 zbyt ostro\u017cnie za\u0142adowanym samochodem ci\u0119\u017carowym i doprowadzi\u0142 do kolizji z hond\u0105. W miejscowo\u015bci Szczury \n<a class=\"moretag\" href=\"https:\/\/ostrowskatv.pl\/?p=23479\"> [...]<\/a>","protected":false},"author":1,"featured_media":23483,"comment_status":"open","ping_status":"closed","sticky":false,"template":"","format":"standard","meta":{"footnotes":""},"categories":[1],"tags":[],"class_list":["post-23479","post","type-post","status-publish","format-standard","has-post-thumbnail","hentry","category-news"],"_links":{"self":[{"href":"https:\/\/ostrowskatv.pl\/index.php?rest_route=\/wp\/v2\/posts\/23479","targetHints":{"allow":["GET"]}}],"collection":[{"href":"https:\/\/ostrowskatv.pl\/index.php?rest_route=\/wp\/v2\/posts"}],"about":[{"href":"https:\/\/ostrowskatv.pl\/index.php?rest_route=\/wp\/v2\/types\/post"}],"author":[{"embeddable":true,"href":"https:\/\/ostrowskatv.pl\/index.php?rest_route=\/wp\/v2\/users\/1"}],"replies":[{"embeddable":true,"href":"https:\/\/ostrowskatv.pl\/index.php?rest_route=%2Fwp%2Fv2%2Fcomments&post=23479"}],"version-history":[{"count":0,"href":"https:\/\/ostrowskatv.pl\/index.php?rest_route=\/wp\/v2\/posts\/23479\/revisions"}],"wp:featuredmedia":[{"embeddable":true,"href":"https:\/\/ostrowskatv.pl\/index.php?rest_route=\/wp\/v2\/media\/23483"}],"wp:attachment":[{"href":"https:\/\/ostrowskatv.pl\/index.php?rest_route=%2Fwp%2Fv2%2Fmedia&parent=23479"}],"wp:term":[{"taxonomy":"category","embeddable":true,"href":"https:\/\/ostrowskatv.pl\/index.php?rest_route=%2Fwp%2Fv2%2Fcategories&post=23479"},{"taxonomy":"post_tag","embeddable":true,"href":"https:\/\/ostrowskatv.pl\/index.php?rest_route=%2Fwp%2Fv2%2Ftags&post=23479"}],"curies":[{"name":"wp","href":"https:\/\/api.w.org\/{rel}","templated":true}]}}