{"id":23456,"date":"2023-02-28T07:09:48","date_gmt":"2023-02-28T06:09:48","guid":{"rendered":"https:\/\/ostrowskatv.pl\/?p=23456"},"modified":"2023-02-28T07:09:48","modified_gmt":"2023-02-28T06:09:48","slug":"zderzenie-bmw-i-peugeot-na-limanowskiego","status":"publish","type":"post","link":"https:\/\/ostrowskatv.pl\/?p=23456","title":{"rendered":"Zderzenie BMW i peugeot na Limanowskiego"},"content":{"rendered":"<p><strong>Po godzinie 6.30 dosz\u0142o do zderzenia dw\u00f3ch aut osobowych na skrzy\u017cowaniu ulic Limanowskiego i \u017beromskiego w Ostrowie Wielkopolskim. <\/strong><\/p>\n<p>W obu autach kierowcami by\u0142y kobiety w wieku oko\u0142o 40-45 lat. Ze wst\u0119pnych ustale\u0144 wynika, \u017ce kieruj\u0105c\u0105 peugeotem jecha\u0142a ulic\u0105 Szczeci\u0144sk\u0105 i nie ust\u0105pi\u0142a pierwsze\u0144stwa BMW jad\u0105cemu ulic\u0105 Limanowskiego od strony Piask\u00f3w. Sprawczyni wchodzi\u0142a do radiowozu kulej\u0105c. <\/p>\n<p><img loading=\"lazy\" decoding=\"async\" src=\"https:\/\/ostrowskatv.pl\/wp-content\/uploads\/2023\/02\/20230228_070058-01.jpeg\" alt=\"\" width=\"1366\" height=\"736\" class=\"alignnone size-full wp-image-23457\" srcset=\"https:\/\/ostrowskatv.pl\/wp-content\/uploads\/2023\/02\/20230228_070058-01.jpeg 1366w, https:\/\/ostrowskatv.pl\/wp-content\/uploads\/2023\/02\/20230228_070058-01-300x162.jpeg 300w, https:\/\/ostrowskatv.pl\/wp-content\/uploads\/2023\/02\/20230228_070058-01-1333x718.jpeg 1333w\" sizes=\"auto, (max-width: 1366px) 100vw, 1366px\" \/><\/p>\n<p><img loading=\"lazy\" decoding=\"async\" src=\"https:\/\/ostrowskatv.pl\/wp-content\/uploads\/2023\/02\/20230228_065140-01.jpeg\" alt=\"\" width=\"1365\" height=\"884\" class=\"alignnone size-full wp-image-23458\" srcset=\"https:\/\/ostrowskatv.pl\/wp-content\/uploads\/2023\/02\/20230228_065140-01.jpeg 1365w, https:\/\/ostrowskatv.pl\/wp-content\/uploads\/2023\/02\/20230228_065140-01-300x194.jpeg 300w, https:\/\/ostrowskatv.pl\/wp-content\/uploads\/2023\/02\/20230228_065140-01-1333x863.jpeg 1333w\" sizes=\"auto, (max-width: 1365px) 100vw, 1365px\" \/><\/p>\n<p><img loading=\"lazy\" decoding=\"async\" src=\"https:\/\/ostrowskatv.pl\/wp-content\/uploads\/2023\/02\/20230228_065021-01.jpeg\" alt=\"\" width=\"1366\" height=\"1102\" class=\"alignnone size-full wp-image-23459\" srcset=\"https:\/\/ostrowskatv.pl\/wp-content\/uploads\/2023\/02\/20230228_065021-01.jpeg 1366w, https:\/\/ostrowskatv.pl\/wp-content\/uploads\/2023\/02\/20230228_065021-01-300x242.jpeg 300w, https:\/\/ostrowskatv.pl\/wp-content\/uploads\/2023\/02\/20230228_065021-01-1333x1075.jpeg 1333w\" sizes=\"auto, (max-width: 1366px) 100vw, 1366px\" \/><\/p>\n<p><img loading=\"lazy\" decoding=\"async\" src=\"https:\/\/ostrowskatv.pl\/wp-content\/uploads\/2023\/02\/20230228_065012-01.jpeg\" alt=\"\" width=\"1366\" height=\"1025\" class=\"alignnone size-full wp-image-23460\" srcset=\"https:\/\/ostrowskatv.pl\/wp-content\/uploads\/2023\/02\/20230228_065012-01.jpeg 1366w, https:\/\/ostrowskatv.pl\/wp-content\/uploads\/2023\/02\/20230228_065012-01-300x225.jpeg 300w, https:\/\/ostrowskatv.pl\/wp-content\/uploads\/2023\/02\/20230228_065012-01-1333x1000.jpeg 1333w\" sizes=\"auto, (max-width: 1366px) 100vw, 1366px\" \/><\/p>\n<p><img loading=\"lazy\" decoding=\"async\" src=\"https:\/\/ostrowskatv.pl\/wp-content\/uploads\/2023\/02\/20230228_065007-01.jpeg\" alt=\"\" width=\"1366\" height=\"1025\" class=\"alignnone size-full wp-image-23461\" srcset=\"https:\/\/ostrowskatv.pl\/wp-content\/uploads\/2023\/02\/20230228_065007-01.jpeg 1366w, https:\/\/ostrowskatv.pl\/wp-content\/uploads\/2023\/02\/20230228_065007-01-300x225.jpeg 300w, https:\/\/ostrowskatv.pl\/wp-content\/uploads\/2023\/02\/20230228_065007-01-1333x1000.jpeg 1333w\" sizes=\"auto, (max-width: 1366px) 100vw, 1366px\" \/><\/p>\n<p><img loading=\"lazy\" decoding=\"async\" src=\"https:\/\/ostrowskatv.pl\/wp-content\/uploads\/2023\/02\/20230228_064904-01.jpeg\" alt=\"\" width=\"1366\" height=\"1025\" class=\"alignnone size-full wp-image-23462\" srcset=\"https:\/\/ostrowskatv.pl\/wp-content\/uploads\/2023\/02\/20230228_064904-01.jpeg 1366w, https:\/\/ostrowskatv.pl\/wp-content\/uploads\/2023\/02\/20230228_064904-01-300x225.jpeg 300w, https:\/\/ostrowskatv.pl\/wp-content\/uploads\/2023\/02\/20230228_064904-01-1333x1000.jpeg 1333w\" sizes=\"auto, (max-width: 1366px) 100vw, 1366px\" \/><\/p>\n<p><img loading=\"lazy\" decoding=\"async\" src=\"https:\/\/ostrowskatv.pl\/wp-content\/uploads\/2023\/02\/20230228_064856-01.jpeg\" alt=\"\" width=\"1366\" height=\"1025\" class=\"alignnone size-full wp-image-23463\" srcset=\"https:\/\/ostrowskatv.pl\/wp-content\/uploads\/2023\/02\/20230228_064856-01.jpeg 1366w, https:\/\/ostrowskatv.pl\/wp-content\/uploads\/2023\/02\/20230228_064856-01-300x225.jpeg 300w, https:\/\/ostrowskatv.pl\/wp-content\/uploads\/2023\/02\/20230228_064856-01-1333x1000.jpeg 1333w\" sizes=\"auto, (max-width: 1366px) 100vw, 1366px\" \/><\/p>\n<p><img loading=\"lazy\" decoding=\"async\" src=\"https:\/\/ostrowskatv.pl\/wp-content\/uploads\/2023\/02\/20230228_064844-01.jpeg\" alt=\"\" width=\"1366\" height=\"1025\" class=\"alignnone size-full wp-image-23464\" srcset=\"https:\/\/ostrowskatv.pl\/wp-content\/uploads\/2023\/02\/20230228_064844-01.jpeg 1366w, https:\/\/ostrowskatv.pl\/wp-content\/uploads\/2023\/02\/20230228_064844-01-300x225.jpeg 300w, https:\/\/ostrowskatv.pl\/wp-content\/uploads\/2023\/02\/20230228_064844-01-1333x1000.jpeg 1333w\" sizes=\"auto, (max-width: 1366px) 100vw, 1366px\" \/><\/p>\n<p><img loading=\"lazy\" decoding=\"async\" src=\"https:\/\/ostrowskatv.pl\/wp-content\/uploads\/2023\/02\/20230228_064837-01.jpeg\" alt=\"\" width=\"1366\" height=\"1013\" class=\"alignnone size-full wp-image-23465\" srcset=\"https:\/\/ostrowskatv.pl\/wp-content\/uploads\/2023\/02\/20230228_064837-01.jpeg 1366w, https:\/\/ostrowskatv.pl\/wp-content\/uploads\/2023\/02\/20230228_064837-01-300x222.jpeg 300w, https:\/\/ostrowskatv.pl\/wp-content\/uploads\/2023\/02\/20230228_064837-01-1333x989.jpeg 1333w\" sizes=\"auto, (max-width: 1366px) 100vw, 1366px\" \/><\/p>\n","protected":false},"excerpt":{"rendered":"Po godzinie 6.30 dosz\u0142o do zderzenia dw\u00f3ch aut osobowych na skrzy\u017cowaniu ulic Limanowskiego i \u017beromskiego w Ostrowie Wielkopolskim. W obu autach kierowcami by\u0142y \n<a class=\"moretag\" href=\"https:\/\/ostrowskatv.pl\/?p=23456\"> [...]<\/a>","protected":false},"author":1,"featured_media":23464,"comment_status":"open","ping_status":"closed","sticky":false,"template":"","format":"standard","meta":{"footnotes":""},"categories":[1],"tags":[],"class_list":["post-23456","post","type-post","status-publish","format-standard","has-post-thumbnail","hentry","category-news"],"_links":{"self":[{"href":"https:\/\/ostrowskatv.pl\/index.php?rest_route=\/wp\/v2\/posts\/23456","targetHints":{"allow":["GET"]}}],"collection":[{"href":"https:\/\/ostrowskatv.pl\/index.php?rest_route=\/wp\/v2\/posts"}],"about":[{"href":"https:\/\/ostrowskatv.pl\/index.php?rest_route=\/wp\/v2\/types\/post"}],"author":[{"embeddable":true,"href":"https:\/\/ostrowskatv.pl\/index.php?rest_route=\/wp\/v2\/users\/1"}],"replies":[{"embeddable":true,"href":"https:\/\/ostrowskatv.pl\/index.php?rest_route=%2Fwp%2Fv2%2Fcomments&post=23456"}],"version-history":[{"count":0,"href":"https:\/\/ostrowskatv.pl\/index.php?rest_route=\/wp\/v2\/posts\/23456\/revisions"}],"wp:featuredmedia":[{"embeddable":true,"href":"https:\/\/ostrowskatv.pl\/index.php?rest_route=\/wp\/v2\/media\/23464"}],"wp:attachment":[{"href":"https:\/\/ostrowskatv.pl\/index.php?rest_route=%2Fwp%2Fv2%2Fmedia&parent=23456"}],"wp:term":[{"taxonomy":"category","embeddable":true,"href":"https:\/\/ostrowskatv.pl\/index.php?rest_route=%2Fwp%2Fv2%2Fcategories&post=23456"},{"taxonomy":"post_tag","embeddable":true,"href":"https:\/\/ostrowskatv.pl\/index.php?rest_route=%2Fwp%2Fv2%2Ftags&post=23456"}],"curies":[{"name":"wp","href":"https:\/\/api.w.org\/{rel}","templated":true}]}}